{"id":5034,"date":"2010-03-20T00:28:35","date_gmt":"2010-03-19T22:28:35","guid":{"rendered":"http:\/\/www.floracantabrica.com\/?p=5034"},"modified":"2010-03-20T00:29:21","modified_gmt":"2010-03-19T22:29:21","slug":"etnosociologia-asturiana","status":"publish","type":"post","link":"http:\/\/www.floracantabrica.com\/?p=5034","title":{"rendered":"ETNOSOCIOLOGIA ASTURIANA"},"content":{"rendered":"<p><a href=\"http:\/\/twitter.com\/share?url=http%3A%2F%2Fwww.floracantabrica.com%2F%3Fp%3D5034&amp;count=none&amp;lang=es&amp;via=lorencincoreses&amp;related=Mujerverdosa&amp;text=ETNOSOCIOLOGIA ASTURIANA - Flora Cant\u00e1brica\" class=\"twitter-share-button\">Tweet<\/a><\/p><p>\u00a0<\/p>\n<p>&#8230;&#8230;&#8230;<\/p>\n<p>ETNOSOCIOLOGIA ASTURIANA<\/p>\n<p>\u00a0\u00a0 Margarita Fernandez<\/p>\n<p>\u00a0<\/p>\n<p>Podemos llamar tambi\u00e9n a este tipo de reflexiones Etnopaisaje sociol\u00f3gico.<\/p>\n<p>\u00a0Lo de asturiano es irrelevante porque\u00a0 Asturias es lo que es , ni un punto m\u00e1s , ni un punto menos.<\/p>\n<p>La reflexi\u00f3n viene bien porque seg\u00fan las ultimas encuestas los pol\u00edticos ocupan el tercer \u00f3 cuarto lugar en cuanto a los problemas de la sociedad espa\u00f1ola.<\/p>\n<p>Yo los defiendo\u2026.en mi concepci\u00f3n de etnopaisaje sociol\u00f3gico son los pol\u00edticos los \u00e1rboles que nos dan refugio\u2026..<\/p>\n<p>Porque por ejemplo\u00bf que dir\u00edamos de algunos rectores de Universidad que cuando se presentan a obtener el sello de campus de excelencia hacen que su universidad pase de universidad nacional a universidad regional?,<\/p>\n<p>O de algunos alcaldes que viven fuera de la ciudad que representan\u2026 y presentan su candidatura para capital cultural europea\u2026porque \u00a1!!!ojo!!!! ser alcalde no es lo mismo que ser pol\u00edtico\u2026ser alcalde\u2026presuntamente (lo de presunto hay que tenerlo siempre por delante)\u00a0 es trapichear con favores\u00a0 ) no importan las siglas en las que milites , ni la ideolog\u00eda personal, que no siempre van en pareja\u2026. A veces militas en una cosa y la ideologia personal va en otra\u2026\u2026\u2026\u2026\u2026\u2026\u2026\u2026..!!!!!!!!!!!!!!!!!!!!!<\/p>\n<p>Resumiendo NO APOYO LA CANDIDATURA DE OVIEDO PARA CAPITAL EUROPEA DE LA CULTURA.<\/p>\n<p>\u00a0<\/p>\n<p>\u00a0<\/p>\n<p>\u00a0<\/p>\n<p>SI\u00a0\u00a0 APOYO A LOS POLITICOS DE VERDAD , LOS DE CONVICCION.<\/p>\n<p>NO APOYO A ESA GENERACION\u00a0 DEL TARDO \u2013FRANQUISMO\u2026 QUE NO SABEN DONDE ESTAN\u00a0\u00a0\u00a0 \u00d3 SI LO SABEN PERO NO LO QUIEREN RECONOCER QUE ES PEOR TODAVIA<\/p>\n<p>\u00a0<\/p>\n<p>\u00a0<\/p>\n<p>SI A LOS POLITICOS<\/p>\n<p>SI A LA DEMOCRACIA<\/p>\n<p>SI AL SISTEMA QUE TENEMOS.<\/p>\n<p>NO, UN NO\u00a0\u00a0 MUY GRANDE INFINITAMENTE GRANDE A AQUELLAS TODAS PERSONAS\u00a0\u00a0 QUE CONSIDERANDOSE INTELECTUALMENTE SUPERIORES\u2026.. NOS ADOCTRINAN Y DICEN:<\/p>\n<p>\u00a0<\/p>\n<p>\u00a0<\/p>\n<p>\u201cDE ESTA ENTREVISTA(LA QUE SEA) SOLO NOS DEBEMOS QUEDAR CON ESTA FRASE\u2026(LA QUE ELLOS DECIDAN)\u201d<\/p>\n<p>De momento y si la dictatura no regresa a Espa\u00f1a , que todo puede ser, yo de una entrevista me quedo con lo que quiero, me parece mejor, \u00f3 mi criterio as\u00ed\u00a0 me lo hace concluir.<\/p>\n<p>\u2026\u2026\u2026<\/p>\n<p>SI A LOS POLITICOS<\/p>\n<p>NO\u00a0 A OVIEDO COMO CAPITAL EUROPEA DE LA CULTURA\u2026<\/p>\n","protected":false},"excerpt":{"rendered":"<p>Tweet\u00a0 &#8230;&#8230;&#8230; ETNOSOCIOLOGIA ASTURIANA \u00a0\u00a0 Margarita Fernandez \u00a0 Podemos llamar tambi\u00e9n a este tipo de reflexiones Etnopaisaje sociol\u00f3gico. \u00a0Lo de asturiano es irrelevante porque\u00a0 Asturias es lo que es , ni un punto m\u00e1s , ni un punto menos. La reflexi\u00f3n viene bien porque seg\u00fan las ultimas encuestas los pol\u00edticos ocupan el tercer \u00f3 cuarto [&hellip;]<\/p>\n","protected":false},"author":1,"featured_media":0,"comment_status":"open","ping_status":"open","sticky":false,"template":"","format":"standard","meta":{"footnotes":""},"categories":[4],"tags":[],"class_list":["post-5034","post","type-post","status-publish","format-standard","hentry","category-divulgacion"],"_links":{"self":[{"href":"http:\/\/www.floracantabrica.com\/index.php?rest_route=\/wp\/v2\/posts\/5034","targetHints":{"allow":["GET"]}}],"collection":[{"href":"http:\/\/www.floracantabrica.com\/index.php?rest_route=\/wp\/v2\/posts"}],"about":[{"href":"http:\/\/www.floracantabrica.com\/index.php?rest_route=\/wp\/v2\/types\/post"}],"author":[{"embeddable":true,"href":"http:\/\/www.floracantabrica.com\/index.php?rest_route=\/wp\/v2\/users\/1"}],"replies":[{"embeddable":true,"href":"http:\/\/www.floracantabrica.com\/index.php?rest_route=%2Fwp%2Fv2%2Fcomments&post=5034"}],"version-history":[{"count":2,"href":"http:\/\/www.floracantabrica.com\/index.php?rest_route=\/wp\/v2\/posts\/5034\/revisions"}],"predecessor-version":[{"id":5036,"href":"http:\/\/www.floracantabrica.com\/index.php?rest_route=\/wp\/v2\/posts\/5034\/revisions\/5036"}],"wp:attachment":[{"href":"http:\/\/www.floracantabrica.com\/index.php?rest_route=%2Fwp%2Fv2%2Fmedia&parent=5034"}],"wp:term":[{"taxonomy":"category","embeddable":true,"href":"http:\/\/www.floracantabrica.com\/index.php?rest_route=%2Fwp%2Fv2%2Fcategories&post=5034"},{"taxonomy":"post_tag","embeddable":true,"href":"http:\/\/www.floracantabrica.com\/index.php?rest_route=%2Fwp%2Fv2%2Ftags&post=5034"}],"curies":[{"name":"wp","href":"https:\/\/api.w.org\/{rel}","templated":true}]}}