{"id":49921,"date":"2021-11-12T11:45:04","date_gmt":"2021-11-12T09:45:04","guid":{"rendered":"http:\/\/www.floracantabrica.com\/?p=49921"},"modified":"2024-12-18T11:33:38","modified_gmt":"2024-12-18T09:33:38","slug":"ana-catalina-emmerick-espanol-12-11-21","status":"publish","type":"post","link":"http:\/\/www.floracantabrica.com\/?p=49921","title":{"rendered":"Ana Catalina Emmerick.Espa\u00f1ol 12 11 21"},"content":{"rendered":"<p><a href=\"http:\/\/twitter.com\/share?url=http%3A%2F%2Fwww.floracantabrica.com%2F%3Fp%3D49921&amp;count=none&amp;lang=es&amp;via=lorencincoreses&amp;related=Mujerverdosa&amp;text=Ana Catalina Emmerick.Espa\u00f1ol 12 11 21 - Flora Cant\u00e1brica\" class=\"twitter-share-button\">Tweet<\/a><\/p><p><span style=\"font-size: 24pt;\"><strong>Ana Catalina Emmerick<\/strong><\/span><\/p>\n<p>&nbsp;<\/p>\n<p><span style=\"font-size: 14pt;\">La <a href=\"https:\/\/es.wikipedia.org\/wiki\/Beata\">beata<\/a> <strong>Ana Catalina Emmerick<\/strong> (<a href=\"https:\/\/es.wikipedia.org\/wiki\/Coesfeld\">Coesfeld<\/a>, <a href=\"https:\/\/es.wikipedia.org\/wiki\/8_de_septiembre\">8 de septiembre<\/a> de <a href=\"https:\/\/es.wikipedia.org\/wiki\/1774\">1774<\/a> &#8211; <a href=\"https:\/\/es.wikipedia.org\/wiki\/D%C3%BClmen\">D\u00fclmen<\/a>, <a href=\"https:\/\/es.wikipedia.org\/wiki\/9_de_febrero\">9 de febrero<\/a> de <a href=\"https:\/\/es.wikipedia.org\/wiki\/1824\">1824<\/a>) fue una <a href=\"https:\/\/es.wikipedia.org\/wiki\/Monja\">monja<\/a> <a href=\"https:\/\/es.wikipedia.org\/wiki\/Canonesas_Regulares_de_San_Agust%C3%ADn\">canonesa agustina<\/a>, m\u00edstica y escritora <a href=\"https:\/\/es.wikipedia.org\/wiki\/Alemania\">alemana<\/a>. Naci\u00f3 en Flamske, una comunidad agraria, actualmente en la di\u00f3cesis de <a href=\"https:\/\/es.wikipedia.org\/wiki\/M%C3%BCnster\">M\u00fcnster<\/a>, en <a href=\"https:\/\/es.wikipedia.org\/wiki\/Westfalia\">Westfalia<\/a>, y muri\u00f3 en D\u00fclmen a los 49 a\u00f1os. Fue beatificada por el papa <a href=\"https:\/\/es.wikipedia.org\/wiki\/Juan_Pablo_II\">Juan Pablo II<\/a> el <a href=\"https:\/\/es.wikipedia.org\/wiki\/3_de_octubre\">3 de octubre<\/a> de <a href=\"https:\/\/es.wikipedia.org\/wiki\/2004\">2004<\/a>. Emmerick es el apellido consignado en Alemania, procede de una localidad alemana donde vivi\u00f3 su familia.<\/span><\/p>\n<p>&nbsp;<\/p>\n<p><span style=\"font-size: 14pt;\">Desde peque\u00f1a dec\u00eda tener visiones en las que se le aparec\u00eda principalmente <a href=\"https:\/\/es.wikipedia.org\/wiki\/Jesucristo\">Jesucristo<\/a> cedi\u00e9ndole su cruz. Ingres\u00f3 en un convento de agustinas. Cuando ten\u00eda 24 a\u00f1os le empezaron a aparecer heridas sangrantes, <a href=\"https:\/\/es.wikipedia.org\/wiki\/Estigma_(milagro)\">estigmas<\/a> que se hac\u00edan visibles peri\u00f3dicamente en <a href=\"https:\/\/es.wikipedia.org\/wiki\/Navidad\">Navidad<\/a> y A\u00f1o Nuevo; la primera de ellas, el <a href=\"https:\/\/es.wikipedia.org\/wiki\/29_de_diciembre\">29 de diciembre<\/a> de <a href=\"https:\/\/es.wikipedia.org\/wiki\/1812\">1812<\/a>. Durante sus \u00faltimos a\u00f1os de vida se aliment\u00f3 solamente con la Eucarist\u00eda.<sup><a href=\"https:\/\/es.wikipedia.org\/wiki\/Ana_Catalina_Emmerick#cite_note-1\">[1]<\/a><\/sup>\u200b<\/span><\/p>\n<p>&nbsp;<\/p>\n<p><span style=\"font-size: 14pt;\">Sus visiones fueron descritas por <a href=\"https:\/\/es.wikipedia.org\/wiki\/Clemens_Brentano\">Clemens Brentano<\/a>, poeta y novelista del <a href=\"https:\/\/es.wikipedia.org\/wiki\/Romanticismo\">Romanticismo<\/a> alem\u00e1n.<\/span><\/p>\n<p>&nbsp;<\/p>\n<h2><span style=\"font-size: 24pt;\">Vida religiosa<\/span><\/h2>\n<p>&nbsp;<\/p>\n<p><span style=\"font-size: 14pt;\">En <a href=\"https:\/\/es.wikipedia.org\/wiki\/1802\">1802<\/a>, a los 28 a\u00f1os de edad, entr\u00f3 en el convento agustino de <a href=\"https:\/\/es.wikipedia.org\/w\/index.php?title=Agnetemberg&amp;action=edit&amp;redlink=1\">Agnetemberg<\/a>, <a href=\"https:\/\/es.wikipedia.org\/wiki\/D%C3%BClmen\">D\u00fclmen<\/a>. Sus hermanas de <a href=\"https:\/\/es.wikipedia.org\/wiki\/Claustro\">claustro<\/a> cre\u00edan que hab\u00eda recibido facultades sobrenaturales debido a sus continuos <a href=\"https:\/\/es.wikipedia.org\/wiki\/Iluminaci%C3%B3n_(creencia)\">\u00e9xtasis<\/a>. Cuando <a href=\"https:\/\/es.wikipedia.org\/wiki\/Jer%C3%B3nimo_Bonaparte\">Jer\u00f3nimo Bonaparte<\/a>, rey de <a href=\"https:\/\/es.wikipedia.org\/wiki\/Westfalia\">Westfalia<\/a>, cerr\u00f3 el convento en <a href=\"https:\/\/es.wikipedia.org\/wiki\/1812\">1812<\/a>, ella fue la \u00faltima en abandonarlo; se le otorg\u00f3 refugio en casa de una viuda, hermana del sacerdote dominico <a href=\"https:\/\/es.wikipedia.org\/w\/index.php?title=Joseph_Aloys_Limberg&amp;action=edit&amp;redlink=1\">Joseph Aloys Limberg<\/a>, su confesor. All\u00ed llegaban enfermos y pobres en busca de ayuda, y seg\u00fan sus contempor\u00e1neos, ella sab\u00eda cu\u00e1les eran sus enfermedades y daba alivio a los necesitados.<sup><a href=\"https:\/\/es.wikipedia.org\/wiki\/Ana_Catalina_Emmerick#cite_note-2\">[2]<\/a><\/sup>\u200b<\/span><\/p>\n<h2><span style=\"font-size: 24pt;\">Estigmas<\/span><\/h2>\n<p><span style=\"font-size: 14pt;\">En <a href=\"https:\/\/es.wikipedia.org\/wiki\/1813\">1813<\/a> estando ella enferma en cama, aparecieron los estigmas en su cuerpo. Una comisi\u00f3n episcopal fue la encargada de investigar su vida y examinar sus signos milagrosos. El Vicario general <a href=\"https:\/\/es.wikipedia.org\/w\/index.php?title=Orvergerg&amp;action=edit&amp;redlink=1\">Orvergerg<\/a> y tres m\u00e9dicos, uno de ellos <a href=\"https:\/\/es.wikipedia.org\/wiki\/Protestante\">protestante<\/a>, se encargaron de la investigaci\u00f3n. El procedimiento dur\u00f3 m\u00e1s de tres meses. Al parecer ellos se convencieron de su <a href=\"https:\/\/es.wikipedia.org\/wiki\/Santidad\">santidad<\/a> y la autenticidad de sus estigmas.<\/span><\/p>\n<p>&nbsp;<\/p>\n<p><span style=\"font-size: 14pt;\">A finales de 1818 Ana Catalina revela que <a href=\"https:\/\/es.wikipedia.org\/wiki\/Dios\">Dios<\/a> le concede a trav\u00e9s de la <a href=\"https:\/\/es.wikipedia.org\/wiki\/Oraci%C3%B3n_(religi%C3%B3n)\">oraci\u00f3n<\/a> el alivio de sus estigmas; y las heridas de sus manos y sus pies se cierran, pero los dem\u00e1s se mantienen, y el <a href=\"https:\/\/es.wikipedia.org\/wiki\/Viernes_Santo\">Viernes Santo<\/a> todos se vuelven a abrir.<\/span><\/p>\n<p>&nbsp;<\/p>\n<p><span style=\"font-size: 14pt;\">En 1819 Emmerick vuelve a ser investigada. Fue trasladada a la fuerza a un cuarto grande en otra casa y se mantiene bajo vigilancia estricta durante el d\u00eda y la noche en un lapso de tres semanas, lejos de todos sus amigos excepto su confesor.<sup><a href=\"https:\/\/es.wikipedia.org\/wiki\/Ana_Catalina_Emmerick#cite_note-3\">[3]<\/a><\/sup>\u200b<\/span><\/p>\n<p>&nbsp;<\/p>\n<h2><span style=\"font-size: 24pt;\">Visiones[<\/span><\/h2>\n<p>&nbsp;<\/p>\n<p><span style=\"font-size: 14pt;\">Ana Catalina Emmerick relataba as\u00ed las <a href=\"https:\/\/es.wikipedia.org\/wiki\/Visiones\">visiones<\/a> de su infancia:<\/span><\/p>\n<p><span style=\"font-size: 14pt;\"><em>Cuando, hacia la edad de cinco o seis a\u00f1os, yo meditaba sobre el primer art\u00edculo del <a href=\"https:\/\/es.wikipedia.org\/wiki\/Credo_de_los_Ap%C3%B3stoles\">Credo de los Ap\u00f3stoles<\/a>, &#8216;Creo en <a href=\"https:\/\/es.wikipedia.org\/wiki\/Dios\">Dios<\/a> Padre, Dios Todopoderoso, Creador del cielo y de la tierra&#8217;, todo tipo de im\u00e1genes que se remit\u00edan a la creaci\u00f3n del cielo y de la tierra se presentaban a mi <a href=\"https:\/\/es.wikipedia.org\/wiki\/Alma\">alma<\/a>. Vi la ca\u00edda de los <a href=\"https:\/\/es.wikipedia.org\/wiki\/%C3%81ngel\">\u00e1ngeles<\/a>, la <a href=\"https:\/\/es.wikipedia.org\/w\/index.php?title=Creaci%C3%B3n_de_la_Tierra&amp;action=edit&amp;redlink=1\">Creaci\u00f3n de la Tierra<\/a> y del <a href=\"https:\/\/es.wikipedia.org\/wiki\/Para%C3%ADso\">Para\u00edso<\/a>, <a href=\"https:\/\/es.wikipedia.org\/wiki\/Ad%C3%A1n\">Ad\u00e1n<\/a> y <a href=\"https:\/\/es.wikipedia.org\/wiki\/Eva\">Eva<\/a>, y la <a href=\"https:\/\/es.wikipedia.org\/w\/index.php?title=Ca%C3%ADda_del_Hombre&amp;action=edit&amp;redlink=1\">Ca\u00edda del Hombre<\/a>. Cre\u00eda simplemente que todos ve\u00edan esto, como otras cosas que nos rodean. Yo hablaba de esto a mis padres, a mis hermanos y hermanas, a mis compa\u00f1eros de juego, contaba todo esto ingenuamente, hasta el momento en que me di cuenta de que se burlaban de m\u00ed, pregunt\u00e1ndome si ten\u00eda un libro en el cual todo eso estuviera escrito. As\u00ed comenc\u00e9 poco a poco a callar estas cosas, pensando, sin mucha reflexi\u00f3n, que era inoportuno hablar de tales temas; no obstante, no me hice ninguna inquietud particular en cuanto a eso.<\/em><\/span><\/p>\n<p>&nbsp;<\/p>\n<p><span style=\"font-size: 14pt;\">Cuando se efectu\u00f3 la segunda investigaci\u00f3n eclesi\u00e1stica en <a href=\"https:\/\/es.wikipedia.org\/wiki\/1819\">1819<\/a>, indujeron al famoso poeta <a href=\"https:\/\/es.wikipedia.org\/wiki\/Clemens_Brentano\">Clemens Brentano<\/a> y a su m\u00e9dico de cabecera Guillermo Wesener, a visitarla; para gran asombro de este, ella le dijo a Brentano que le hab\u00eda sido se\u00f1alado por inspiraci\u00f3n divina como el hombre que escribir\u00eda sus revelaciones y permitir\u00eda cumplir con la voluntad de Dios, es decir, escribir para el bien de innumerables almas las revelaciones recibidas por ella. Clemente Brentano era un escritor rom\u00e1ntico que tras su contacto directo con Ana Catalina se convirti\u00f3 al catolicismo. A Guillermo Wesener le cont\u00f3 secretos de la vida personal de \u00e9l mismo que nadie pod\u00eda conocer, por lo que qued\u00f3 convencido de la altura espiritual de Ana Catalina.<sup><a href=\"https:\/\/es.wikipedia.org\/wiki\/Ana_Catalina_Emmerick#cite_note-4\">[4]<\/a><\/sup>\u200b<\/span><\/p>\n<p>&nbsp;<\/p>\n<p><span style=\"font-size: 14pt;\">Desde 1819 hasta la muerte de Ana Catalina en 1824, Brentano registr\u00f3 sus visiones, llenando cuarenta vol\u00famenes con detalladas escenas y pasajes del <a href=\"https:\/\/es.wikipedia.org\/wiki\/Nuevo_Testamento\">Nuevo Testamento<\/a> y la vida de la <a href=\"https:\/\/es.wikipedia.org\/wiki\/Virgen_Mar%C3%ADa\">Virgen Mar\u00eda<\/a>. Los detalles fueron recogidos con gran viveza, ya que mantienen el inter\u00e9s del lector como una escena gr\u00e1fica que sigue una a la otra en r\u00e1pida sucesi\u00f3n, como si fuese visible para el ojo humano. Brentano tom\u00f3 brevemente por escrito los puntos principales y, como ella hablaba el dialecto de <a href=\"https:\/\/es.wikipedia.org\/wiki\/Westfalia\">Westfalia<\/a>, inmediatamente el poeta reescrib\u00eda en alem\u00e1n est\u00e1ndar. Luego se lo le\u00eda en voz alta y ella le hac\u00eda cambios hasta que le daba su completa aprobaci\u00f3n.<sup><a href=\"https:\/\/es.wikipedia.org\/wiki\/Ana_Catalina_Emmerick#cite_note-5\">[5]<\/a><\/sup>\u200b<\/span><\/p>\n<p>&nbsp;<\/p>\n<p><span style=\"font-size: 14pt;\">Despu\u00e9s de 1824, Brentano tuvo los escritos preparados para su publicaci\u00f3n y en <a href=\"https:\/\/es.wikipedia.org\/wiki\/1833\">1833<\/a> public\u00f3 su primer volumen, <em><a href=\"https:\/\/es.wikipedia.org\/w\/index.php?title=La_Dolorosa_Pasi%C3%B3n_de_Nuestro_Se%C3%B1or_Jesucristo&amp;action=edit&amp;redlink=1\">La Dolorosa Pasi\u00f3n de Nuestro Se\u00f1or Jesucristo<\/a><\/em>, de acuerdo a las visiones de Ana Catalina Emmerick. Brentano prepar\u00f3 entonces para su publicaci\u00f3n la <em>Vida de la Bienaventurada Virgen Mar\u00eda<\/em> de acuerdo a las visiones de Emmerick, pero \u00e9l muri\u00f3 en <a href=\"https:\/\/es.wikipedia.org\/wiki\/1842\">1842<\/a>. El libro fue publicado p\u00f3stumamente en <a href=\"https:\/\/es.wikipedia.org\/wiki\/1852\">1852<\/a> en <a href=\"https:\/\/es.wikipedia.org\/wiki\/M%C3%BAnich\">M\u00fanich<\/a>.<sup><a href=\"https:\/\/es.wikipedia.org\/wiki\/Ana_Catalina_Emmerick#cite_note-6\">[6]<\/a><\/sup>\u200b<\/span><\/p>\n<p>&nbsp;<\/p>\n<p><span style=\"font-size: 14pt;\">El <a href=\"https:\/\/es.wikipedia.org\/wiki\/Sacerdote\">sacerdote<\/a> <a href=\"https:\/\/es.wikipedia.org\/wiki\/Cat%C3%B3lico\">cat\u00f3lico<\/a> <a href=\"https:\/\/es.wikipedia.org\/w\/index.php?title=Karl_Schm%C3%B6ger&amp;action=edit&amp;redlink=1\">Karl Schm\u00f6ger<\/a> (Schmoeger) edit\u00f3 los <a href=\"https:\/\/es.wikipedia.org\/wiki\/Manuscritos\">manuscritos<\/a> de Brentano y de <a href=\"https:\/\/es.wikipedia.org\/wiki\/1858\">1858<\/a> a <a href=\"https:\/\/es.wikipedia.org\/wiki\/1880\">1880<\/a> public\u00f3 los tres vol\u00famenes de <em>La vida p\u00fablica de Nuestro Se\u00f1or<\/em> en que se describen hechos muy detallados de la vida de Jes\u00fas, ya que, lo que se lee en los <a href=\"https:\/\/es.wikipedia.org\/wiki\/Evangelios\">Evangelios<\/a> en unos minutos puede tomar unas horas en las visiones de Ana Catalina. Hechos destacados de Jes\u00fas, como caminar sobre las aguas se habr\u00edan repetido, y los mercaderes del <a href=\"https:\/\/es.wikipedia.org\/wiki\/Templo_de_Jerusal%C3%A9n\">Templo de Jerusal\u00e9n<\/a> habr\u00edan sido echados fuera varias veces. En <a href=\"https:\/\/es.wikipedia.org\/wiki\/1881\">1881<\/a> en una gran edici\u00f3n ilustrada, Schm\u00f6ger tambi\u00e9n escribi\u00f3 una biograf\u00eda de Ana Catalina en dos vol\u00famenes.<\/span><\/p>\n<p>&nbsp;<\/p>\n<p><span style=\"font-size: 14pt;\">Las visiones de Emmerick se usaron durante el descubrimiento de la casa de la Virgen Mar\u00eda en una colina cerca de la ciudad de <a href=\"https:\/\/es.wikipedia.org\/wiki\/%C3%89feso\">\u00c9feso<\/a>. Ni Emmerick ni Brentano hab\u00edan ido a \u00c9feso, y, de hecho, la ciudad a\u00fan no se hab\u00eda excavado, pero las visiones que figuran en la obra de la m\u00edstica se utilizaron durante su descubrimiento. La <a href=\"https:\/\/es.wikipedia.org\/wiki\/Santa_Sede\">Santa Sede<\/a> no ha adoptado ninguna posici\u00f3n oficial sobre la autenticidad de la ubicaci\u00f3n, pero en <a href=\"https:\/\/es.wikipedia.org\/wiki\/1896\">1896<\/a> el <a href=\"https:\/\/es.wikipedia.org\/wiki\/Papa\">papa<\/a> <a href=\"https:\/\/es.wikipedia.org\/wiki\/Le%C3%B3n_XIII\">Le\u00f3n XIII<\/a> visit\u00f3 el lugar y en <a href=\"https:\/\/es.wikipedia.org\/wiki\/1951\">1951<\/a> el papa <a href=\"https:\/\/es.wikipedia.org\/wiki\/P%C3%ADo_XII\">P\u00edo XII<\/a> declar\u00f3 la casa como lugar sagrado. El papa <a href=\"https:\/\/es.wikipedia.org\/wiki\/Juan_XXIII\">Juan XXIII<\/a> posteriormente hizo la declaraci\u00f3n permanente. <a href=\"https:\/\/es.wikipedia.org\/wiki\/Pablo_VI\">Pablo VI<\/a> en <a href=\"https:\/\/es.wikipedia.org\/wiki\/1967\">1967<\/a>, <a href=\"https:\/\/es.wikipedia.org\/wiki\/Juan_Pablo_II\">Juan Pablo II<\/a> en 1979 y <a href=\"https:\/\/es.wikipedia.org\/wiki\/Benedicto_XVI\">Benedicto XVI<\/a> en <a href=\"https:\/\/es.wikipedia.org\/wiki\/2006\">2006<\/a> visitaron la casa, considerada ya un <a href=\"https:\/\/es.wikipedia.org\/wiki\/Santuario\">santuario<\/a>.<\/span><\/p>\n<p>&nbsp;<\/p>\n<p><span style=\"font-size: 14pt;\">Tambi\u00e9n tuvo visiones de la <a href=\"https:\/\/es.wikipedia.org\/wiki\/Sant%C3%ADsima_Trinidad\">Sant\u00edsima Trinidad<\/a> en forma de tres esferas conc\u00e9ntricas integradas &#8211; la m\u00e1s grande, representada al <a href=\"https:\/\/es.wikipedia.org\/wiki\/Padre\">Padre<\/a>, la del medio al <a href=\"https:\/\/es.wikipedia.org\/wiki\/Hijo\">Hijo<\/a>, y la m\u00e1s peque\u00f1a y m\u00e1s iluminada la del <a href=\"https:\/\/es.wikipedia.org\/wiki\/Esp%C3%ADritu_Santo\">Esp\u00edritu Santo<\/a>.<\/span><\/p>\n<p>&nbsp;<\/p>\n<p><span style=\"font-size: 14pt;\">De singular importancia son las visiones que tuvo de diversos santos: <a href=\"https:\/\/es.wikipedia.org\/wiki\/San_Antonio_de_Padua\">San Antonio de Padua<\/a> (1195-1231), <a href=\"https:\/\/es.wikipedia.org\/wiki\/San_Ignacio_de_Loyola\">San Ignacio de Loyola<\/a> (1491-1556), <a href=\"https:\/\/es.wikipedia.org\/wiki\/San_Francisco_de_Borja\">San Francisco de Borja<\/a> (1510-1572), <a href=\"https:\/\/es.wikipedia.org\/wiki\/San_Carlos_Borromeo\">San Carlos Borromeo<\/a> (1538-1584), <a href=\"https:\/\/es.wikipedia.org\/wiki\/San_Luis_Gonzaga\">San Luis Gonzaga<\/a> (1568-1591), <a href=\"https:\/\/es.wikipedia.org\/wiki\/San_Estanislao_de_Kostka\">San Estanislao de Kostka<\/a> (1550-1568), <a href=\"https:\/\/es.wikipedia.org\/wiki\/San_Agust%C3%ADn\">San Agust\u00edn<\/a> (354-430), <a href=\"https:\/\/es.wikipedia.org\/wiki\/Francisco_de_As%C3%ADs\">San Francisco de As\u00eds<\/a> (1181-1226), <a href=\"https:\/\/es.wikipedia.org\/wiki\/Santo_Tom%C3%A1s_de_Aquino\">Santo Tom\u00e1s de Aquino<\/a> (1225-1274), <a href=\"https:\/\/es.wikipedia.org\/wiki\/Santa_Lutgarda\">Santa Lutgarda<\/a> (1182-1248), <a href=\"https:\/\/es.wikipedia.org\/wiki\/Santa_Rita_de_Casia\">Santa Rita de Casia<\/a> (1381-1457), <a href=\"https:\/\/es.wikipedia.org\/wiki\/Santa_Clara_de_Montefalco\">Santa Clara de Montefalco<\/a> (+ 1308), etc.<\/span><\/p>\n<p>&nbsp;<\/p>\n<h2><span style=\"font-size: 24pt;\">Enfermedad y muerte]<\/span><\/h2>\n<p>&nbsp;<\/p>\n<p><span style=\"font-size: 14pt;\">En <a href=\"https:\/\/es.wikipedia.org\/wiki\/1812\">1812<\/a> aparecen sus estigmas y a partir de entonces permanece confinada en cama; muri\u00f3 el <a href=\"https:\/\/es.wikipedia.org\/wiki\/9_de_febrero\">9 de febrero<\/a> de 1824 en D\u00fclmen y fue enterrada en el <a href=\"https:\/\/es.wikipedia.org\/wiki\/Cementerio\">cementerio<\/a> fuera de la ciudad cuatro d\u00edas m\u00e1s tarde. En <a href=\"https:\/\/es.wikipedia.org\/wiki\/1975\">1975<\/a>, despu\u00e9s de reiniciar el proceso de <a href=\"https:\/\/es.wikipedia.org\/wiki\/Beatificaci%C3%B3n\">beatificaci\u00f3n<\/a> por el postulador de la causa <a href=\"https:\/\/es.wikipedia.org\/w\/index.php?title=Josef_Adam&amp;action=edit&amp;redlink=1\">Josef Adam<\/a>, sus restos fueron trasladados a la <a href=\"https:\/\/es.wikipedia.org\/wiki\/Cripta\">cripta<\/a> de la cercana <a href=\"https:\/\/es.wikipedia.org\/w\/index.php?title=Iglesia_de_la_Santa_Cruz_(D%C3%BClmen)&amp;action=edit&amp;redlink=1\">Iglesia de la Santa Cruz<\/a>.<\/span><\/p>\n","protected":false},"excerpt":{"rendered":"<p>TweetAna Catalina Emmerick &nbsp; La beata Ana Catalina Emmerick (Coesfeld, 8 de septiembre de 1774 &#8211; D\u00fclmen, 9 de febrero de 1824) fue una monja canonesa agustina, m\u00edstica y escritora alemana. Naci\u00f3 en Flamske, una comunidad agraria, actualmente en la di\u00f3cesis de M\u00fcnster, en Westfalia, y muri\u00f3 en D\u00fclmen a los 49 a\u00f1os. Fue beatificada [&hellip;]<\/p>\n","protected":false},"author":1,"featured_media":0,"comment_status":"open","ping_status":"open","sticky":false,"template":"","format":"standard","meta":{"footnotes":""},"categories":[4],"tags":[],"class_list":["post-49921","post","type-post","status-publish","format-standard","hentry","category-divulgacion"],"_links":{"self":[{"href":"http:\/\/www.floracantabrica.com\/index.php?rest_route=\/wp\/v2\/posts\/49921","targetHints":{"allow":["GET"]}}],"collection":[{"href":"http:\/\/www.floracantabrica.com\/index.php?rest_route=\/wp\/v2\/posts"}],"about":[{"href":"http:\/\/www.floracantabrica.com\/index.php?rest_route=\/wp\/v2\/types\/post"}],"author":[{"embeddable":true,"href":"http:\/\/www.floracantabrica.com\/index.php?rest_route=\/wp\/v2\/users\/1"}],"replies":[{"embeddable":true,"href":"http:\/\/www.floracantabrica.com\/index.php?rest_route=%2Fwp%2Fv2%2Fcomments&post=49921"}],"version-history":[{"count":2,"href":"http:\/\/www.floracantabrica.com\/index.php?rest_route=\/wp\/v2\/posts\/49921\/revisions"}],"predecessor-version":[{"id":49967,"href":"http:\/\/www.floracantabrica.com\/index.php?rest_route=\/wp\/v2\/posts\/49921\/revisions\/49967"}],"wp:attachment":[{"href":"http:\/\/www.floracantabrica.com\/index.php?rest_route=%2Fwp%2Fv2%2Fmedia&parent=49921"}],"wp:term":[{"taxonomy":"category","embeddable":true,"href":"http:\/\/www.floracantabrica.com\/index.php?rest_route=%2Fwp%2Fv2%2Fcategories&post=49921"},{"taxonomy":"post_tag","embeddable":true,"href":"http:\/\/www.floracantabrica.com\/index.php?rest_route=%2Fwp%2Fv2%2Ftags&post=49921"}],"curies":[{"name":"wp","href":"https:\/\/api.w.org\/{rel}","templated":true}]}}