{"id":49336,"date":"2021-09-01T08:25:15","date_gmt":"2021-09-01T06:25:15","guid":{"rendered":"http:\/\/www.floracantabrica.com\/?p=49336"},"modified":"2021-09-01T08:25:15","modified_gmt":"2021-09-01T06:25:15","slug":"biogeography-of-spain-asturias-1-821","status":"publish","type":"post","link":"http:\/\/www.floracantabrica.com\/?p=49336","title":{"rendered":"Biogeography. of Spain. Asturias.1.8,21"},"content":{"rendered":"<p><a href=\"http:\/\/twitter.com\/share?url=http%3A%2F%2Fwww.floracantabrica.com%2F%3Fp%3D49336&amp;count=none&amp;lang=es&amp;via=lorencincoreses&amp;related=Mujerverdosa&amp;text=Biogeography. of Spain. Asturias.1.8,21 - Flora Cant\u00e1brica\" class=\"twitter-share-button\">Tweet<\/a><\/p><p>,,,<\/p>\n<p><img loading=\"lazy\" decoding=\"async\" class=\"\" src=\"http:\/\/www.floracantabrica.com\/wp-content\/uploads\/2010\/01\/Dibujoaaaaa.bmp\" width=\"779\" height=\"584\" \/><\/p>\n<p>&nbsp;<\/p>\n<p>,,,,,,,,,,,<\/p>\n<p><img loading=\"lazy\" decoding=\"async\" class=\"aligncenter size-full wp-image-42289\" src=\"http:\/\/www.floracantabrica.com\/wp-content\/uploads\/2018\/06\/image002-111.jpg\" alt=\"\" width=\"567\" height=\"609\" srcset=\"http:\/\/www.floracantabrica.com\/wp-content\/uploads\/2018\/06\/image002-111.jpg 567w, http:\/\/www.floracantabrica.com\/wp-content\/uploads\/2018\/06\/image002-111-279x300.jpg 279w\" sizes=\"auto, (max-width: 567px) 100vw, 567px\" \/><\/p>\n<p>&nbsp;<\/p>\n<p>-,,,,,,,,,,,,,,,,,,,,,,,<\/p>\n<ol start=\"76\">\n<li><strong> Alcornocal de Grandas de Salime <\/strong><\/li>\n<\/ol>\n<p>29T0675850, UTM4790926, 325m, Exposici\u00f3n Suroeste, Inclinaci\u00f3n 30%<\/p>\n<p>Con carbayos y plantaciones de vid; le acompa\u00f1an: piorno lusit\u00e1nico de flores blancas, retama amarilla, tojo, arga\u00f1a y uz<\/p>\n<p>&nbsp;<\/p>\n<ol>\n<li>Quercus robur, 2. Quercus suber, 3. Cytisus multiflorus, 4. Cytisus striatus, 5. Ulex gallii, 6. Erica cinerea, 7. Plantaciones de vid, 8.Erica arborea<\/li>\n<\/ol>\n<p>&#8230;&#8230;&#8230;&#8230;&#8230;.<\/p>\n<p><img loading=\"lazy\" decoding=\"async\" class=\"aligncenter size-full wp-image-42290\" src=\"http:\/\/www.floracantabrica.com\/wp-content\/uploads\/2018\/06\/image002-112.jpg\" alt=\"\" width=\"567\" height=\"324\" srcset=\"http:\/\/www.floracantabrica.com\/wp-content\/uploads\/2018\/06\/image002-112.jpg 567w, http:\/\/www.floracantabrica.com\/wp-content\/uploads\/2018\/06\/image002-112-300x171.jpg 300w\" sizes=\"auto, (max-width: 567px) 100vw, 567px\" \/><\/p>\n<p>&nbsp;<\/p>\n<p>&#8230;&#8230;&#8230;&#8230;&#8230;.<\/p>\n<p>&nbsp;<\/p>\n<ol start=\"77\">\n<li><strong> Brezal-tojal en el Puerto del Palo (Pola de Allande)<\/strong><\/li>\n<\/ol>\n<p>29T0688848; UTM 4793725, 1199 m, Exposici\u00f3n O, Inclinaci\u00f3n 40%<\/p>\n<p>Con gorbiza, arga\u00f1a, tojo, brezo vizca\u00edno<\/p>\n<p>&#8230;<\/p>\n<ol>\n<li>Calluna vulgaris, 2. Erica cinerea, 3. Avena lodunensis, 4. Avenella flexuosa, 5. Agrostis curtisii, 6. Ulex gallii, 7. Daboecia cantabrica<\/li>\n<\/ol>\n<p>&#8212;&#8212;&#8212;&#8212;&#8212;&#8211;<\/p>\n<p>&nbsp;<\/p>\n<p><img loading=\"lazy\" decoding=\"async\" class=\"aligncenter size-full wp-image-42291\" src=\"http:\/\/www.floracantabrica.com\/wp-content\/uploads\/2018\/06\/image002-113.jpg\" alt=\"\" width=\"566\" height=\"141\" srcset=\"http:\/\/www.floracantabrica.com\/wp-content\/uploads\/2018\/06\/image002-113.jpg 566w, http:\/\/www.floracantabrica.com\/wp-content\/uploads\/2018\/06\/image002-113-300x75.jpg 300w\" sizes=\"auto, (max-width: 566px) 100vw, 566px\" \/><\/p>\n<p>&nbsp;<\/p>\n<p>&#8230;&#8230;&#8230;&#8230;&#8230;..<\/p>\n<ol start=\"78\">\n<li><strong> Brezal-tojal en el Puerto del Palo (Pola de Allande)<\/strong><\/li>\n<\/ol>\n<p>29T0688641, UTM 4793834, 1163 m<\/p>\n<p><strong>\u00a0<\/strong>Con genciana azul, arga\u00f1a, brezo de turberas y tojo<\/p>\n<p>&nbsp;<\/p>\n<ol>\n<li>Agrostis curtisii, 2.Gentiana pneumonante, 3. Erica cinerea, 4. Molinia coerulea, 5. Erica tetralix, 6. Ulex gallii, 7. Potentilla erecta<\/li>\n<\/ol>\n<p>&nbsp;<\/p>\n<p>&#8230;&#8230;&#8230;&#8230;&#8230;&#8230;&#8230;&#8230;.<\/p>\n<p><img loading=\"lazy\" decoding=\"async\" class=\"aligncenter size-full wp-image-42292\" src=\"http:\/\/www.floracantabrica.com\/wp-content\/uploads\/2018\/06\/image002-114.jpg\" alt=\"\" width=\"434\" height=\"414\" srcset=\"http:\/\/www.floracantabrica.com\/wp-content\/uploads\/2018\/06\/image002-114.jpg 434w, http:\/\/www.floracantabrica.com\/wp-content\/uploads\/2018\/06\/image002-114-300x286.jpg 300w\" sizes=\"auto, (max-width: 434px) 100vw, 434px\" \/><\/p>\n<p>&nbsp;<\/p>\n<p>&#8230;&#8230;&#8230;..<\/p>\n<p><strong>79.Bosques de carbayos en San Felix (Tineo)<\/strong><\/p>\n<p>29T0702373,UTM 4796348, 401 m<\/p>\n<p>Con casta\u00f1o y carbayo y su etapa de sustituci\u00f3n, el brezal-tojal, formado por tojo, uz, arga\u00f1a, retama amarilla y brezo vizca\u00edno<\/p>\n<p>&nbsp;<\/p>\n<ol>\n<li>Castanea sativa, 2. Quercus robur, 3. Ulex gallii, 4. Erica arborea, 5. Erica cinera, 6. Cistus psilosepalus, 7. Daboecia cantabrica<\/li>\n<\/ol>\n<p>&nbsp;<\/p>\n<p>&#8230;&#8230;&#8230;&#8230;&#8230;&#8230;.<\/p>\n<p><img loading=\"lazy\" decoding=\"async\" class=\"aligncenter size-full wp-image-42293\" src=\"http:\/\/www.floracantabrica.com\/wp-content\/uploads\/2018\/06\/image002-115.jpg\" alt=\"\" width=\"546\" height=\"682\" srcset=\"http:\/\/www.floracantabrica.com\/wp-content\/uploads\/2018\/06\/image002-115.jpg 546w, http:\/\/www.floracantabrica.com\/wp-content\/uploads\/2018\/06\/image002-115-240x300.jpg 240w\" sizes=\"auto, (max-width: 546px) 100vw, 546px\" \/><\/p>\n<p>&nbsp;<\/p>\n<p>&#8230;&#8230;&#8230;&#8230;&#8230;..<\/p>\n<ol start=\"80\">\n<li><strong> Acantilado de la playa de Tapia<\/strong><\/li>\n<\/ol>\n<p>29T0665774, UTM 4826384, 26m<\/p>\n<p>Con el endemismo amenazado de desaparici\u00f3n Limonium dodartii, cenoyo de mar, brezo marino y armeria de mar<\/p>\n<p>&nbsp;<\/p>\n<ol>\n<li>Crithmum maritimum, 2. Limonium dodartii, 3. Frankenia laevis, 4. Armeria pubigera<\/li>\n<\/ol>\n<p>,,,,,,,,,,,,,,,,,<\/p>\n<p>&nbsp;<\/p>\n","protected":false},"excerpt":{"rendered":"<p>Tweet,,, &nbsp; ,,,,,,,,,,, &nbsp; -,,,,,,,,,,,,,,,,,,,,,,, Alcornocal de Grandas de Salime 29T0675850, UTM4790926, 325m, Exposici\u00f3n Suroeste, Inclinaci\u00f3n 30% Con carbayos y plantaciones de vid; le acompa\u00f1an: piorno lusit\u00e1nico de flores blancas, retama amarilla, tojo, arga\u00f1a y uz &nbsp; Quercus robur, 2. Quercus suber, 3. Cytisus multiflorus, 4. Cytisus striatus, 5. Ulex gallii, 6. Erica cinerea, 7. [&hellip;]<\/p>\n","protected":false},"author":1,"featured_media":0,"comment_status":"open","ping_status":"open","sticky":false,"template":"","format":"standard","meta":{"footnotes":""},"categories":[4],"tags":[],"class_list":["post-49336","post","type-post","status-publish","format-standard","hentry","category-divulgacion"],"_links":{"self":[{"href":"http:\/\/www.floracantabrica.com\/index.php?rest_route=\/wp\/v2\/posts\/49336","targetHints":{"allow":["GET"]}}],"collection":[{"href":"http:\/\/www.floracantabrica.com\/index.php?rest_route=\/wp\/v2\/posts"}],"about":[{"href":"http:\/\/www.floracantabrica.com\/index.php?rest_route=\/wp\/v2\/types\/post"}],"author":[{"embeddable":true,"href":"http:\/\/www.floracantabrica.com\/index.php?rest_route=\/wp\/v2\/users\/1"}],"replies":[{"embeddable":true,"href":"http:\/\/www.floracantabrica.com\/index.php?rest_route=%2Fwp%2Fv2%2Fcomments&post=49336"}],"version-history":[{"count":1,"href":"http:\/\/www.floracantabrica.com\/index.php?rest_route=\/wp\/v2\/posts\/49336\/revisions"}],"predecessor-version":[{"id":49337,"href":"http:\/\/www.floracantabrica.com\/index.php?rest_route=\/wp\/v2\/posts\/49336\/revisions\/49337"}],"wp:attachment":[{"href":"http:\/\/www.floracantabrica.com\/index.php?rest_route=%2Fwp%2Fv2%2Fmedia&parent=49336"}],"wp:term":[{"taxonomy":"category","embeddable":true,"href":"http:\/\/www.floracantabrica.com\/index.php?rest_route=%2Fwp%2Fv2%2Fcategories&post=49336"},{"taxonomy":"post_tag","embeddable":true,"href":"http:\/\/www.floracantabrica.com\/index.php?rest_route=%2Fwp%2Fv2%2Ftags&post=49336"}],"curies":[{"name":"wp","href":"https:\/\/api.w.org\/{rel}","templated":true}]}}