{"id":49245,"date":"2022-01-04T11:45:57","date_gmt":"2022-01-04T09:45:57","guid":{"rendered":"http:\/\/www.floracantabrica.com\/?p=49245"},"modified":"2022-01-04T11:45:57","modified_gmt":"2022-01-04T09:45:57","slug":"edith-steinespanol3-4121","status":"publish","type":"post","link":"http:\/\/www.floracantabrica.com\/?p=49245","title":{"rendered":"Edith Stein,Espa\u00f1ol,3.4,1,21"},"content":{"rendered":"<p><a href=\"http:\/\/twitter.com\/share?url=http%3A%2F%2Fwww.floracantabrica.com%2F%3Fp%3D49245&amp;count=none&amp;lang=es&amp;via=lorencincoreses&amp;related=Mujerverdosa&amp;text=Edith Stein,Espa\u00f1ol,3.4,1,21 - Flora Cant\u00e1brica\" class=\"twitter-share-button\">Tweet<\/a><\/p><p><span style=\"font-size: 14pt;\"><strong>Visi\u00f3n del juda\u00edsmo<\/strong>[<a href=\"https:\/\/es.wikipedia.org\/w\/index.php?title=Edith_Stein&amp;action=edit&amp;section=25\">editar<\/a>]<\/span><\/p>\n<p>&nbsp;<\/p>\n<p><span style=\"font-size: 14pt;\">La visi\u00f3n del\u00a0<a href=\"https:\/\/es.wikipedia.org\/wiki\/Juda%C3%ADsmo\">juda\u00edsmo<\/a>\u00a0de Edith Stein fue evolucionando a lo largo de toda su vida. Nacida en el seno de una familia jud\u00eda, abandon\u00f3 su fe y pas\u00f3 a ser atea y, en todo caso, no practicante y\u00a0<a href=\"https:\/\/es.wikipedia.org\/wiki\/Agnosticismo\">agn\u00f3stica<\/a>\u00a0desde la adolescencia. Este\u00a0<a href=\"https:\/\/es.wikipedia.org\/wiki\/Ate%C3%ADsmo\">ate\u00edsmo<\/a>\u00a0fue abandonado debido a su encuentro con Cristo. Esta conversi\u00f3n condujo a Edith Stein a una profundizaci\u00f3n de su fe, a realimentarse de sus ra\u00edces jud\u00edas gradualmente y a expresar su fe cristiana de una manera original.<a href=\"https:\/\/es.wikipedia.org\/wiki\/Edith_Stein#cite_note-FOOTNOTERastoin2007133-134-123\"><sup>122<\/sup><\/a><\/span><\/p>\n<p><span style=\"font-size: 14pt;\">\u200b<\/span><\/p>\n<p><span style=\"font-size: 14pt;\">Edith Stein no reneg\u00f3 nunca de su origen jud\u00edo y se ten\u00eda en cuenta siempre a s\u00ed misma como perteneciente al pueblo jud\u00edo. Consideraba que\u00a0<a href=\"https:\/\/es.wikipedia.org\/wiki\/Cristo\">Cristo<\/a>\u00a0fue un jud\u00edo practicante, como sus disc\u00edpulos de los primeros tiempos. \u00c9l es la misma\u00a0<a href=\"https:\/\/es.wikipedia.org\/wiki\/Iglesia_cat%C3%B3lica\">Iglesia<\/a>\u00a0con el grupo de sus disc\u00edpulos. La Iglesia debe ser plenamente consciente de este enraizamiento y del deber de ser solidaria con el pueblo jud\u00edo perseguido.<a href=\"https:\/\/es.wikipedia.org\/wiki\/Edith_Stein#cite_note-124\"><sup>123<\/sup><\/a>\u200b Esta reflexi\u00f3n y esta filiaci\u00f3n fueron las que condujeron a Edith Stein a escribir al papa\u00a0<a href=\"https:\/\/es.wikipedia.org\/wiki\/P%C3%ADo_XI\">P\u00edo XI<\/a>\u00a0acerca del\u00a0<a href=\"https:\/\/es.wikipedia.org\/wiki\/Antisemitismo\">antisemitismo<\/a><a href=\"https:\/\/es.wikipedia.org\/wiki\/Edith_Stein#cite_note-FOOTNOTECourtine-Denamy2002107-108-125\"><sup>124<\/sup><\/a>\u200b y a actuar contra el mismo a lo largo de toda su vida.<a href=\"https:\/\/es.wikipedia.org\/wiki\/Edith_Stein#cite_note-126\"><sup>125<\/sup><\/a>\u200b Tambi\u00e9n reivindicaba su herencia jud\u00eda, por ejemplo, en 1932. Durante una estancia en Par\u00eds, dec\u00eda \u00abcon nosotros\u00bb o \u00abnosotros\u00bb cuando hablaba de sus amigos fil\u00f3sofos jud\u00edos y lo har\u00eda de forma continua a lo largo de su vida.<a href=\"https:\/\/es.wikipedia.org\/wiki\/Edith_Stein#cite_note-FOOTNOTECourtine-Denamy200283-127\"><sup>126<\/sup><\/a><\/span><\/p>\n<p>&nbsp;<\/p>\n<p><span style=\"font-size: 14pt;\">\u200b<\/span><\/p>\n<p><span style=\"font-size: 14pt;\">En su obra\u00a0<em>Vida de una familia jud\u00eda<\/em>, que se presenta como autobiogr\u00e1fica, Edith Stein quiere, seg\u00fan el pr\u00f3logo, conseguir una refutaci\u00f3n del antisemitismo\u00a0<a href=\"https:\/\/es.wikipedia.org\/wiki\/Nazismo\">nazi<\/a>\u00a0a trav\u00e9s de la presentaci\u00f3n de la vida de su familia y sus amigos jud\u00edos, donde ella es totalmente solidaria, buscando la manera de hacer desaparecer los prejuicios antisemitas. Esta herencia es experimentada por Stein de una forma muy personal; Edith escribi\u00f3 en 1932: \u00abyo hab\u00eda o\u00eddo hablar de severas medidas adoptadas contra los jud\u00edos, pero en ese momento me vino de repente la idea de que Dios hab\u00eda puesto de nuevo su mano fuertemente en mi pueblo y el destino de las personas tambi\u00e9n era el m\u00edo\u00bb.<a href=\"https:\/\/es.wikipedia.org\/wiki\/Edith_Stein#cite_note-FOOTNOTECourtine-Denamy2002175-128\"><sup>127<\/sup><\/a>\u200b Escribi\u00f3\u00a0<em>La oraci\u00f3n de la Iglesia<\/em>, donde reafirma el profundo v\u00ednculo, vital, entre el\u00a0<a href=\"https:\/\/es.wikipedia.org\/wiki\/Catolicismo\">catolicismo<\/a>\u00a0y los jud\u00edos, y afirmaba que \u00abCristo rezaba a la manera de un jud\u00edo piadoso, fiel a la Ley\u00bb.<a href=\"https:\/\/es.wikipedia.org\/wiki\/Edith_Stein#cite_note-129\"><sup>128<\/sup><\/a>\u200b Edith dice, con la misma l\u00f3gica, que hay un rico pasado y presente de la liturgia jud\u00eda, riqueza que prefigura la riqueza de la\u00a0<a href=\"https:\/\/es.wikipedia.org\/wiki\/Liturgia_cat%C3%B3lica\">liturgia cat\u00f3lica<\/a>.<a href=\"https:\/\/es.wikipedia.org\/wiki\/Edith_Stein#cite_note-FOOTNOTECourtine-Denamy2002155-130\"><sup>1<\/sup><\/a><\/span><\/p>\n<p>&nbsp;<\/p>\n<p><span style=\"font-size: 14pt;\"><a href=\"https:\/\/es.wikipedia.org\/wiki\/Edith_Stein#cite_note-FOOTNOTECourtine-Denamy2002155-130\"><sup>29<\/sup><\/a>\u200b<\/span><\/p>\n<p><span style=\"font-size: 14pt;\">Finalmente en su muerte, que ella quiso vivir como un holocausto por \u00absu pueblo\u00bb, mostraba su profundo apego a la relaci\u00f3n entre el cristianismo y el juda\u00edsmo.<a href=\"https:\/\/es.wikipedia.org\/wiki\/Edith_Stein#cite_note-131\"><sup>130<\/sup><\/a>\u200b Sin embargo nunca reneg\u00f3 de su fe cat\u00f3lica y se identificaba con Cristo, que muri\u00f3 por sus disc\u00edpulos. Por eso, Stein hizo lo mismo, entrando en los campos como jud\u00eda. El papa Juan Pablo II, en la homil\u00eda de la beatificaci\u00f3n, afirm\u00f3 que no hay contradicci\u00f3n en la fe de Edith Stein: \u00abpara Edith Stein, el bautismo cristiano no era una forma de romper con su legado jud\u00edo. Por el contrario, dijo: \u00abyo hab\u00eda renunciado a la pr\u00e1ctica de la religi\u00f3n jud\u00eda desde la edad de catorce a\u00f1os. Mi regreso a Dios me permiti\u00f3 sentirme jud\u00eda de nuevo\u00bb. Ella siempre fue consciente de que estaba obligada a Cristo no solo por la espiritualidad, sino tambi\u00e9n por la propia sangre. En los campos de exterminio muri\u00f3 como hija de Israel\u00bb para la gloria del Sant\u00edsimo Nombre y, a la vez, como la hermana Teresa Benedicta de la Cruz, que viene a decir: \u00abbendecida por la Cruz\u00bb.<a href=\"https:\/\/es.wikipedia.org\/wiki\/Edith_Stein#cite_note-132\"><sup>131<\/sup><\/a>\u200b<\/span><\/p>\n<p><span style=\"font-size: 14pt;\"><strong>Teolog\u00eda de la Cruz<\/strong>[<a href=\"https:\/\/es.wikipedia.org\/w\/index.php?title=Edith_Stein&amp;action=edit&amp;section=26\">editar<\/a>]<\/span><\/p>\n<p>&nbsp;<\/p>\n<p>&nbsp;<\/p>\n<p><span style=\"font-size: 14pt;\">Stein desarroll\u00f3 una espiritualidad particular en torno a la\u00a0<a href=\"https:\/\/es.wikipedia.org\/wiki\/Pasi%C3%B3n_de_Cristo\">Pasi\u00f3n de Cristo<\/a>. Desde el principio de su conversi\u00f3n fue golpeada por el misterio del sufrimiento a trav\u00e9s de la muerte de su amigo Adolf Reinach. Descubri\u00f3 c\u00f3mo su joven viuda asumi\u00f3 la prueba mediante la esperanza cristiana. Una vez ingresada en el Carmelo, tom\u00f3 el nombre de sor Teresa Benedicta de la Cruz, lo que demostraba la importancia en ella de la teolog\u00eda de la cruz. La redacci\u00f3n de\u00a0<em>La ciencia de la cruz<\/em>\u00a0sobre la espiritualidad de\u00a0<a href=\"https:\/\/es.wikipedia.org\/wiki\/Juan_de_la_Cruz\">san Juan de la Cruz<\/a>\u00a0permiti\u00f3 a Edith Stein desarrollar una teolog\u00eda de la cruz. La Cruz es, seg\u00fan Edith Stein, \u00ab&#8230; la verdad enterrada en el alma como un grano de trigo que empuja a sus ra\u00edces y crece. Marca el alma con una impronta especial que determina su conducta, hasta tal punto que tanto que el alma irradia a su alrededor y da a conocer mediante su comportamiento\u00bb. Para Edith Stein la ciencia de la cruz consiste en la imitaci\u00f3n de Cristo, Var\u00f3n de dolores.<a href=\"https:\/\/es.wikipedia.org\/wiki\/Edith_Stein#cite_note-FOOTNOTELeuven198354-133\"><sup>132<\/sup><\/a><\/span><\/p>\n<p>&nbsp;<\/p>\n<p><span style=\"font-size: 14pt;\">\u200b<\/span><\/p>\n<p><span style=\"font-size: 14pt;\">El sufrimiento descrito por san Juan de la Cruz en\u00a0<em>La noche oscura del alma<\/em>\u00a0es una participaci\u00f3n en la Pasi\u00f3n de Cristo y tiene \u00abel m\u00e1s profundo sufrimiento, el del abandono de Dios\u00bb. Juan de la Cruz dice que para entrar en \u00abla riqueza de la sabidur\u00eda de Dios, es necesario entrar por la puerta: esta puerta es la cruz y es estrecha\u00bb.<a href=\"https:\/\/es.wikipedia.org\/wiki\/Edith_Stein#cite_note-FOOTNOTELeuven198356-134\"><sup>133<\/sup><\/a><\/span><\/p>\n<p>&nbsp;<\/p>\n<p><span style=\"font-size: 14pt;\">\u200b<\/span><\/p>\n<p><span style=\"font-size: 14pt;\">Para Edith Stein, la ciencia de la cruz es la posibilidad de unirse a Dios; el alma solo puede unirse a ella \u00absi fue purificada previamente por un fuego de sufrimientos internos y externos y de acuerdo con los planes de la sabidur\u00eda divina. Nadie puede en esta vida entrar en este conocimiento, siempre limitado, de estos misterios, sin haber sufrido mucho\u00bb.<a href=\"https:\/\/es.wikipedia.org\/wiki\/Edith_Stein#cite_note-FOOTNOTELeuven198356-134\"><sup>133<\/sup><\/a>\u200b Estos sufrimientos eran considerados por Edith como \u00abel fuego de la expiaci\u00f3n\u00bb. Jes\u00fas vino a la tierra a cargar con el fardo de los pecados del hombre. Los sufrimientos de Cristo a lo largo de su vida y acentuados en el\u00a0<a href=\"https:\/\/es.wikipedia.org\/wiki\/Huerto_de_los_olivos\">Huerto de los olivos<\/a>\u00a0son el signo del dolor que siente en este abandono de Dios. La muerte de Cristo, la cima del sufrimiento, marc\u00f3 tambi\u00e9n el final de su sufrimiento y la posibilidad de uni\u00f3n con el Amor eterno, la uni\u00f3n con la\u00a0<a href=\"https:\/\/es.wikipedia.org\/wiki\/Sant%C3%ADsima_Trinidad\">Sant\u00edsima Trinidad<\/a>.<a href=\"https:\/\/es.wikipedia.org\/wiki\/Edith_Stein#cite_note-FOOTNOTELeuven198357-135\"><sup>134<\/sup><\/a><\/span><\/p>\n<p><span style=\"font-size: 14pt;\">\u200b<\/span><\/p>\n<p><span style=\"font-size: 14pt;\">Seg\u00fan Edith Stein, despu\u00e9s de la noche oscura que es la purificaci\u00f3n del coraz\u00f3n, el ser humano accede a la uni\u00f3n con Dios.<a href=\"https:\/\/es.wikipedia.org\/wiki\/Edith_Stein#cite_note-FOOTNOTELeuven198358-59-136\"><sup>135<\/sup><\/a>\u200b. Afirma tambi\u00e9n que \u00absolo se puede adquirir la\u00a0<em>ciencia de la cruz<\/em>\u00a0si se empieza a sufrir verdaderamente el peso de la cruz. En un primer instante, ten\u00eda la convicci\u00f3n \u00edntima y dije desde el fondo de mi coraz\u00f3n:\u00a0<em>Ave Crux, spes unica<\/em>\u00bb.<a href=\"https:\/\/es.wikipedia.org\/wiki\/Edith_Stein#cite_note-FOOTNOTELeuven198359-137\"><sup>136<\/sup><\/a>\u200b<a href=\"https:\/\/es.wikipedia.org\/wiki\/Edith_Stein#cite_note-138\"><sup>137<\/sup><\/a>\u200b Esta ciencia de la cruz condujo a Edith Stein a desear ofrecerse y sufrir en uni\u00f3n con Cristo. En 1930 escribi\u00f3: \u00absiento c\u00f3mo es d\u00e9bil la influencia directa, que agudiza en m\u00ed el sentimiento de\u00a0<em>holocaustum<\/em>\u00a0personal.\u00bb<a href=\"https:\/\/es.wikipedia.org\/wiki\/Edith_Stein#cite_note-139\"><sup>138<\/sup><\/a>\u200b<\/span><\/p>\n<p>&nbsp;<\/p>\n<p>&nbsp;<\/p>\n","protected":false},"excerpt":{"rendered":"<p>TweetVisi\u00f3n del juda\u00edsmo[editar] &nbsp; La visi\u00f3n del\u00a0juda\u00edsmo\u00a0de Edith Stein fue evolucionando a lo largo de toda su vida. Nacida en el seno de una familia jud\u00eda, abandon\u00f3 su fe y pas\u00f3 a ser atea y, en todo caso, no practicante y\u00a0agn\u00f3stica\u00a0desde la adolescencia. Este\u00a0ate\u00edsmo\u00a0fue abandonado debido a su encuentro con Cristo. Esta conversi\u00f3n condujo a [&hellip;]<\/p>\n","protected":false},"author":1,"featured_media":0,"comment_status":"open","ping_status":"open","sticky":false,"template":"","format":"standard","meta":{"footnotes":""},"categories":[4],"tags":[],"class_list":["post-49245","post","type-post","status-publish","format-standard","hentry","category-divulgacion"],"_links":{"self":[{"href":"http:\/\/www.floracantabrica.com\/index.php?rest_route=\/wp\/v2\/posts\/49245","targetHints":{"allow":["GET"]}}],"collection":[{"href":"http:\/\/www.floracantabrica.com\/index.php?rest_route=\/wp\/v2\/posts"}],"about":[{"href":"http:\/\/www.floracantabrica.com\/index.php?rest_route=\/wp\/v2\/types\/post"}],"author":[{"embeddable":true,"href":"http:\/\/www.floracantabrica.com\/index.php?rest_route=\/wp\/v2\/users\/1"}],"replies":[{"embeddable":true,"href":"http:\/\/www.floracantabrica.com\/index.php?rest_route=%2Fwp%2Fv2%2Fcomments&post=49245"}],"version-history":[{"count":6,"href":"http:\/\/www.floracantabrica.com\/index.php?rest_route=\/wp\/v2\/posts\/49245\/revisions"}],"predecessor-version":[{"id":50458,"href":"http:\/\/www.floracantabrica.com\/index.php?rest_route=\/wp\/v2\/posts\/49245\/revisions\/50458"}],"wp:attachment":[{"href":"http:\/\/www.floracantabrica.com\/index.php?rest_route=%2Fwp%2Fv2%2Fmedia&parent=49245"}],"wp:term":[{"taxonomy":"category","embeddable":true,"href":"http:\/\/www.floracantabrica.com\/index.php?rest_route=%2Fwp%2Fv2%2Fcategories&post=49245"},{"taxonomy":"post_tag","embeddable":true,"href":"http:\/\/www.floracantabrica.com\/index.php?rest_route=%2Fwp%2Fv2%2Ftags&post=49245"}],"curies":[{"name":"wp","href":"https:\/\/api.w.org\/{rel}","templated":true}]}}