{"id":49214,"date":"2022-01-03T09:55:00","date_gmt":"2022-01-03T07:55:00","guid":{"rendered":"http:\/\/www.floracantabrica.com\/?p=49214"},"modified":"2022-01-03T09:55:00","modified_gmt":"2022-01-03T07:55:00","slug":"edith-stein-martyr-2english-31-21","status":"publish","type":"post","link":"http:\/\/www.floracantabrica.com\/?p=49214","title":{"rendered":"Edith Stein.martyr.2,english.3,1.21"},"content":{"rendered":"<p><a href=\"http:\/\/twitter.com\/share?url=http%3A%2F%2Fwww.floracantabrica.com%2F%3Fp%3D49214&amp;count=none&amp;lang=es&amp;via=lorencincoreses&amp;related=Mujerverdosa&amp;text=Edith Stein.martyr.2,english.3,1.21 - Flora Cant\u00e1brica\" class=\"twitter-share-button\">Tweet<\/a><\/p><p><span style=\"font-size: 14pt;\"><strong>Conversion to Catholicism (1921-1922<\/strong>).<\/span><\/p>\n<p><span style=\"font-size: 14pt;\">The events that occurred between 1918 and 1921 definitely lead her to conversion. In Edith Stein&#8217;s conversion there are three very significant facts.<\/span><\/p>\n<p>&nbsp;<\/p>\n<p>&nbsp;<\/p>\n<p><span style=\"font-size: 14pt;\">\u00a0 The first happened one day when she was on a tourist trip, in the city of Frankfurt. She entered the Cathedral and observed how a gardener woman, with her basket in her hand, entered the church to pray. This caught her attention because she thought that this lady was talking to someone, who seemed to be alive. And not only that, but the fact of her leaving work for a few minutes and going to church without a celebration. For her it was something unusual, because she remembered that she only went to the synagogue when there were religious celebrations<\/span><\/p>\n<p>&nbsp;<\/p>\n<p><span style=\"font-size: 14pt;\">The next one happened when she received an invitation from Ana Reinach to her house, because her husband had died in the war, and she needed Edith to help her order all her manuscripts. The death of Adolf Reinach affected our author a lot, but she was even more overwhelmed by the peace with which her widow accepted the death of her husband. Stein remembers it in her biography: This was my first encounter with the cross. 158 Santa Teresa de Jes\u00fas (1515-1582) 158 Sancho Ferm\u00edn, F. J. (1998). Edith Stein. Thought and landscape, op, cit, p, 76. 105<\/span><\/p>\n<p>&nbsp;<\/p>\n<p>&nbsp;<\/p>\n<p><span style=\"font-size: 14pt;\">El tercer suceso ocurri\u00f3 el mes de marzo de 1921, el definitivo en su conversi\u00f3n; fue la invitaci\u00f3n que recibi\u00f3 del matrimonio Conrad-Martius, para pasar unos d\u00edas en Bad Bergzabern, en el sur de Alemania. Este matrimonio era de religi\u00f3n protestante. Ella, Hedwig, fue la mejor amiga de Edith. Ten\u00edan muchas cosas en com\u00fan. Era fil\u00f3sofa y hab\u00eda sido alumna de Husserl. Realmente nuestra autora ya hab\u00eda le\u00eddo el Nuevo Testamento, por lo tanto, conoc\u00eda a Jesucristo. Pero su duda era si deb\u00eda elegir el protestantismo o el catolicismo. Hedwig le dio la vida de Santa Teresa de Jes\u00fas de Avila para leer. La ley\u00f3 en una noche y exclam\u00f3: Esta es la verdad. El 1 de enero de 1922, el padre Eugenio Breitling bautiz\u00f3<\/span><\/p>\n<p>&nbsp;<\/p>\n","protected":false},"excerpt":{"rendered":"<p>TweetConversion to Catholicism (1921-1922). The events that occurred between 1918 and 1921 definitely lead her to conversion. In Edith Stein&#8217;s conversion there are three very significant facts. &nbsp; &nbsp; \u00a0 The first happened one day when she was on a tourist trip, in the city of Frankfurt. She entered the Cathedral and observed how a [&hellip;]<\/p>\n","protected":false},"author":1,"featured_media":0,"comment_status":"open","ping_status":"open","sticky":false,"template":"","format":"standard","meta":{"footnotes":""},"categories":[4],"tags":[],"class_list":["post-49214","post","type-post","status-publish","format-standard","hentry","category-divulgacion"],"_links":{"self":[{"href":"http:\/\/www.floracantabrica.com\/index.php?rest_route=\/wp\/v2\/posts\/49214","targetHints":{"allow":["GET"]}}],"collection":[{"href":"http:\/\/www.floracantabrica.com\/index.php?rest_route=\/wp\/v2\/posts"}],"about":[{"href":"http:\/\/www.floracantabrica.com\/index.php?rest_route=\/wp\/v2\/types\/post"}],"author":[{"embeddable":true,"href":"http:\/\/www.floracantabrica.com\/index.php?rest_route=\/wp\/v2\/users\/1"}],"replies":[{"embeddable":true,"href":"http:\/\/www.floracantabrica.com\/index.php?rest_route=%2Fwp%2Fv2%2Fcomments&post=49214"}],"version-history":[{"count":4,"href":"http:\/\/www.floracantabrica.com\/index.php?rest_route=\/wp\/v2\/posts\/49214\/revisions"}],"predecessor-version":[{"id":50451,"href":"http:\/\/www.floracantabrica.com\/index.php?rest_route=\/wp\/v2\/posts\/49214\/revisions\/50451"}],"wp:attachment":[{"href":"http:\/\/www.floracantabrica.com\/index.php?rest_route=%2Fwp%2Fv2%2Fmedia&parent=49214"}],"wp:term":[{"taxonomy":"category","embeddable":true,"href":"http:\/\/www.floracantabrica.com\/index.php?rest_route=%2Fwp%2Fv2%2Fcategories&post=49214"},{"taxonomy":"post_tag","embeddable":true,"href":"http:\/\/www.floracantabrica.com\/index.php?rest_route=%2Fwp%2Fv2%2Ftags&post=49214"}],"curies":[{"name":"wp","href":"https:\/\/api.w.org\/{rel}","templated":true}]}}