{"id":49085,"date":"2021-09-14T08:56:31","date_gmt":"2021-09-14T06:56:31","guid":{"rendered":"http:\/\/www.floracantabrica.com\/?p=49085"},"modified":"2025-06-16T13:46:01","modified_gmt":"2025-06-16T11:46:01","slug":"lourdes-espanol-13-14921","status":"publish","type":"post","link":"http:\/\/www.floracantabrica.com\/?p=49085","title":{"rendered":"Lourdes.Espa\u00f1ol.13.ENFERMA DE MUERTE"},"content":{"rendered":"<p><a href=\"http:\/\/twitter.com\/share?url=http%3A%2F%2Fwww.floracantabrica.com%2F%3Fp%3D49085&amp;count=none&amp;lang=es&amp;via=lorencincoreses&amp;related=Mujerverdosa&amp;text=Lourdes.Espa\u00f1ol.13.ENFERMA DE MUERTE - Flora Cant\u00e1brica\" class=\"twitter-share-button\">Tweet<\/a><\/p><p><span style=\"font-size: 14pt;\"><strong>ENFERMA DE MUERTE<\/strong><\/span><\/p>\n<p>&nbsp;<\/p>\n<p><span style=\"font-size: 14pt;\">Bernardita, despu\u00e9s de las apariciones, quer\u00eda ser religiosa, pero no ve\u00eda esta posibilidad muy cerca, ya que estaba frecuentemente enferma de asma y ten\u00eda v\u00f3mitos de sangre, debido a la tuberculosis que hizo su aparici\u00f3n. A veces, eran tan fuertes los ataques de asma que dec\u00eda: <em>\u00a1Abridme el pecho! <\/em><em>95<\/em><em>. <\/em>Por otra parte, no sab\u00eda por qu\u00e9 Congregaci\u00f3n decidirse y no ten\u00eda la dote requerida para entrar.<\/span><\/p>\n<p>&nbsp;<\/p>\n<p><span style=\"font-size: 14pt;\">El 20 de abril de 1862, despu\u00e9s de visitar la gruta, se enferm\u00f3 gravemente y estuvo en peligro de muerte. Le administraron la extremaunci\u00f3n.<\/span><\/p>\n<p>&nbsp;<\/p>\n<p><span style=\"font-size: 14pt;\">\u00a0El padre Pomian le dio una peque\u00f1a part\u00edcula de la hostia para comulgar y, en ese momento de la comuni\u00f3n, se sinti\u00f3 mejor y pidi\u00f3 agua de la gruta. Bebi\u00f3 unas gotas y exclam\u00f3: <em>Estoy curada. <\/em>A la ma\u00f1ana siguiente volvi\u00f3 el doctor, pensando que ya estar\u00eda muerta, y la encontr\u00f3 completamente sana. Crey\u00f3 que se deb\u00eda al remedio que le hab\u00eda recomendado, pero le dijeron que no lo hab\u00eda tomado.<\/span><\/p>\n<p>&nbsp;<\/p>\n<p><span style=\"font-size: 14pt;\">Sobre este suceso, el p\u00e1rroco, padre Peyramale, escribi\u00f3 una carta al can\u00f3nigo Fourcade el 30 de abril de 1862. En ella le dice: <em>Bernardita ten\u00eda desde hace d\u00edas una neumon\u00eda muy grave. El domingo \u00faltimo 27 de abril, ella estaba muy mal, dando muchas preocupaciones a las hermanas. Ellas se reprochaban haberla dejado ir a la gruta, donde pensaban que hab\u00eda cogido el mal. El lunes se agrav\u00f3&#8230; Ella tos\u00eda mucho y respiraba con mucha dificultad. Inmediatamente, despu\u00e9s de recibir la comuni\u00f3n, Bernardita se sinti\u00f3 curada. Ella experiment\u00f3 un alivio, como si le hubieran quitado una monta\u00f1a del pecho. Le desaparecieron los s\u00edntomas alarmantes que ten\u00eda y ayer por la ma\u00f1ana ha recibido al m\u00e9dico de la casa, doctor Balencie. El doctor estaba asombrado. \u00c9l atribuy\u00f3 la curaci\u00f3n a la eficacia de los remedios que le hab\u00eda prescrito. Pero para mala suerte suya, Bernardita no los hab\u00eda tomado y no tuvo convalecencia<\/em><\/span><\/p>\n<p>&nbsp;<\/p>\n<p><span style=\"font-size: 14pt;\"><strong>PREPARANDO LA ENTRADA <\/strong><\/span><\/p>\n<p>&nbsp;<\/p>\n<p><span style=\"font-size: 14pt;\">El 25 de septiembre del a\u00f1o 1863, la visit\u00f3 el obispo de Nevers. Ella estaba en ese momento limpiando verdura en la cocina. El obispo habl\u00f3 con ella, quien le contest\u00f3 en correcto franc\u00e9s. El obispo le pregunt\u00f3:<\/span><\/p>\n<p><span style=\"font-size: 14pt;\">&#8211; <em>\u00bfQu\u00e9 piensa hacer de su futuro? <\/em><\/span><\/p>\n<p>&nbsp;<\/p>\n<p><span style=\"font-size: 14pt;\">&#8211; <em>\u201cPues nada\u201d. <\/em><\/span><\/p>\n<p>&nbsp;<\/p>\n<p><span style=\"font-size: 14pt;\">&#8211; <em>\u00bfC\u00f3mo que nada? Hay que hacer algo en este mundo. <\/em><\/span><\/p>\n<p>&nbsp;<\/p>\n<p><span style=\"font-size: 14pt;\">&#8211; <em>\u201cEstoy aqu\u00ed con las hermanas\u201d. <\/em><\/span><\/p>\n<p>&nbsp;<\/p>\n<p><span style=\"font-size: 14pt;\">&#8211; <em>Pero est\u00e1 aqu\u00ed interinamente. <\/em><\/span><\/p>\n<p>&nbsp;<\/p>\n<p><span style=\"font-size: 14pt;\">&#8211; <em>\u201cNo me importar\u00eda quedarme para siempre\u201d. <\/em><\/span><\/p>\n<p>&nbsp;<\/p>\n<p><span style=\"font-size: 14pt;\">&#8211; <em>Pero usted no es una hermana, condici\u00f3n indispensable para quedarse definitivamente. \u00bfLe gustar\u00eda que le encontrase en el mundo una ocupaci\u00f3n sencilla y conveniente? <\/em><\/span><\/p>\n<p><span style=\"font-size: 14pt;\">&#8211; <em>\u201cAh, eso no\u201d. <\/em><\/span><\/p>\n<p>&nbsp;<\/p>\n<p><span style=\"font-size: 14pt;\">&#8211; <em>\u00bfPor qu\u00e9 no se hace hermana? <\/em><\/span><\/p>\n<p>&nbsp;<\/p>\n<p><span style=\"font-size: 14pt;\">&#8211; <em>\u201cUsted sabe que soy pobre y jam\u00e1s tendr\u00e9 la dote necesaria. Adem\u00e1s, no sirvo para nada\u201d <\/em><\/span><\/p>\n<p>&nbsp;<\/p>\n<p><span style=\"font-size: 14pt;\"><em>Hace poco en la cocina me di cuenta de que serv\u00eda para algo. Pi\u00e9nselo y se lo dice a la Madre Superiora para que se lo diga a la Madre general o a m\u00ed; y yo me encargar\u00e9 del resto <\/em><\/span><\/p>\n<p>&nbsp;<\/p>\n<p><span style=\"font-size: 14pt;\">La misma Bernardita, por su cuenta, el d\u00eda 15 de agosto, fiesta de la Asunci\u00f3n, fue a hablar con la Madre Alejandrina y le dijo: <em>Estimada Madre estoy decidida a hacerme religiosa y, si la reverenda Madre general quiere aceptarme, estar\u00e9 muy contenta de entrar en esta Congregaci\u00f3n<\/em><\/span><\/p>\n<p>&nbsp;<\/p>\n<p>&nbsp;<\/p>\n<p><span style=\"font-size: 14pt;\"><strong>ENTRY INTO RELIGIOUS LIFE<\/strong><\/span><\/p>\n<p>&nbsp;<\/p>\n<p><span style=\"font-size: 14pt;\">\u00a0He was 22 years and three months old. He entered the Congregation of Charity and Christian Instruction of Nevers He was administered the extremeuntion in view of his very serious condition and expressed his desire to make the religious profession in articulo mortis.<\/span><\/p>\n<p>&nbsp;<\/p>\n<p><span style=\"font-size: 14pt;\">The Mother General consulted her counselors and they agreed to receive her. One of the days, the doctor assured that it would not happen that night. They urgently notified the bishop, who came to take up the profession personally on October 25, 1866<\/span><\/p>\n","protected":false},"excerpt":{"rendered":"<p>TweetENFERMA DE MUERTE &nbsp; Bernardita, despu\u00e9s de las apariciones, quer\u00eda ser religiosa, pero no ve\u00eda esta posibilidad muy cerca, ya que estaba frecuentemente enferma de asma y ten\u00eda v\u00f3mitos de sangre, debido a la tuberculosis que hizo su aparici\u00f3n. A veces, eran tan fuertes los ataques de asma que dec\u00eda: \u00a1Abridme el pecho! 95. Por [&hellip;]<\/p>\n","protected":false},"author":1,"featured_media":0,"comment_status":"open","ping_status":"open","sticky":false,"template":"","format":"standard","meta":{"footnotes":""},"categories":[4],"tags":[],"class_list":["post-49085","post","type-post","status-publish","format-standard","hentry","category-divulgacion"],"_links":{"self":[{"href":"http:\/\/www.floracantabrica.com\/index.php?rest_route=\/wp\/v2\/posts\/49085","targetHints":{"allow":["GET"]}}],"collection":[{"href":"http:\/\/www.floracantabrica.com\/index.php?rest_route=\/wp\/v2\/posts"}],"about":[{"href":"http:\/\/www.floracantabrica.com\/index.php?rest_route=\/wp\/v2\/types\/post"}],"author":[{"embeddable":true,"href":"http:\/\/www.floracantabrica.com\/index.php?rest_route=\/wp\/v2\/users\/1"}],"replies":[{"embeddable":true,"href":"http:\/\/www.floracantabrica.com\/index.php?rest_route=%2Fwp%2Fv2%2Fcomments&post=49085"}],"version-history":[{"count":6,"href":"http:\/\/www.floracantabrica.com\/index.php?rest_route=\/wp\/v2\/posts\/49085\/revisions"}],"predecessor-version":[{"id":58924,"href":"http:\/\/www.floracantabrica.com\/index.php?rest_route=\/wp\/v2\/posts\/49085\/revisions\/58924"}],"wp:attachment":[{"href":"http:\/\/www.floracantabrica.com\/index.php?rest_route=%2Fwp%2Fv2%2Fmedia&parent=49085"}],"wp:term":[{"taxonomy":"category","embeddable":true,"href":"http:\/\/www.floracantabrica.com\/index.php?rest_route=%2Fwp%2Fv2%2Fcategories&post=49085"},{"taxonomy":"post_tag","embeddable":true,"href":"http:\/\/www.floracantabrica.com\/index.php?rest_route=%2Fwp%2Fv2%2Ftags&post=49085"}],"curies":[{"name":"wp","href":"https:\/\/api.w.org\/{rel}","templated":true}]}}