{"id":48689,"date":"2021-07-17T10:44:02","date_gmt":"2021-07-17T08:44:02","guid":{"rendered":"http:\/\/www.floracantabrica.com\/?p=48689"},"modified":"2021-07-17T10:49:14","modified_gmt":"2021-07-17T08:49:14","slug":"faustina-kowalskaespanol-6","status":"publish","type":"post","link":"http:\/\/www.floracantabrica.com\/?p=48689","title":{"rendered":"Faustina Kowalska,\u00b4ESPA\u00d1OL.6"},"content":{"rendered":"<p><a href=\"http:\/\/twitter.com\/share?url=http%3A%2F%2Fwww.floracantabrica.com%2F%3Fp%3D48689&amp;count=none&amp;lang=es&amp;via=lorencincoreses&amp;related=Mujerverdosa&amp;text=Faustina Kowalska,\u00b4ESPA\u00d1OL.6 - Flora Cant\u00e1brica\" class=\"twitter-share-button\">Tweet<\/a><\/p><p><span style=\"font-size: 14pt;\"><strong>LA NUEVA CONGREGACI\u00d3N<\/strong><\/span><\/p>\n<p><span style=\"font-size: 14pt;\"><strong>\u00a0<\/strong><\/span><\/p>\n<p><span style=\"font-size: 14pt;\">Sor Faustina trat\u00f3 de conocer <strong>el plan Divino de crear una nueva<\/strong> <strong>Congregaci\u00f3n religiosa<\/strong>. Con esta intenci\u00f3n ofreci\u00f3 a Dios muchas oraciones y muchos sufrimientos. En junio de 1935 en Vilna (Lituania) anot\u00f3:<\/span><\/p>\n<p>&nbsp;<\/p>\n<p><span style=\"font-size: 14pt;\"><strong>\u201c<\/strong><strong>Dios exige que hubiera una Congregaci\u00f3n que proclama la Divina misericordia y la implorase para el mundo\u201d (Diario, 436).<\/strong><\/span><\/p>\n<p>&nbsp;<\/p>\n<p><span style=\"font-size: 14pt;\">\u201cImpetrar\u00e1n incesantemente la Divina misericordia para s\u00ed y para el mundo entero, y cada acto de misericordia brotar\u00e1 del amor de Dios del que estar\u00e1n colmadas. Este gran atributo de Dios, tratar\u00e1n de asimilarlo y vivir de \u00e9l, y procurar\u00e1n que los dem\u00e1s lo conozcan y tengan confianza en la bondad de Dios\u201d (Diario, 664).<\/span><\/p>\n<p>&nbsp;<\/p>\n<p><span style=\"font-size: 14pt;\"><strong>\u201cVi el convento de esta nueva Congregaci\u00f3n<\/strong>. Una casa amplia y espaciosa, visit\u00e9 cada cuarto uno tras otro; vi que la Divina providencia hab\u00eda provisto cada lugar de todo lo que era necesario (&#8230;).<\/span><\/p>\n<p><span style=\"font-size: 14pt;\">Durante la Santa Misa me vino la luz y una profunda comprensi\u00f3n de toda esta obra y en mi alma no qued\u00f3 ni una sombra de duda. <strong>El Se\u00f1or me ha hecho conocer su voluntad en tres aspectos, pero constitu\u00edan una sola cosa<\/strong>.<\/span><\/p>\n<p><span style=\"font-size: 14pt;\"><strong>El primero<\/strong>: donde las almas apartadas del mundo arder\u00e1n como v\u00edctimas ante el trono de Dios y <strong>pedir\u00e1n misericordia para el mundo entero<\/strong>&#8230; Implorar\u00e1n bendiciones para los sacerdotes y, a trav\u00e9s de su oraci\u00f3n, preparar\u00e1n al mundo para la venida final de Jes\u00fas.<\/span><\/p>\n<p>&nbsp;<\/p>\n<p><span style=\"font-size: 14pt;\"><strong>El segundo<\/strong>: la oraci\u00f3n unida con las obras de misericordia. <strong>De modo especial proteger\u00e1n del mal a las almas de los ni\u00f1os. La<\/strong> oraci\u00f3n y el obra de misericordia encierran en s\u00ed todo lo que aquellas almas deben hacer. (&#8230;) en este mundo lleno de ego\u00edsmo, se empe\u00f1ar\u00e1n en despertar el amor y la misericordia de Jes\u00fas.<\/span><\/p>\n<p>&nbsp;<\/p>\n<p><span style=\"font-size: 14pt;\">El tercero: <strong>la oraci\u00f3n y la actitud caritativa no ligada por ning\u00fan voto<\/strong>, pero por practicarlas participar\u00e1n de todos los m\u00e9ritos y privilegios de la Comunidat. A este grupo pueden pertenecer todas las personas que viven en el mundo.<\/span><\/p>\n<p>&nbsp;<\/p>\n<p><span style=\"font-size: 14pt;\"><strong>El miembro de este grupo debe cumplir una obra de misericordia al d\u00eda. Por lo menos, pero pueden ser m\u00e1s, porque cada uno puede cumplirlas f\u00e1cilmente, incluso el m\u00e1s pobre, ya que es triple el modo de hacer una obra\u00a0 de misericordia<\/strong>;<\/span><\/p>\n<p><span style=\"font-size: 14pt;\"><strong>primera: la palabra <\/strong>misericordiosa, perdonando y consolando<strong>;<\/strong><\/span><\/p>\n<p><span style=\"font-size: 14pt;\"><strong><br \/>\nsegundo: cuando no es posible con la palabra, entonces rezando <\/strong>y esto tambi\u00e9n es una obra de misericordia;<\/span><\/p>\n<p><span style=\"font-size: 14pt;\"><strong><br \/>\ntercero: las obras de misericordia. <\/strong>Y cuando llegue el \u00faltimo d\u00eda, seremos juzgados de esto y seg\u00fan esto recibiremos la sentencia eterna\u201d (Diario, 1154-1158).<\/span><\/p>\n<p><span style=\"font-size: 14pt;\"><strong>Durante las \u00faltimas semanas antes de que sor Faustina falleciera<\/strong>, el padre Miguel Sopo\u0107ko se encontr\u00f3 con ella en Cracovia en dos ocasiones. Durante estas reuniones, recibi\u00f3 las \u00faltimas instrucciones: el testamento que ejecut\u00f3 despu\u00e9s de su muerte.<\/span><\/p>\n<p>&nbsp;<\/p>\n<p><span style=\"font-size: 14pt;\">\u00ab<strong>Diario\u00bb del P. Sopo\u0107ko:<\/strong><\/span><\/p>\n<p><span style=\"font-size: 14pt;\"><strong>\u00a0<\/strong><\/span><\/p>\n<p><span style=\"font-size: 14pt;\"><strong>\u201dLa visit\u00e9 durante la <\/strong>semana y, entre otras cosas, habl\u00e9 con ella de la Congregaci\u00f3n que ella quer\u00eda fundar&#8230;, y ahora se estaba muriendo, subrayando que probablemente todo hab\u00eda sido una ilusi\u00f3n, al igual que tal vez las dem\u00e1s cosas que ella contaba tambi\u00e9n lo fueron. Durante la misa, me vino un pensamiento:\u00a0igual que ella no se vio capaz de pintar la imagen de Jes\u00fas, y s\u00f3lo se limit\u00f3 a dar las indicaciones necesarias, tampoco habr\u00eda sabido fundar una congregaci\u00f3n nueva, y s\u00f3lo daba unas indicaciones generales.<\/span><\/p>\n<p>&nbsp;<\/p>\n<p><span style=\"font-size: 14pt;\"><strong>La urgencia significaba la necesidad de fundar esa congregaci\u00f3n<\/strong> en los tiempos de horror que se aproximaban. M\u00e1s tarde, cuando fui al hospital y le pregunt\u00e9 si ten\u00eda algo que decirme acerca del asunto, me dijo que no necesitaba decir nada, porque el Se\u00f1or ya me hab\u00eda iluminado durante la Santa Misa.<\/span><\/p>\n<p>&nbsp;<\/p>\n<p><span style=\"font-size: 14pt;\"><strong>Al marcharme, mientras nos desped\u00edamos, me dijo tres cosas importantes<\/strong>:<\/span><\/p>\n<ol>\n<li><span style=\"font-size: 14pt;\">No puedo dejar de difundir el culto a la Divina Misericordia; particularmente debo empe\u00f1arme en que se instituya la fiesta de la Divina Misericordia el primer domingo despu\u00e9s de la Pascua. Nunca puedo decir que ya he hecho lo suficiente. Aunque se amontonen las mayores dificultades, aunque parezca que el Mismo Dios no lo quiera, no debo rendirme, pues la Divina Misericordia es inagotable y nuestra vida no bastar\u00e1 para alabarla. El mundo no existir\u00e1 por mucho tiempo y Dios quiere dar gracia a las personas antes de su fin, a la gente para que nadie pueda excusarse en el juicio final de que no conoc\u00eda la bondad de Dios y no hab\u00eda o\u00eddo hablar de Su Misericordia.<\/span><\/li>\n<li><span style=\"font-size: 14pt;\">Debo permanecer m\u00e1s bien indiferente al asunto de la<\/span><\/li>\n<\/ol>\n<p><span style=\"font-size: 14pt;\">congregaci\u00f3n, la cual va a empezar m\u00e1s bien con cosas insignificantes y peque\u00f1as, y cuando esto ocurra, la iniciativa saldr\u00e1 de otras personas (&#8230;). Me dijo que, Dios mismo llamar\u00e1 a una persona del mundo que tendr\u00e1 ciertas se\u00f1ales para saber que es ella.<\/span><\/p>\n<p>&nbsp;<\/p>\n<p><span style=\"font-size: 14pt;\">III. Tener intenciones puras en todo este asunto y en las actividades que haga. No buscarme a m\u00ed mismo sino buscar \u00fanicamente la gloria de Dios y la salvaci\u00f3n de las almas. (\u2026) Si se llega a fundar la congregaci\u00f3n, yo debo m\u00e1s bien dejar que la dirijan los dem\u00e1s, evitando ponerme yo al frente y querer dirigirla por mi cuenta; deber\u00eda estar preparado para las mayores dificultades, incluso verme abandonado, sufriendo decepciones, ingratitud y persecuci\u00f3n (\u2026) <strong>Cuando al cabo de un rato volv\u00ed a la celda para darle todav\u00eda unas im\u00e1genes o estampas, la encontr\u00e9 en \u00e9xtasis, en medio de su oraci\u00f3n: parec\u00eda una figura sobrenatural<\/strong>. Sent\u00ed un dolor resquebrajante en mi alma, y una amargura, porque deb\u00eda ya despedirme de esta alma tan extraordinaria. <strong>Me sent\u00ed abandonado por todo el mundo, pero entend\u00ed que era yo quien, ante todo, ten\u00eda que confiar en la Divina Misericordia\u201d (\u201dDiario\u201d del padre M. Sopo\u0107ko).<\/strong><\/span><\/p>\n<p><span style=\"font-size: 14pt;\"><img decoding=\"async\" src=\"https:\/\/www.virgenmariaauxiliadora.com\/wp-content\/uploads\/2016\/01\/Oraci%C3%B3n-al-Se%C3%B1or-de-la-Misericordia-para-pedir-bendiciones-en-el-hogar.jpg\" alt=\"Oraci\u00f3n al Se\u00f1or de la Misericordia para pedir bendiciones en el hogar\" \/><\/span><\/p>\n<p>&nbsp;<\/p>\n","protected":false},"excerpt":{"rendered":"<p>TweetLA NUEVA CONGREGACI\u00d3N \u00a0 Sor Faustina trat\u00f3 de conocer el plan Divino de crear una nueva Congregaci\u00f3n religiosa. Con esta intenci\u00f3n ofreci\u00f3 a Dios muchas oraciones y muchos sufrimientos. En junio de 1935 en Vilna (Lituania) anot\u00f3: &nbsp; \u201cDios exige que hubiera una Congregaci\u00f3n que proclama la Divina misericordia y la implorase para el mundo\u201d [&hellip;]<\/p>\n","protected":false},"author":1,"featured_media":0,"comment_status":"open","ping_status":"open","sticky":false,"template":"","format":"standard","meta":{"footnotes":""},"categories":[4],"tags":[],"class_list":["post-48689","post","type-post","status-publish","format-standard","hentry","category-divulgacion"],"_links":{"self":[{"href":"http:\/\/www.floracantabrica.com\/index.php?rest_route=\/wp\/v2\/posts\/48689","targetHints":{"allow":["GET"]}}],"collection":[{"href":"http:\/\/www.floracantabrica.com\/index.php?rest_route=\/wp\/v2\/posts"}],"about":[{"href":"http:\/\/www.floracantabrica.com\/index.php?rest_route=\/wp\/v2\/types\/post"}],"author":[{"embeddable":true,"href":"http:\/\/www.floracantabrica.com\/index.php?rest_route=\/wp\/v2\/users\/1"}],"replies":[{"embeddable":true,"href":"http:\/\/www.floracantabrica.com\/index.php?rest_route=%2Fwp%2Fv2%2Fcomments&post=48689"}],"version-history":[{"count":5,"href":"http:\/\/www.floracantabrica.com\/index.php?rest_route=\/wp\/v2\/posts\/48689\/revisions"}],"predecessor-version":[{"id":48794,"href":"http:\/\/www.floracantabrica.com\/index.php?rest_route=\/wp\/v2\/posts\/48689\/revisions\/48794"}],"wp:attachment":[{"href":"http:\/\/www.floracantabrica.com\/index.php?rest_route=%2Fwp%2Fv2%2Fmedia&parent=48689"}],"wp:term":[{"taxonomy":"category","embeddable":true,"href":"http:\/\/www.floracantabrica.com\/index.php?rest_route=%2Fwp%2Fv2%2Fcategories&post=48689"},{"taxonomy":"post_tag","embeddable":true,"href":"http:\/\/www.floracantabrica.com\/index.php?rest_route=%2Fwp%2Fv2%2Ftags&post=48689"}],"curies":[{"name":"wp","href":"https:\/\/api.w.org\/{rel}","templated":true}]}}