{"id":48638,"date":"2021-07-14T08:40:13","date_gmt":"2021-07-14T06:40:13","guid":{"rendered":"http:\/\/www.floracantabrica.com\/?p=48638"},"modified":"2021-07-14T08:40:58","modified_gmt":"2021-07-14T06:40:58","slug":"faustina-kowalskaespanol-5","status":"publish","type":"post","link":"http:\/\/www.floracantabrica.com\/?p=48638","title":{"rendered":"Faustina Kowalska,\u00b4ESPA\u00d1OL.5"},"content":{"rendered":"<p><a href=\"http:\/\/twitter.com\/share?url=http%3A%2F%2Fwww.floracantabrica.com%2F%3Fp%3D48638&amp;count=none&amp;lang=es&amp;via=lorencincoreses&amp;related=Mujerverdosa&amp;text=Faustina Kowalska,\u00b4ESPA\u00d1OL.5 - Flora Cant\u00e1brica\" class=\"twitter-share-button\">Tweet<\/a><\/p><p><span style=\"font-size: 14pt;\"><strong>LA CORONILLA A LA DIVINA MISERICORDIA<\/strong><\/span><\/p>\n<p>&nbsp;<\/p>\n<p><span style=\"font-size: 14pt;\">\u00a0(para rezarla con las cuentas del rosario)<\/span><\/p>\n<p>&nbsp;<\/p>\n<p><span style=\"font-size: 14pt;\"><strong>La coronilla a la Divina Misericordia<\/strong>.\u00a0 <strong>El Se\u00f1or Jes\u00fas dict\u00f3 esta oraci\u00f3n a Sor Faustina entre el 13 y el 14 de septiembre de 1935 en Vilna, como una oraci\u00f3n para aplacar la ira divina (vea el Diario, 474 \u2013 476).<\/strong><\/span><\/p>\n<p>&nbsp;<\/p>\n<p>&nbsp;<\/p>\n<p><span style=\"font-size: 14pt;\">Las personas que rezan esta coronilla ofrecen a Dios Padre \u201cel Cuerpo y la Sangre, el Alma y la Divinidad\u201d de Jesucristo como propiciaci\u00f3n de sus pecados, los pecados de sus familiares y los del mundo entero.\u00a0 Al unirse al sacrificio de Jes\u00fas, apelan a este amor con el que Dios Padre ama a Su Hijo y El a todas las personas<\/span>.<\/p>\n<p>&nbsp;<\/p>\n<p><strong><em>Al comienzo:<\/em><\/strong><\/p>\n<p>&nbsp;<\/p>\n<p>Padre nuestro, que est\u00e1s en el cielo, santificado sea tu nombre; venga a nosotros tu reino; h\u00e1gase tu voluntad en la tierra como en el cielo. Danos hoy nuestro pan de cada d\u00eda; perdona nuestras ofensas, como tambi\u00e9n nosotros perdonamos a los que nos ofenden; no nos dejes caer en la tentaci\u00f3n, y l\u00edbranos del mal. Am\u00e9n.<\/p>\n<p>&nbsp;<\/p>\n<p>Dios te salve, Mar\u00eda, llena eres de gracia, el Se\u00f1or es contigo, bendita T\u00fa eres entre todas las mujeres y bendito es el fruto de tu vientre, Jes\u00fas. Santa Mar\u00eda, Madre de Dios, ruega por nosotros, pecadores, ahora y en la hora de nuestra muerte. Am\u00e9n.<\/p>\n<p>&nbsp;<\/p>\n<p>&nbsp;<\/p>\n<p>Creo en Dios, Padre Todopoderoso, Creador del cielo y de la tierra. Creo en Jesucristo, su \u00fanico Hijo, Nuestro Se\u00f1or, que fue concebido por obra y gracia del Esp\u00edritu Santo, naci\u00f3 de Santa Mar\u00eda Virgen, padeci\u00f3 bajo el poder de Poncio Pilato, fue crucificado, muerto y sepultado, descendi\u00f3 a los infiernos, al tercer d\u00eda resucit\u00f3 de entre los muertos, subi\u00f3 a los cielos y est\u00e1 sentado a la derecha de Dios, Padre todopoderoso. Desde all\u00ed ha de venir a juzgar a vivos y muertos. Creo en el Esp\u00edritu Santo, La Santa Iglesia Cat\u00f3lica, la comuni\u00f3n de los santos, el perd\u00f3n de los pecados, la resurrecci\u00f3n de la carne y la vida eterna. Am\u00e9n.<\/p>\n<p>&nbsp;<\/p>\n<p><span style=\"font-size: 14pt;\"><strong><em>Al comienzo de cada decena (1 vez):<\/em><\/strong><\/span><\/p>\n<p>&nbsp;<\/p>\n<p>&nbsp;<\/p>\n<p><span style=\"font-size: 14pt;\"><strong>Padre Eterno, Te ofrezco el Cuerpo y la Sangre, el Alma y la Divinidad de Tu amad\u00edsimo Hijo, nuestro Se\u00f1or Jesucristo, como propiciaci\u00f3n de nuestros pecados y los del mundo entero.<\/strong><\/span><\/p>\n<p>&nbsp;<\/p>\n<p><span style=\"font-size: 14pt;\"><strong><em>En cada cuenta de la decena (10 veces):<\/em><\/strong><\/span><\/p>\n<p>&nbsp;<\/p>\n<p>&nbsp;<\/p>\n<p><span style=\"font-size: 14pt;\"><strong>Por Su dolorosa Pasi\u00f3n, ten misericordia de nosotros y del mundo entero.<\/strong><\/span><\/p>\n<p>&nbsp;<\/p>\n<p>&nbsp;<\/p>\n<p><span style=\"font-size: 14pt;\"><strong><em>Al terminar (3 veces):<\/em><\/strong><\/span><\/p>\n<p>&nbsp;<\/p>\n<p>&nbsp;<\/p>\n<p><span style=\"font-size: 14pt;\"><strong>Santo Dios, Santo Fuerte,\u00a0 Santo Inmortal, ten piedad de\u00a0 nosotros y del mundo entero.<\/strong><\/span><\/p>\n<p><span style=\"font-size: 14pt;\"><strong>___________<\/strong><\/span><\/p>\n<p>&nbsp;<\/p>\n","protected":false},"excerpt":{"rendered":"<p>TweetLA CORONILLA A LA DIVINA MISERICORDIA &nbsp; \u00a0(para rezarla con las cuentas del rosario) &nbsp; La coronilla a la Divina Misericordia.\u00a0 El Se\u00f1or Jes\u00fas dict\u00f3 esta oraci\u00f3n a Sor Faustina entre el 13 y el 14 de septiembre de 1935 en Vilna, como una oraci\u00f3n para aplacar la ira divina (vea el Diario, 474 \u2013 [&hellip;]<\/p>\n","protected":false},"author":1,"featured_media":0,"comment_status":"open","ping_status":"open","sticky":false,"template":"","format":"standard","meta":{"footnotes":""},"categories":[4],"tags":[],"class_list":["post-48638","post","type-post","status-publish","format-standard","hentry","category-divulgacion"],"_links":{"self":[{"href":"http:\/\/www.floracantabrica.com\/index.php?rest_route=\/wp\/v2\/posts\/48638","targetHints":{"allow":["GET"]}}],"collection":[{"href":"http:\/\/www.floracantabrica.com\/index.php?rest_route=\/wp\/v2\/posts"}],"about":[{"href":"http:\/\/www.floracantabrica.com\/index.php?rest_route=\/wp\/v2\/types\/post"}],"author":[{"embeddable":true,"href":"http:\/\/www.floracantabrica.com\/index.php?rest_route=\/wp\/v2\/users\/1"}],"replies":[{"embeddable":true,"href":"http:\/\/www.floracantabrica.com\/index.php?rest_route=%2Fwp%2Fv2%2Fcomments&post=48638"}],"version-history":[{"count":2,"href":"http:\/\/www.floracantabrica.com\/index.php?rest_route=\/wp\/v2\/posts\/48638\/revisions"}],"predecessor-version":[{"id":48681,"href":"http:\/\/www.floracantabrica.com\/index.php?rest_route=\/wp\/v2\/posts\/48638\/revisions\/48681"}],"wp:attachment":[{"href":"http:\/\/www.floracantabrica.com\/index.php?rest_route=%2Fwp%2Fv2%2Fmedia&parent=48638"}],"wp:term":[{"taxonomy":"category","embeddable":true,"href":"http:\/\/www.floracantabrica.com\/index.php?rest_route=%2Fwp%2Fv2%2Fcategories&post=48638"},{"taxonomy":"post_tag","embeddable":true,"href":"http:\/\/www.floracantabrica.com\/index.php?rest_route=%2Fwp%2Fv2%2Ftags&post=48638"}],"curies":[{"name":"wp","href":"https:\/\/api.w.org\/{rel}","templated":true}]}}