{"id":48409,"date":"2021-06-05T18:03:43","date_gmt":"2021-06-05T16:03:43","guid":{"rendered":"http:\/\/www.floracantabrica.com\/?p=48409"},"modified":"2021-06-05T18:05:58","modified_gmt":"2021-06-05T16:05:58","slug":"geinigenieria-solar-5-621","status":"publish","type":"post","link":"http:\/\/www.floracantabrica.com\/?p=48409","title":{"rendered":"Geinigenier\u00eda Solar 5 6,21"},"content":{"rendered":"<p><a href=\"http:\/\/twitter.com\/share?url=http%3A%2F%2Fwww.floracantabrica.com%2F%3Fp%3D48409&amp;count=none&amp;lang=es&amp;via=lorencincoreses&amp;related=Mujerverdosa&amp;text=Geinigenier\u00eda Solar 5 6,21 - Flora Cant\u00e1brica\" class=\"twitter-share-button\">Tweet<\/a><\/p><h1><span style=\"background-color: #ff6600;\">ETC<\/span><\/h1>\n<p>&nbsp;<\/p>\n<h1 id=\"page-title\" class=\"title\"><span style=\"background-color: #ff6600;\">Geoingenier\u00eda Solar: Voces cr\u00edticas<\/span><\/h1>\n<article class=\"node-6421 node node-story node-promoted node-sticky view-mode-full clearfix\">\n<header><\/header>\n<div class=\"field field-name-field-subtitle field-type-text field-label-hidden\">\n<div class=\"field-items\">\n<div class=\"field-item even\">Cient\u00edficos, pueblos ind\u00edgenas, j\u00f3venes y activistas por el clima denuncian la geoingenier\u00eda solar<\/div>\n<\/div>\n<\/div>\n<div class=\"field field-name-field-photo-main field-type-image field-label-hidden\">\n<div class=\"field-items\">\n<div class=\"field-item even\"><img loading=\"lazy\" decoding=\"async\" src=\"https:\/\/www.etcgroup.org\/sites\/www.etcgroup.org\/files\/styles\/large\/public\/files\/geoingenieria_solar_spa-paisaje_0.jpeg?itok=gEulOYE1\" width=\"480\" height=\"240\" \/><\/div>\n<\/div>\n<\/div>\n<div class=\"field field-name-body field-type-text-with-summary field-label-hidden\">\n<div class=\"field-items\">\n<div class=\"field-item even\">\n<p>Desde los primeros meses de 2021, cient\u00edficos, pueblos ind\u00edgenas y movimientos por el clima se unieron para frenar el proyecto de geoingenier\u00eda solar\u00a0<em>SCoPEx\u00a0<\/em>en Kiruna, Suecia.<\/p>\n<p>El mi\u00e9rcoles pr\u00f3ximo, 9 de junio, Michael Mann, Raymond Pierrehumbert, Jennie Stephens, Tom Goldtooth, Naomi Klein, \u00c5sa Larson-Blind, Bill McKibben, Vandana Shiva y Greta Thunberg convergen con el mensaje: la geoingenier\u00eda no es una soluci\u00f3n clim\u00e1tica.<\/p>\n<p>Les invitamos a la\u00a0<a href=\"https:\/\/www.facebook.com\/events\/880840502471819\/\">transmisi\u00f3n en vivo de este evento<\/a>, el\u00a0<strong>9 de junio de 11:00 a 13:30 hora de Montreal (EST), 10:00 hora de M\u00e9xico, 12:00 hora de Argentina.<\/strong><\/p>\n<p>El evento ser\u00e1 en ingl\u00e9s<em>. La\u00a0 traducci\u00f3n a castellano estar\u00e1 disponible posteriormente.<\/em><\/p>\n<p>* * *<\/p>\n<p>La idea de utilizar la geoingenier\u00eda solar para enmascarar el aumento de las temperaturas debido al cambio clim\u00e1tico, antes relegada a los m\u00e1rgenes del debate clim\u00e1tico, est\u00e1 recibiendo cada vez m\u00e1s atenci\u00f3n por parte de algunos cient\u00edficos, gobiernos y medios de comunicaci\u00f3n.<\/p>\n<p>Llamativos titulares sobre soluciones milagrosas de geoingenier\u00eda, a menudo restan importancia a los riesgos reales y profundos que plantean estas tecnolog\u00edas, como da\u00f1os potencialmente devastadores para los ecosistemas, el aumento de sequ\u00edas y fen\u00f3menos meteorol\u00f3gicos extremos, y la disrupci\u00f3n de la producci\u00f3n de alimentos para millones de personas en todo el mundo. Impactos que nos afectar\u00edan a todos, pero recaer\u00edan en mayor medida sobre los pueblos ind\u00edgenas y las comunidades del Sur Global.<\/p>\n<p>La ilusi\u00f3n de una soluci\u00f3n tecnol\u00f3gica r\u00e1pida funciona adem\u00e1s como excusa para retrasar las soluciones clim\u00e1ticas reales, poniendo en riesgo tanto a las generaciones presentes como a las futuras.<\/p>\n<p>Ahora que existen multimillonarios que financian este tipo de proyectos, varios gobiernos poderosos que comienzan a subvencionar activamente la investigaci\u00f3n en geoingenier\u00eda y promotores de \u00e9sta que presionan para que se realicen experimentos en el mundo real, estas propuestas tecnol\u00f3gicas ya no son un riesgo lejano y abstracto. Es una preocupaci\u00f3n acuciante para las comunidades, los j\u00f3venes y los movimientos por justicia clim\u00e1tica en todo el mundo.<\/p>\n<p>Uno de estos proyectos -el muy controvertido experimento de geoingenier\u00eda solar SCoPEx- estaba programado para llevarse a cabo sobre territorios ind\u00edgenas saami en Suecia. Juntos, los cient\u00edficos, el pueblo ind\u00edgena saami y los movimientos clim\u00e1ticos suecos e internacionales\u00a0<a href=\"https:\/\/es.geoengineeringmonitor.org\/2021\/04\/el-sueno-de-la-razon\/\">lograron cancelar el experimento<\/a>. Esa misma coalici\u00f3n est\u00e1 decidida a no permitir que se realicen experimentos similares en tierras ind\u00edgenas ni en cualquier otro lugar.<\/p>\n<p>Acomp\u00e1\u00f1anos en este evento, en el cual destacados cient\u00edficos, l\u00edderes ind\u00edgenas, j\u00f3venes y activistas del clima, debaten sobre los crecientes riesgos y los impactos desiguales de la geoingenier\u00eda solar y exploran c\u00f3mo es posible la acci\u00f3n clim\u00e1tica sin arreglos tecnol\u00f3gicos peligrosos:<\/p>\n<p>Comenzamos con un panel de perspectivas cient\u00edficas con\u00a0<strong>Michael Mann, Raymond Pierrehumbert y Jennie Stephens\u00a0<\/strong>(9 de junio, 10 h de M\u00e9xico, 12 h de Argentina)<\/p>\n<p>Seguido de un panel con conocidos activistas de movimientos, pueblos ind\u00edgenas y el Sur Global:\u00a0<strong>Tom Goldtooth, Naomi Klein, \u00c5sa Larson-Blind, Bill McKibben, Vandana Shiva y Greta Thunberg.\u00a0<\/strong>(9 de junio, 11 h de M\u00e9xico, 13 h de Argentina)<\/p>\n<p>Les invitamos a\u00a0<a href=\"https:\/\/www.facebook.com\/events\/880840502471819\/\">registrarse para el evento en vivo en Facebook<\/a><\/p>\n<p><em>Organizan: CIEL, Grupo ETC, Heinrich Boell Stiftung, Indigenous Environmental Network, Saami Council, What Next.<\/em><\/p>\n<\/div>\n<\/div>\n<\/div>\n<div class=\"field field-name-upload field-type-file field-label-hidden\">\n<div class=\"field-items\">\n<div class=\"field-item even\">\n<table class=\"sticky-header\">\n<thead>\n<tr>\n<th><\/th>\n<th><\/th>\n<\/tr>\n<\/thead>\n<\/table>\n<table class=\"sticky-enabled tableheader-processed sticky-table\">\n<thead>\n<tr>\n<th>Adjunto<\/th>\n<th>Tama\u00f1o<\/th>\n<\/tr>\n<\/thead>\n<tbody>\n<tr class=\"odd\">\n<td><span class=\"file\"><img decoding=\"async\" class=\"file-icon\" title=\"image\/jpeg\" src=\"https:\/\/www.etcgroup.org\/modules\/file\/icons\/image-x-generic.png\" alt=\"Icono de Imagen\" \/>\u00a0<a title=\"geoingenieria_solar_spa-paisaje.jpeg\" href=\"https:\/\/www.etcgroup.org\/sites\/www.etcgroup.org\/files\/files\/geoingenieria_solar_spa-paisaje.jpeg\" type=\"image\/jpeg; length=152216\">Geoingenieria Solar &#8211; Debate<\/a><\/span><\/td>\n<td>148.65 KB<\/td>\n<\/tr>\n<\/tbody>\n<\/table>\n<\/div>\n<\/div>\n<\/div>\n<\/article>\n","protected":false},"excerpt":{"rendered":"<p>TweetETC &nbsp; Geoingenier\u00eda Solar: Voces cr\u00edticas Cient\u00edficos, pueblos ind\u00edgenas, j\u00f3venes y activistas por el clima denuncian la geoingenier\u00eda solar Desde los primeros meses de 2021, cient\u00edficos, pueblos ind\u00edgenas y movimientos por el clima se unieron para frenar el proyecto de geoingenier\u00eda solar\u00a0SCoPEx\u00a0en Kiruna, Suecia. El mi\u00e9rcoles pr\u00f3ximo, 9 de junio, Michael Mann, Raymond Pierrehumbert, Jennie [&hellip;]<\/p>\n","protected":false},"author":1,"featured_media":0,"comment_status":"open","ping_status":"open","sticky":false,"template":"","format":"standard","meta":{"footnotes":""},"categories":[1],"tags":[],"class_list":["post-48409","post","type-post","status-publish","format-standard","hentry","category-flora"],"_links":{"self":[{"href":"http:\/\/www.floracantabrica.com\/index.php?rest_route=\/wp\/v2\/posts\/48409","targetHints":{"allow":["GET"]}}],"collection":[{"href":"http:\/\/www.floracantabrica.com\/index.php?rest_route=\/wp\/v2\/posts"}],"about":[{"href":"http:\/\/www.floracantabrica.com\/index.php?rest_route=\/wp\/v2\/types\/post"}],"author":[{"embeddable":true,"href":"http:\/\/www.floracantabrica.com\/index.php?rest_route=\/wp\/v2\/users\/1"}],"replies":[{"embeddable":true,"href":"http:\/\/www.floracantabrica.com\/index.php?rest_route=%2Fwp%2Fv2%2Fcomments&post=48409"}],"version-history":[{"count":3,"href":"http:\/\/www.floracantabrica.com\/index.php?rest_route=\/wp\/v2\/posts\/48409\/revisions"}],"predecessor-version":[{"id":48412,"href":"http:\/\/www.floracantabrica.com\/index.php?rest_route=\/wp\/v2\/posts\/48409\/revisions\/48412"}],"wp:attachment":[{"href":"http:\/\/www.floracantabrica.com\/index.php?rest_route=%2Fwp%2Fv2%2Fmedia&parent=48409"}],"wp:term":[{"taxonomy":"category","embeddable":true,"href":"http:\/\/www.floracantabrica.com\/index.php?rest_route=%2Fwp%2Fv2%2Fcategories&post=48409"},{"taxonomy":"post_tag","embeddable":true,"href":"http:\/\/www.floracantabrica.com\/index.php?rest_route=%2Fwp%2Fv2%2Ftags&post=48409"}],"curies":[{"name":"wp","href":"https:\/\/api.w.org\/{rel}","templated":true}]}}