{"id":47769,"date":"2021-04-01T11:00:15","date_gmt":"2021-04-01T09:00:15","guid":{"rendered":"http:\/\/www.floracantabrica.com\/?p=47769"},"modified":"2025-02-08T20:42:26","modified_gmt":"2025-02-08T18:42:26","slug":"frases-del-dia-1-4-21","status":"publish","type":"post","link":"http:\/\/www.floracantabrica.com\/?p=47769","title":{"rendered":"Aparici\u00f3n de la Virgen de F\u00e1tima a los tres pastorcillosfrases del dia 1 4 21"},"content":{"rendered":"<p><a href=\"http:\/\/twitter.com\/share?url=http%3A%2F%2Fwww.floracantabrica.com%2F%3Fp%3D47769&amp;count=none&amp;lang=es&amp;via=lorencincoreses&amp;related=Mujerverdosa&amp;text=Aparici\u00f3n de la Virgen de F\u00e1tima a los tres pastorcillosfrases del dia 1 4 21 - Flora Cant\u00e1brica\" class=\"twitter-share-button\">Tweet<\/a><\/p><p><strong>Aparici\u00f3n de la Virgen de F\u00e1tima a los tres pastorcillos<\/strong><\/p>\n<p>&#8230;&#8230;..<\/p>\n<p>&#8230;&#8230;&#8230;<\/p>\n<p><strong>Memorias dela Hermana Lucia<\/strong><\/p>\n<p>&#8230;.<\/p>\n<p>&#8230;..<\/p>\n<p><a href=\"http:\/\/www.floracantabrica.com\/wp-content\/uploads\/2016\/06\/image00255.jpg\"><img loading=\"lazy\" decoding=\"async\" class=\"aligncenter size-full wp-image-34720\" src=\"http:\/\/www.floracantabrica.com\/wp-content\/uploads\/2016\/06\/image00255.jpg\" alt=\"image002\" width=\"567\" height=\"416\" srcset=\"http:\/\/www.floracantabrica.com\/wp-content\/uploads\/2016\/06\/image00255.jpg 567w, http:\/\/www.floracantabrica.com\/wp-content\/uploads\/2016\/06\/image00255-300x220.jpg 300w\" sizes=\"auto, (max-width: 567px) 100vw, 567px\" \/><\/a><\/p>\n<p>&nbsp;<\/p>\n<p>&nbsp;<\/p>\n<p>&#8230;..<\/p>\n<p><strong>El trece de mayo<\/strong><\/p>\n<p>&#8212;&#8212;&#8212;&#8212;&#8211;<\/p>\n<p>D\u00eda 13 de mayo de 1917. \u2013 Estando jugando con Jacinta y<\/p>\n<p>Francisco encima de la pendiente de Cova de Ir\u00eda, haciendo<\/p>\n<p>una pared alrededor de una mata, vimos, de repente, como un<\/p>\n<p>rel\u00e1mpago.<\/p>\n<p>&nbsp;<\/p>\n<p>\u2013 Es mejor irnos ahora para casa \u2013dije a mis primos\u2013, hay<\/p>\n<p>rel\u00e1mpagos; puede venir tormenta.<\/p>\n<p>&nbsp;<\/p>\n<p>\u2013 Pues s\u00ed.<\/p>\n<p>&#8230;&#8230;&#8230;&#8230;&#8230;.<\/p>\n<p>Y comenzamos a descender la ladera, llevando las ovejas en<\/p>\n<p>direcci\u00f3n del camino. Al llegar poco m\u00e1s o menos a la mitad de la<\/p>\n<p>ladera, muy cerca de una encina grande que all\u00ed hab\u00eda, vimos otro<\/p>\n<p>rel\u00e1mpago; y, dados algunos pasos m\u00e1s adelante, vimos sobre<\/p>\n<p>una carrasca una Se\u00f1ora, vestida toda de blanco, m\u00e1s brillante<\/p>\n<p>que el sol, irradiando una luz m\u00e1s clara e intensa que un vaso de<\/p>\n<p>cristal, lleno de agua cristalina, atravesado por los rayos del sol<\/p>\n<p>m\u00e1s ardiente. Nos detuvimos sorprendidos por la aparici\u00f3n. Est\u00e1bamos<\/p>\n<p>tan cerca que nos qued\u00e1bamos dentro de la luz que la<\/p>\n<p>cercaba, o que Ella irradiaba. Tal vez a metro y medio de distancia<\/p>\n<p>m\u00e1s o menos..<\/p>\n<p>&#8230;&#8230;&#8230;..<\/p>\n<p>Entonces Nuestra Se\u00f1ora nos dijo:<\/p>\n<p>&nbsp;<\/p>\n<p>\u2013 No teng\u00e1is miedo. No os voy a hacer da\u00f1o.<\/p>\n<p>173<\/p>\n<p>\u2013 \u00bfDe d\u00f3nde es Vd.? \u2013 le pregunt\u00e9.<\/p>\n<p>\u2013 Soy del Cielo.<\/p>\n<p>&nbsp;<\/p>\n<p>\u2013 \u00bfY qu\u00e9 es lo que Vd. quiere?<\/p>\n<p>&nbsp;<\/p>\n<p>\u2013 Vengo a pediros que veng\u00e1is aqu\u00ed seis meses seguidos, el<\/p>\n<p>d\u00eda 13 a esta misma hora. Despu\u00e9s os dir\u00e9 qui\u00e9n soy y lo que<\/p>\n<p>quiero. Despu\u00e9s volver\u00e9 aqu\u00ed a\u00fan una s\u00e9ptima vez (12).<\/p>\n<p>\u2013<\/p>\n<p>Y yo, \u00bftambi\u00e9n voy al Cielo?<\/p>\n<p>&nbsp;<\/p>\n<p>&nbsp;<\/p>\n<p>\u2013 S\u00ed, vas.<\/p>\n<p>&nbsp;<\/p>\n<p>\u2013 Y, \u00bfJacinta?<\/p>\n<p>&nbsp;<\/p>\n<p>\u2013 Tambi\u00e9n.<\/p>\n<p>&nbsp;<\/p>\n<p>\u2013 Y \u00bfFrancisco?<\/p>\n<p>&nbsp;<\/p>\n<p>\u2013 Tambi\u00e9n; pero tiene que rezar muchos Rosarios.<\/p>\n<p>Entonces me acord\u00e9 de preguntar por dos muchachas que<\/p>\n<p>hab\u00edan muerto hac\u00eda poco. Eran amigas m\u00edas e iban a mi casa a<\/p>\n<p>aprender a tejer con mi hermana mayor.<\/p>\n<p>&nbsp;<\/p>\n<p>\u2013 \u00bfMar\u00eda de las Nieves ya est\u00e1 en el Cielo?<\/p>\n<p>&nbsp;<\/p>\n<p>\u2013 S\u00ed, est\u00e1. (Me parece que deb\u00eda de tener unos diecis\u00e9is a\u00f1os).<\/p>\n<p>\u2013 Y, \u00bfAmelia?<\/p>\n<p>&nbsp;<\/p>\n<p>\u2013 Estar\u00e1 en el Purgatorio hasta el fin del mundo (13). Me parece<\/p>\n<p>que deb\u00eda de tener de dieciocho a veinte a\u00f1os).<\/p>\n<p>\u2013\u00bfQuer\u00e9is ofreceros a Dios para soportar todos los sufrimientos<\/p>\n<p>que El quisiera enviaros, en acto de desagravio por los<\/p>\n<p>pecados con que es ofendido y de s\u00faplica por la conversi\u00f3n de los<\/p>\n<p>pecadores?<\/p>\n<p>\u2013 S\u00ed, queremos.<\/p>\n<p>&nbsp;<\/p>\n<p>\u2013 Tendr\u00e9is, pues, mucho que sufrir, pero la gracia de Dios ser\u00e1<\/p>\n<p>vuestra fortaleza.<\/p>\n<p><strong>\u00a0&#8230;&#8230;.<\/strong><\/p>\n<p><strong>&#8230;&#8230;<\/strong><\/p>\n<p>Fue al pronunciar estas \u00faltimas palabras (la gracia de Dios,<\/p>\n<p>etc&#8230;) cuando abri\u00f3 por primera vez las manos comunic\u00e1ndonos<\/p>\n<p>una luz tan intensa como un reflejo que de ellas se irradiaba, que<\/p>\n<p>nos penetraba en el pecho y en lo m\u00e1s \u00edntimo del alma, haci\u00e9ndonos<\/p>\n<p>ver a nosotros mismos en Dios que era esa luz, m\u00e1s claramente<\/p>\n<p>que nos vemos en el mejor de los espejos. Entonces por un<\/p>\n<p>impulso \u00edntimo, tambi\u00e9n comunicado, ca\u00edmos de rodillas y repet\u00edamos<\/p>\n<p>\u00edntimamente: \u00abOh Sant\u00edsima Trinidad, yo Os adoro. Dios m\u00edo,<\/p>\n<p>Dios m\u00edo, yo Os amo en el Sant\u00edsimo Sacramento\u00bb.<\/p>\n<p>Pasados los primeros momentos, Nuestra Se\u00f1ora a\u00f1adi\u00f3:..<\/p>\n<p>&nbsp;<\/p>\n<p>&#8212;&#8212;&#8211;<\/p>\n<p>&#8212;&#8211;<\/p>\n<p>&nbsp;<\/p>\n<p>\u2013 Rezad el Rosario todos los d\u00edas, para alcanzar la paz para el<\/p>\n<p>mundo y el fin de la guerra.<\/p>\n<p>&#8230;&#8230;<\/p>\n<p>&#8230;..<\/p>\n<p>En seguida comenz\u00f3 a elevarse suavemente, subiendo en direcci\u00f3n<\/p>\n<p>al naciente, hasta desaparecer en la inmensidad de la lejan\u00eda.<\/p>\n<p>La luz que la rodeaba iba como abriendo camino en la b\u00f3veda<\/p>\n<p>de los astros, motivo por el cual alguna vez dijimos que hab\u00edamos<\/p>\n<p>visto abrirse el Cielo.<\/p>\n<p>,,,,,,,<\/p>\n<p>,,,,,,<\/p>\n<p>Me parece que ya expuse en lo escrito sobre Jacinta o en una<\/p>\n<p>carta, que el miedo que sent\u00edamos, no fue propiamente de Nuestra<\/p>\n<p>Se\u00f1ora, sino de la tormenta que supusimos iba a venir, y de la cual<\/p>\n<p>quer\u00edamos huir. Las apariciones de Nuestra Se\u00f1ora no infunden<\/p>\n<p>miedo o temor, pero si sorpresa.<\/p>\n<p>&#8230;&#8230;<\/p>\n<p>&#8230;.<\/p>\n<p>Cuando preguntaban si hab\u00edamos sentido miedo, y dec\u00eda que s\u00ed,<\/p>\n<p>me refer\u00eda al miedo que hab\u00edamos<\/p>\n<p>tenido de los rel\u00e1mpagos y del trueno que supon\u00eda vendr\u00eda pr\u00f3ximo;<\/p>\n<p>y de eso fue de lo que quer\u00edamos huir, pues est\u00e1bamos habituados<\/p>\n<p>a ver rel\u00e1mpagos s\u00f3lo cuando tronaba.<\/p>\n<p>,,,,,,<\/p>\n<p>,,,,,,,,<\/p>\n<p>Los rel\u00e1mpagos tampoco eran propiamente rel\u00e1mpagos, sino<\/p>\n<p>el reflejo de una luz que se aproximaba. Por ver esta luz es por lo<\/p>\n<p>que dec\u00edamos a veces que ve\u00edamos venir a Nuestra Se\u00f1ora; pero a<\/p>\n<p>Nuestra Se\u00f1ora propiamente s\u00f3lo la distingu\u00edamos en esa luz cuando<\/p>\n<p>estaba ya sobre la encina. El no sabernos explicar o el querer<\/p>\n<p>evitar preguntas fue lo que dio lugar a que algunas veces dec\u00edamos<\/p>\n<p>que la ve\u00edamos venir; otras que no. Cuando dec\u00edamos que s\u00ed,<\/p>\n<p>que la ve\u00edamos venir, nos refer\u00edamos a que ve\u00edamos aproximarse<\/p>\n<p>esa luz que al final era Ella. Y cuando dec\u00edamos que no la ve\u00edamos<\/p>\n<p>venir, nos refer\u00edamos a que Nuestra Se\u00f1ora s\u00f3lo la ve\u00edamos propiamente<\/p>\n<p>cuando estaba ya sobre la encina.<\/p>\n<p>&#8230;&#8230;&#8230;&#8230;&#8230;<\/p>\n<p><a href=\"http:\/\/www.floracantabrica.com\/wp-content\/uploads\/2016\/06\/image002.gif\"><img loading=\"lazy\" decoding=\"async\" class=\"aligncenter size-full wp-image-34727\" src=\"http:\/\/www.floracantabrica.com\/wp-content\/uploads\/2016\/06\/image002.gif\" alt=\"image002\" width=\"531\" height=\"738\" \/><\/a><\/p>\n","protected":false},"excerpt":{"rendered":"<p>TweetAparici\u00f3n de la Virgen de F\u00e1tima a los tres pastorcillos &#8230;&#8230;.. &#8230;&#8230;&#8230; Memorias dela Hermana Lucia &#8230;. &#8230;.. &nbsp; &nbsp; &#8230;.. El trece de mayo &#8212;&#8212;&#8212;&#8212;&#8211; D\u00eda 13 de mayo de 1917. \u2013 Estando jugando con Jacinta y Francisco encima de la pendiente de Cova de Ir\u00eda, haciendo una pared alrededor de una mata, vimos, [&hellip;]<\/p>\n","protected":false},"author":1,"featured_media":0,"comment_status":"open","ping_status":"open","sticky":false,"template":"","format":"standard","meta":{"footnotes":""},"categories":[4],"tags":[],"class_list":["post-47769","post","type-post","status-publish","format-standard","hentry","category-divulgacion"],"_links":{"self":[{"href":"http:\/\/www.floracantabrica.com\/index.php?rest_route=\/wp\/v2\/posts\/47769","targetHints":{"allow":["GET"]}}],"collection":[{"href":"http:\/\/www.floracantabrica.com\/index.php?rest_route=\/wp\/v2\/posts"}],"about":[{"href":"http:\/\/www.floracantabrica.com\/index.php?rest_route=\/wp\/v2\/types\/post"}],"author":[{"embeddable":true,"href":"http:\/\/www.floracantabrica.com\/index.php?rest_route=\/wp\/v2\/users\/1"}],"replies":[{"embeddable":true,"href":"http:\/\/www.floracantabrica.com\/index.php?rest_route=%2Fwp%2Fv2%2Fcomments&post=47769"}],"version-history":[{"count":2,"href":"http:\/\/www.floracantabrica.com\/index.php?rest_route=\/wp\/v2\/posts\/47769\/revisions"}],"predecessor-version":[{"id":58757,"href":"http:\/\/www.floracantabrica.com\/index.php?rest_route=\/wp\/v2\/posts\/47769\/revisions\/58757"}],"wp:attachment":[{"href":"http:\/\/www.floracantabrica.com\/index.php?rest_route=%2Fwp%2Fv2%2Fmedia&parent=47769"}],"wp:term":[{"taxonomy":"category","embeddable":true,"href":"http:\/\/www.floracantabrica.com\/index.php?rest_route=%2Fwp%2Fv2%2Fcategories&post=47769"},{"taxonomy":"post_tag","embeddable":true,"href":"http:\/\/www.floracantabrica.com\/index.php?rest_route=%2Fwp%2Fv2%2Ftags&post=47769"}],"curies":[{"name":"wp","href":"https:\/\/api.w.org\/{rel}","templated":true}]}}