{"id":47760,"date":"2021-03-31T12:17:03","date_gmt":"2021-03-31T10:17:03","guid":{"rendered":"http:\/\/www.floracantabrica.com\/?p=47760"},"modified":"2023-02-09T15:25:24","modified_gmt":"2023-02-09T13:25:24","slug":"frases-del-dia-313-21","status":"publish","type":"post","link":"http:\/\/www.floracantabrica.com\/?p=47760","title":{"rendered":"frases del dia 31,3 21"},"content":{"rendered":"<p><a href=\"http:\/\/twitter.com\/share?url=http%3A%2F%2Fwww.floracantabrica.com%2F%3Fp%3D47760&amp;count=none&amp;lang=es&amp;via=lorencincoreses&amp;related=Mujerverdosa&amp;text=frases del dia 31,3 21 - Flora Cant\u00e1brica\" class=\"twitter-share-button\">Tweet<\/a><\/p><p>sobrenatural<\/p>\n<p>&#8230;..<\/p>\n<p>&#8230;&#8230;<\/p>\n<p>&nbsp;<\/p>\n<p>&nbsp;<\/p>\n<p>&nbsp;<\/p>\n<p>..<\/p>\n<p>El mensaje evang\u00e9lico, fue\u00a0\u00a0 acompa\u00f1ado de fen\u00f3menos extraordinarios (Los milagros)<\/p>\n<p>&#8230;<\/p>\n<p>&#8230;&#8230;&#8230;.<\/p>\n<p><em>Jes\u00fas dec\u00eda :\u00a0Aunque a m\u00ed no me cre\u00e1is, creed a las obras que \u00a0yo hago . para que conozc\u00e1is y cre\u00e1is que el Padre est\u00e1 en m\u00ed<\/em>.<\/p>\n<p>&#8230;&#8230;<\/p>\n<p>&#8230;&#8230;&#8230;<\/p>\n<p>Los disc\u00edpulos de Jes\u00fas, creyeron en el por sus obras ,que superaban lo natural ,es decir por lo sobrenatural.<\/p>\n<p>,,,,,<\/p>\n<p>,,,,,,,,<\/p>\n<p>La multiplicaci\u00f3n de los panes y los peces la curaci\u00f3n de los leprosos , la visi\u00f3n del ciego Bartimeo,la transfiguraci\u00f3n del monte Tabor etc<\/p>\n<p>&#8230;&#8230;&#8230;<\/p>\n<p>&#8230;..<\/p>\n<p>Si no hubiesen existido los milagros visibles y comprobables,\u00a0\u00a0 Jes\u00fas \u00a0pod\u00eda haber \u00a0defendido su procedencia de Hijo de Dios\u00a0 encarnado en el vientre de Mar\u00eda por obra del Esp\u00edritu santo, pero no hab\u00eda un signo externo que lo evidenciase, pero Dios quiso darnos pruebas contundentes, visibles \u00a0para que pudi\u00e9ramos fiarnos de \u00e9l<\/p>\n<p>&#8230;&#8230;<\/p>\n<p>&#8230;&#8230;<\/p>\n<p>La capacidad de hacer milagros, Jes\u00fas se la confiri\u00f3 a sus ap\u00f3stoles ,dando les el poder del Espiritu Santo<\/p>\n<p>&#8230;&#8230;&#8230;..<\/p>\n<p>&#8230;&#8230;<\/p>\n<p><em>1 Al llegar el d\u00eda de Pentecost\u00e9s, estaban todos reunidos en un mismo lugar. 2 De repente vino del cielo un ruido como el de una r\u00e1faga de viento impetuoso, que llen\u00f3 toda la casa en la que se encontraban. 3 Se les aparecieron unas lenguas como de fuego que se repartieron y se posaron sobre cada uno de ellos; 4 <strong>quedaron todos llenos del Esp\u00edritu Santo y se pusieron a hablar en otras lenguas,<\/strong> seg\u00fan el Esp\u00edritu les conced\u00eda expresarse. 5 Hab\u00eda en Jerusal\u00e9n hombres piadosos, que all\u00ed resid\u00edan, venidos de todas las naciones que hay bajo el cielo. 6 Al producirse aquel ruido la gente se congreg\u00f3 y se llen\u00f3 de estupor al o\u00edrles hablar cada uno en su propia lengua.<\/em><\/p>\n<p>&#8230;&#8230;&#8230;&#8230;&#8230;&#8230;&#8230;&#8230;.<\/p>\n<p><em>&#8230;&#8230;&#8230;<\/em><\/p>\n<p><em> 7 Estupefactos y admirados dec\u00edan: \u00ab\u00bfEs que no son galileos todos estos que est\u00e1n hablando? 8 Pues \u00bf<strong>c\u00f3mo cada uno de nosotros les o\u00edmos en nuestra propia lengua nativa<\/strong>? 9 Partos, medos y elamitas; habitantes de Mesopotamia, Judea, Capadocia, el Ponto, Asia, 10 Frigia, Panfilia, Egipto, la parte de Libia fronteriza con Cirene, forasteros romanos, 11 jud\u00edos y pros\u00e9litos, cretenses y \u00e1rabes, todos les o\u00edmos hablar en nuestra lengua las maravillas de Dios.\u00bb<\/em><\/p>\n<p>&#8230;&#8230;<\/p>\n<p>&#8230;&#8230;..<\/p>\n<p>Pedro, hace su primer milagro en el templo de Jerusal\u00e9n<\/p>\n<p>&#8230;.<\/p>\n<p>&#8230;&#8230;..<\/p>\n<p><em>.<\/em><strong><em> 1\u00a0<\/em><\/strong><em>Pedro y Juan sub\u00edan juntos al templo a la hora de la oraci\u00f3n, la hora novena.<\/em><\/p>\n<p>&#8230;&#8230;<\/p>\n<p>&#8230;..<\/p>\n<p><em>\u00a0<\/em><strong><em>2\u00a0<\/em><\/strong><em>Y era tra\u00eddo un hombre que era cojo desde el vientre de su madre, a quien pon\u00edan cada d\u00eda a la puerta del templo que se llama la Hermosa, para que pidiese limosna a los que entraban en el templo.<\/em><\/p>\n<p>,,,,,<\/p>\n<p>,,,,,,,<\/p>\n<p><em>\u00a0<\/em><strong><em>3\u00a0<\/em><\/strong><em>\u00c9ste, cuando vio a Pedro y a Juan que iban a entrar en el templo, les rog\u00f3 que le diesen limosna.<\/em><\/p>\n<p>&#8230;&#8230;<\/p>\n<p>&#8230;&#8230;<\/p>\n<p><em>\u00a0<\/em><strong><em>4\u00a0<\/em><\/strong><em>Y Pedro, con Juan, fijando en \u00e9l los ojos, le dijo: M\u00edranos.<\/em><\/p>\n<p>&#8230;&#8230;.<\/p>\n<p>&#8230;..<\/p>\n<p><em>\u00a0<\/em><strong><em>5\u00a0<\/em><\/strong><em>Entonces \u00e9l estuvo atento a ellos, esperando recibir algo de ellos.<\/em><\/p>\n<p>&#8230;..<\/p>\n<p>&#8230;&#8230;..<\/p>\n<p><em>\u00a0<\/em><strong><em>6\u00a0<\/em><\/strong><em>Y Pedro dijo: No tengo plata ni oro, mas lo que tengo te doy: <strong>En el nombre de Jesucristo de <\/strong><\/em><\/p>\n<p>&#8230;&#8230;&#8230;&#8230;.<\/p>\n<p><em><strong>Nazaret, \u00a1 lev\u00e1ntate y anda!<\/strong><\/em><\/p>\n<p>&#8230;&#8230;.<\/p>\n<p>&#8230;&#8230;.<\/p>\n<p><em>\u00a0<\/em><strong><em>7\u00a0<\/em><\/strong><em>Y tom\u00e1ndole de la mano derecha le levant\u00f3, y al instante fueron afirmados sus pies y sus tobillos;<\/em><\/p>\n<p>,,,,,,<\/p>\n<p>,,,,,,<\/p>\n<p><em>\u00a0<\/em><strong><em>8\u00a0<\/em><\/strong><em>y saltando, se puso de pie y anduvo; y entr\u00f3 con ellos en el templo, andando, y saltando y alabando a Dios.<\/em><\/p>\n<p>&#8230;&#8230;&#8230;.<\/p>\n<p><em>\u00a0<\/em><strong><em>9\u00a0<\/em><\/strong><em>Y todo el pueblo le vio andar y alabar a Dios.<\/em><\/p>\n<p>&#8230;.<\/p>\n<p>&#8230;&#8230;.<\/p>\n<p><em>\u00a0<\/em><strong><em>10\u00a0<\/em><\/strong><em>Y reconocieron que \u00e9l era el que se sentaba a pedir limosna a la puerta del templo, la Hermosa; y se llenaron de asombro y de espanto por lo que le hab\u00eda acontecido.<\/em><\/p>\n<p><em>&#8230;&#8230;&#8230;&#8230;..<\/em><\/p>\n<p><em>\u00a0<\/em><\/p>\n<p><em>\u00a0<\/em><\/p>\n","protected":false},"excerpt":{"rendered":"<p>Tweetsobrenatural &#8230;.. &#8230;&#8230; &nbsp; &nbsp; &nbsp; .. El mensaje evang\u00e9lico, fue\u00a0\u00a0 acompa\u00f1ado de fen\u00f3menos extraordinarios (Los milagros) &#8230; &#8230;&#8230;&#8230;. Jes\u00fas dec\u00eda :\u00a0Aunque a m\u00ed no me cre\u00e1is, creed a las obras que \u00a0yo hago . para que conozc\u00e1is y cre\u00e1is que el Padre est\u00e1 en m\u00ed. &#8230;&#8230; &#8230;&#8230;&#8230; Los disc\u00edpulos de Jes\u00fas, creyeron en el [&hellip;]<\/p>\n","protected":false},"author":1,"featured_media":0,"comment_status":"open","ping_status":"open","sticky":false,"template":"","format":"standard","meta":{"footnotes":""},"categories":[4],"tags":[],"class_list":["post-47760","post","type-post","status-publish","format-standard","hentry","category-divulgacion"],"_links":{"self":[{"href":"http:\/\/www.floracantabrica.com\/index.php?rest_route=\/wp\/v2\/posts\/47760","targetHints":{"allow":["GET"]}}],"collection":[{"href":"http:\/\/www.floracantabrica.com\/index.php?rest_route=\/wp\/v2\/posts"}],"about":[{"href":"http:\/\/www.floracantabrica.com\/index.php?rest_route=\/wp\/v2\/types\/post"}],"author":[{"embeddable":true,"href":"http:\/\/www.floracantabrica.com\/index.php?rest_route=\/wp\/v2\/users\/1"}],"replies":[{"embeddable":true,"href":"http:\/\/www.floracantabrica.com\/index.php?rest_route=%2Fwp%2Fv2%2Fcomments&post=47760"}],"version-history":[{"count":1,"href":"http:\/\/www.floracantabrica.com\/index.php?rest_route=\/wp\/v2\/posts\/47760\/revisions"}],"predecessor-version":[{"id":47761,"href":"http:\/\/www.floracantabrica.com\/index.php?rest_route=\/wp\/v2\/posts\/47760\/revisions\/47761"}],"wp:attachment":[{"href":"http:\/\/www.floracantabrica.com\/index.php?rest_route=%2Fwp%2Fv2%2Fmedia&parent=47760"}],"wp:term":[{"taxonomy":"category","embeddable":true,"href":"http:\/\/www.floracantabrica.com\/index.php?rest_route=%2Fwp%2Fv2%2Fcategories&post=47760"},{"taxonomy":"post_tag","embeddable":true,"href":"http:\/\/www.floracantabrica.com\/index.php?rest_route=%2Fwp%2Fv2%2Ftags&post=47760"}],"curies":[{"name":"wp","href":"https:\/\/api.w.org\/{rel}","templated":true}]}}