{"id":47670,"date":"2021-03-21T12:57:16","date_gmt":"2021-03-21T10:57:16","guid":{"rendered":"http:\/\/www.floracantabrica.com\/?p=47670"},"modified":"2021-11-19T20:33:51","modified_gmt":"2021-11-19T18:33:51","slug":"frases-del-dia-21-3-21","status":"publish","type":"post","link":"http:\/\/www.floracantabrica.com\/?p=47670","title":{"rendered":"frases del dia 21 3 21"},"content":{"rendered":"<p><a href=\"http:\/\/twitter.com\/share?url=http%3A%2F%2Fwww.floracantabrica.com%2F%3Fp%3D47670&amp;count=none&amp;lang=es&amp;via=lorencincoreses&amp;related=Mujerverdosa&amp;text=frases del dia 21 3 21 - Flora Cant\u00e1brica\" class=\"twitter-share-button\">Tweet<\/a><\/p><p><strong>parici\u00f3n del \u00c1ngel a los pastores de F\u00e1tima<\/strong><\/p>\n<p>.<\/p>\n<p>&#8230;&#8230;..<\/p>\n<p>&nbsp;<\/p>\n<p><a href=\"http:\/\/www.floracantabrica.com\/wp-content\/uploads\/2015\/11\/image00267.jpg\"><img loading=\"lazy\" decoding=\"async\" class=\"aligncenter size-full wp-image-32778\" src=\"http:\/\/www.floracantabrica.com\/wp-content\/uploads\/2015\/11\/image00267.jpg\" alt=\"image002\" width=\"566\" height=\"462\" srcset=\"http:\/\/www.floracantabrica.com\/wp-content\/uploads\/2015\/11\/image00267.jpg 566w, http:\/\/www.floracantabrica.com\/wp-content\/uploads\/2015\/11\/image00267-300x244.jpg 300w\" sizes=\"auto, (max-width: 566px) 100vw, 566px\" \/><\/a><\/p>\n<p>&nbsp;<\/p>\n<p>&#8230;..<\/p>\n<p>. Apariciones del \u00c1ngel en 1916<\/p>\n<p>&nbsp;<\/p>\n<p>Por este tiempo, Francisco y Jacinta pidieron y obtuvieron,<\/p>\n<p>como ya cont\u00e9 a V. Excia. Rvma., permiso de sus padres para<\/p>\n<p>comenzar a guardar sus reba\u00f1os. Dej\u00e9, pues, estas buenas compa\u00f1eras<\/p>\n<p>y las sustitu\u00ed por mis primos: Francisco y Jacinta. Entonces<\/p>\n<p>acordamos pastorear nuestros reba\u00f1os en las propiedades<\/p>\n<p>de mis t\u00edos y de mis padres, para no juntarnos en la sierra con los<\/p>\n<p>otros pastores.<\/p>\n<p>&#8230;&#8230;&#8230;&#8230;.<\/p>\n<p>&nbsp;<\/p>\n<p>Un bello d\u00eda fuimos con nuestras ovejas a una propiedad de<\/p>\n<p>mis padres, situada al fondo de dicho monte, mirando al saliente.<\/p>\n<p>Esa propiedad se llama \u00abChousa Velha\u00bb. Alrededor de media ma\u00f1ana<\/p>\n<p>comenz\u00f3 a caer una lluvia fina, algo m\u00e1s que orvallo. Subimos<\/p>\n<p>la falda del monte seguidas por nuestras ovejas, buscando un<\/p>\n<p>resguardo que nos sirviese de abrigo. Fue entonces cuando, por<\/p>\n<p>primera vez, entramos en nuestra caverna bendita. Queda en medio<\/p>\n<p>de un olivar que pertenece a mi padrino Anastasio. Desde all\u00ed<\/p>\n<p>se ve la peque\u00f1a aldea donde nac\u00ed, la casa de mis padres, los<\/p>\n<p>lugares de Casa Velha y Eira da Pedra. El olivar, perteneciente a<\/p>\n<p>varios due\u00f1os, contin\u00faa hasta confundirse con estos peque\u00f1os lugares.<\/p>\n<p>&#8230;&#8230;&#8230;&#8230;..<\/p>\n<p>&nbsp;<\/p>\n<p>All\u00ed pasamos el d\u00eda, a pesar de que la lluvia hab\u00eda cesado y<\/p>\n<p>el sol hab\u00eda aparecido, hermoso y claro. Comimos nuestra merienda,<\/p>\n<p>rezamos nuestro Rosario, y no recuerdo si no fue uno de aquellos<\/p>\n<p>Rosarios que sol\u00edamos rezar, cuando ten\u00edamos ganas de jugar,<\/p>\n<p>como ya dije a V. Excia. Rvma., pasando las cuentas y diciendo<\/p>\n<p>solamente las palabras: \u201cPadre nuestro y Ave Mar\u00eda\u201d. Terminado<\/p>\n<p>nuestro rezo, comenzamos a jugar a las chinas.<\/p>\n<p>&#8230;&#8230;&#8230;&#8230;&#8230;<\/p>\n<p>&nbsp;<\/p>\n<p>Hac\u00eda poco tiempo que jug\u00e1bamos, cuando un viento fuerte<\/p>\n<p>sacudi\u00f3 los \u00e1rboles y nos hizo levantar la vista para ver lo que<\/p>\n<p>pasaba, pues el d\u00eda estaba sereno. Vemos, entonces, que, desde<\/p>\n<p>el olivar (11) se dirige hacia nosotros la figura de la que ya habl\u00e9.<\/p>\n<p>Jacinta y Francisco a\u00fan no la hab\u00edan visto, ni yo les hab\u00eda hablado<\/p>\n<p>de ella. A medida que se aproximaba, ibamos divisando sus facciones:<\/p>\n<p>un joven de unos 14 \u00f3 15 a\u00f1os, m\u00e1s blanco que la nieve, el sol<\/p>\n<p>lo hac\u00eda transparente, como si fuera de cristal, y de una gran belleza.<\/p>\n<p>Al llegar junto a nosotros, dijo:.<\/p>\n<p>&#8230;&#8230;&#8230;&#8230;..<\/p>\n<p>&nbsp;<\/p>\n<p>\u2013 \u00a1No tem\u00e1is! Soy el Angel de la Paz. Rezad conmigo.<\/p>\n<p>&#8230;&#8230;..<\/p>\n<p>Y arrodill\u00e1ndose en tierra, dobl\u00f3 la frente hasta el suelo y nos<\/p>\n<p>hizo repetir por tres veces estas palabras:<\/p>\n<p>\u2013 \u00a1Dios m\u00edo! Yo creo, adoro, espero y os amo. Os pido perd\u00f3n<\/p>\n<p>por los que no creen, no adoran, no esperan y no os aman.<\/p>\n<p>Despu\u00e9s, levant\u00e1ndose, dijo:<\/p>\n<p>\u2013 Rezad as\u00ed. Los Corazones de Jes\u00fas y de Mar\u00eda est\u00e1n atentos<\/p>\n<p>a la voz de vuestras s\u00faplicas.<\/p>\n<p>Sus palabras se grabaron de tal forma en nuestras mentes,<\/p>\n<p>que jam\u00e1s se nos olvidaron. Y, desde entonces, pas\u00e1bamos largos<\/p>\n<p>ratos as\u00ed, postrados, repiti\u00e9ndolas muchas veces, hasta caer cansados.<\/p>\n<p>Entonces, les recomend\u00e9 que era preciso guardar silencio,<\/p>\n<p>y esta vez, gracias a Dios, me hicieron caso.<\/p>\n<p>&nbsp;<\/p>\n<p>Pasado bastante tiempo (12), en un d\u00eda de verano, en que hab\u00edamos<\/p>\n<p>ido a pasar el tiempo de siesta a casa, jug\u00e1bamos al lado<\/p>\n<p>de un pozo que ten\u00eda mi padre en la huerta, a la que llam\u00e1bamos<\/p>\n<p>\u201cArneiro\u2019, (en el escrito sobre Jacinta, tambi\u00e9n habl\u00e9 ya a V. Excia.<\/p>\n<p>de este pozo). De repente vimos junto a nosotros la misma figura o<\/p>\n<p>\u00c1ngel, como me parece que era, y dijo:<\/p>\n<p>\u2013 \u00bfQu\u00e9 hac\u00e9is? Rezad, rezad mucho. Los Sant\u00edsimos Corazones<\/p>\n<p>de Jes\u00fas y de Mar\u00eda tienen sobre vosotros designios<\/p>\n<p>de misericordia. Ofreced constantemente al Alt\u00edsimo oraciones<\/p>\n<p>y sacrificios.<\/p>\n<p>&#8230;&#8230;&#8230;&#8230;.<\/p>\n<p>\u2013 \u00bfC\u00f3mo nos hemos de sacrificar? \u2013 le pregunt\u00e9.<\/p>\n<p>\u2013 En todo lo que pod\u00e1is, ofreced a Dios un sacrificio como acto<\/p>\n<p>de reparaci\u00f3n por los pecados con que El es ofendido y como s\u00faplica<\/p>\n<p>por la conversi\u00f3n de los pecadores. Atraed as\u00ed sobre vuestra<\/p>\n<p>Patria la paz. Yo soy el Angel de su guarda, el Angel de Portugal.<\/p>\n<p>Sobre todo, aceptad y soportad, con sumisi\u00f3n, el sufrimiento que<\/p>\n<p>el Se\u00f1or os envie.<\/p>\n<p>&#8230;&#8230;&#8230;<\/p>\n<p>&nbsp;<\/p>\n<p>Pas\u00f3 bastante tiempo y fuimos a pastorear nuestros reba\u00f1os<\/p>\n<p>a una propiedad de mis padres, que queda en la falda del mencionado<\/p>\n<p>monte, un poco m\u00e1s arriba que los Valinhos. Es un olivar al<\/p>\n<p>que llam\u00e1bamos \u00abPregueira\u00bb. Despu\u00e9s de haber merendado acordamos<\/p>\n<p>ir a rezar a la gruta que queda al otro lado del monte; para lo<\/p>\n<p>cual, dimos una vuelta por la cuesta y tuvimos que subir un roquedal<\/p>\n<p>que queda en lo alto de la \u00abPregueira\u00bb. Las ovejas consiguieron<\/p>\n<p>pasar con muchas dificultades.<\/p>\n<p>&nbsp;<\/p>\n<p>&#8230;&#8230;&#8230;&#8230;&#8230;&#8230;.<\/p>\n<p>Despu\u00e9s que llegamos, de rodillas, con los rostros en tierra,<\/p>\n<p>comenzamos a repetir la oraci\u00f3n del \u00c1ngel: \u00a1Dios m\u00edo! Yo creo,<\/p>\n<p>adoro, espero y os amo, etc. No s\u00e9 cu\u00e1ntas veces hab\u00edamos repetido<\/p>\n<p>esta oraci\u00f3n, cuando vimos que sobre nosotros brillaba una<\/p>\n<p>luz desconocida. Nos levantamos para ver lo que pasaba y vimos<\/p>\n<p>al \u00c1ngel (13), que ten\u00eda en la mano izquierda un C\u00e1liz, sobre el cual<\/p>\n<p>hab\u00eda suspendida una Hostia, de la que ca\u00edan unas gotas de Sangre<\/p>\n<p>dentro del C\u00e1liz. En \u00c1ngel dej\u00f3 suspendido en el aire el C\u00e1liz,<\/p>\n<p>se arrodill\u00f3 junto a nosotros, y nos hizo repetir tres veces.<\/p>\n<p>&#8230;&#8230;&#8230;&#8230;.<\/p>\n<p>&nbsp;<\/p>\n<p>\u2013 Sant\u00edsima Trinidad, Padre, Hijo, Esp\u00edritu Santo, os ofrezco el<\/p>\n<p>precios\u00edsimo Cuerpo, Sangre, Alma y Divinidad de Nuestro Se\u00f1or<\/p>\n<p>Jesucristo, presente en todos los Sagrarios de la tierra, en reparaci\u00f3n<\/p>\n<p>de los ultrajes, sacrilegios e indiferencias con que El mismo es<\/p>\n<p>ofendido. Y por los m\u00e9ritos infinitos de su Sant\u00edsimo Coraz\u00f3n y del<\/p>\n<p>Inmaculado Coraz\u00f3n de Mar\u00eda, os pido la conversi\u00f3n de los pobres<\/p>\n<p>pecadores.<\/p>\n<p>&#8230;&#8230;&#8230;&#8230;..<\/p>\n<p>&nbsp;<\/p>\n<p>Despu\u00e9s se levanta, toma en sus manos el C\u00e1liz y la Hostia.<\/p>\n<p>Me da la Sagrada Hostia a m\u00ed y la Sangre del C\u00e1liz la divide entre<\/p>\n<p>Jacinta y Francisco (14), diciendo al mismo tiempo:<\/p>\n<p>\u2013 Tomad y bebed el Cuerpo y la Sangre de Jesucristo, horriblemente<\/p>\n<p>ultrajado por los hombres ingratos. Reparad sus crimenes<\/p>\n<p>y consolad a vuestro Dios.<\/p>\n<p>&#8230;&#8230;&#8230;&#8230;.<\/p>\n<p>&nbsp;<\/p>\n<p>Y, postr\u00e1ndose de nuevo en tierra, repiti\u00f3 con nosotros otras<\/p>\n<p>tres veces la misma oraci\u00f3n: \u00abSantisima Trinidad&#8230; etc.\u00bb, y desapareci\u00f3.<\/p>\n<p>Nosotros permanecimos en la misma actitud, repitiendo<\/p>\n<p>siempre las mismas palabras; y c<\/p>\n","protected":false},"excerpt":{"rendered":"<p>Tweetparici\u00f3n del \u00c1ngel a los pastores de F\u00e1tima . &#8230;&#8230;.. &nbsp; &nbsp; &#8230;.. . Apariciones del \u00c1ngel en 1916 &nbsp; Por este tiempo, Francisco y Jacinta pidieron y obtuvieron, como ya cont\u00e9 a V. Excia. Rvma., permiso de sus padres para comenzar a guardar sus reba\u00f1os. Dej\u00e9, pues, estas buenas compa\u00f1eras y las sustitu\u00ed por [&hellip;]<\/p>\n","protected":false},"author":1,"featured_media":0,"comment_status":"open","ping_status":"open","sticky":false,"template":"","format":"standard","meta":{"footnotes":""},"categories":[4],"tags":[],"class_list":["post-47670","post","type-post","status-publish","format-standard","hentry","category-divulgacion"],"_links":{"self":[{"href":"http:\/\/www.floracantabrica.com\/index.php?rest_route=\/wp\/v2\/posts\/47670","targetHints":{"allow":["GET"]}}],"collection":[{"href":"http:\/\/www.floracantabrica.com\/index.php?rest_route=\/wp\/v2\/posts"}],"about":[{"href":"http:\/\/www.floracantabrica.com\/index.php?rest_route=\/wp\/v2\/types\/post"}],"author":[{"embeddable":true,"href":"http:\/\/www.floracantabrica.com\/index.php?rest_route=\/wp\/v2\/users\/1"}],"replies":[{"embeddable":true,"href":"http:\/\/www.floracantabrica.com\/index.php?rest_route=%2Fwp%2Fv2%2Fcomments&post=47670"}],"version-history":[{"count":2,"href":"http:\/\/www.floracantabrica.com\/index.php?rest_route=\/wp\/v2\/posts\/47670\/revisions"}],"predecessor-version":[{"id":48108,"href":"http:\/\/www.floracantabrica.com\/index.php?rest_route=\/wp\/v2\/posts\/47670\/revisions\/48108"}],"wp:attachment":[{"href":"http:\/\/www.floracantabrica.com\/index.php?rest_route=%2Fwp%2Fv2%2Fmedia&parent=47670"}],"wp:term":[{"taxonomy":"category","embeddable":true,"href":"http:\/\/www.floracantabrica.com\/index.php?rest_route=%2Fwp%2Fv2%2Fcategories&post=47670"},{"taxonomy":"post_tag","embeddable":true,"href":"http:\/\/www.floracantabrica.com\/index.php?rest_route=%2Fwp%2Fv2%2Ftags&post=47670"}],"curies":[{"name":"wp","href":"https:\/\/api.w.org\/{rel}","templated":true}]}}