{"id":47659,"date":"2021-03-21T12:51:32","date_gmt":"2021-03-21T10:51:32","guid":{"rendered":"http:\/\/www.floracantabrica.com\/?p=47659"},"modified":"2021-03-21T12:51:32","modified_gmt":"2021-03-21T10:51:32","slug":"biogeography-of-spain-vegetation-ecology21321","status":"publish","type":"post","link":"http:\/\/www.floracantabrica.com\/?p=47659","title":{"rendered":"Biogeography. of Spain.Vegetation ecology21,3,21"},"content":{"rendered":"<p><a href=\"http:\/\/twitter.com\/share?url=http%3A%2F%2Fwww.floracantabrica.com%2F%3Fp%3D47659&amp;count=none&amp;lang=es&amp;via=lorencincoreses&amp;related=Mujerverdosa&amp;text=Biogeography. of Spain.Vegetation ecology21,3,21 - Flora Cant\u00e1brica\" class=\"twitter-share-button\">Tweet<\/a><\/p><p>Biogeography. of Spain.Vegetation ecology<\/p>\n<p>&#8230;<\/p>\n<p><img loading=\"lazy\" decoding=\"async\" class=\"aligncenter size-full wp-image-42121\" src=\"http:\/\/www.floracantabrica.com\/wp-content\/uploads\/2018\/06\/image002-39.jpg\" alt=\"\" width=\"665\" height=\"848\" srcset=\"http:\/\/www.floracantabrica.com\/wp-content\/uploads\/2018\/06\/image002-39.jpg 665w, http:\/\/www.floracantabrica.com\/wp-content\/uploads\/2018\/06\/image002-39-235x300.jpg 235w\" sizes=\"auto, (max-width: 665px) 100vw, 665px\" \/><\/p>\n<p>&#8230;&#8230;..<\/p>\n<p><strong>18. Zonaci\u00f3n de la vegetaci\u00f3n en el Cueto de Arbas (Leitariegos-Cangas del Narcea<\/strong><\/p>\n<p>&#8230;.<\/p>\n<p>29T0709970, UTM4762875, 1874 m, Inclinaci\u00f3n 50%, Exposici\u00f3n NE<\/p>\n<p>&nbsp;<\/p>\n<p>Con el endemismo Silene foetida subsp. gayana acompa\u00f1ado por el ar\u00e1ndano, el clavel de monta\u00f1a, ar\u00e1ndano uliginoso y arga\u00f1a<\/p>\n<p>&nbsp;<\/p>\n<p>1.Vaccinium myrtillus, 2. Dianthus langeanus, 3. Calluna vulgaris, 4. Avenella flexuosa, \u00a05. Festuca rubra, 6. Sedum brevifolium, 7. Galium saxatile, 8. Cryptogramma crispa, 9. Silene foetida subsp. gayana, 10.Vaccinium uliginosum, 11. Hypericum richeri subsp. burseri<\/p>\n<p>,,,,,,,,,,,,,<\/p>\n<p><img loading=\"lazy\" decoding=\"async\" class=\"aligncenter size-full wp-image-42124\" src=\"http:\/\/www.floracantabrica.com\/wp-content\/uploads\/2018\/06\/image002-40.jpg\" alt=\"\" width=\"601\" height=\"895\" srcset=\"http:\/\/www.floracantabrica.com\/wp-content\/uploads\/2018\/06\/image002-40.jpg 601w, http:\/\/www.floracantabrica.com\/wp-content\/uploads\/2018\/06\/image002-40-201x300.jpg 201w\" sizes=\"auto, (max-width: 601px) 100vw, 601px\" \/><\/p>\n<p>&#8230;&#8230;&#8230;&#8230;&#8230;.<\/p>\n<ol start=\"15\">\n<li><strong> Brezal- tojal term\u00f3filo en la presa de Grandas de Salime.<\/strong><\/li>\n<\/ol>\n<p>29T0674636, UTM 4786158, 301m, Exposici\u00f3n E, Inclinaci\u00f3n 50%<\/p>\n<p>Sobre suelos esquel\u00e9ticos se desarrolla un brezal- tojal term\u00f3filo\u00a0 con brezo umbelado, carqueisa, arga\u00f1a, tojo y piorno lusit\u00e1nico de flores blancas<\/p>\n<p>&nbsp;<\/p>\n<ol>\n<li>Erica umbellata, 2. Pinus pinaster, 3. Genistella tridentata, 4. Erica cinerea, 5. Ulex europaeus, 6. Cytisus multiflorus, 7. Senecio lividus, 8. Holcus gayanus, 9. Anthoxanthum aristatum, 10. Saxifraga lepismigena,11.Cheilanthes tinaei<\/li>\n<\/ol>\n<p>&#8230;&#8230;&#8230;&#8230;&#8230;..<\/p>\n<p><img loading=\"lazy\" decoding=\"async\" class=\"aligncenter size-full wp-image-42125\" src=\"http:\/\/www.floracantabrica.com\/wp-content\/uploads\/2018\/06\/image002-41.jpg\" alt=\"\" width=\"567\" height=\"385\" srcset=\"http:\/\/www.floracantabrica.com\/wp-content\/uploads\/2018\/06\/image002-41.jpg 567w, http:\/\/www.floracantabrica.com\/wp-content\/uploads\/2018\/06\/image002-41-300x204.jpg 300w\" sizes=\"auto, (max-width: 567px) 100vw, 567px\" \/><\/p>\n<p>&#8230;&#8230;&#8230;&#8230;.<\/p>\n<ol start=\"19\">\n<li><strong> Zonaci\u00f3n de la vegetaci\u00f3n en la cumbre de el Cueto de Arbas (Leitariegos-Cangas del Narcea)<\/strong><\/li>\n<\/ol>\n<p>29T0709360, UTM 4763361, 1995 m, Exposici\u00f3n NE<\/p>\n<p>Con el ar\u00e1ndano uliginosum, meo, jarrones de Santa Ana, ar\u00e1ndano, gorbiza<\/p>\n<p>&nbsp;<\/p>\n<p>1.Vaccinium uliginosum, 2. Luzula caespitosa, 3. Meum athamanticum, 4. Phyteuma hemisphaericum, 5. Vaccinium myrtillus, 6. Calluna vulgaris, 7. Avena lodunensis, 8. Festuca indigesta, 9. Dianthus langeanus, 10. Sedum brevifolium, 11. Avenella flexuosa<\/p>\n<p>&#8230;&#8230;&#8230;&#8230;.<\/p>\n<p><img loading=\"lazy\" decoding=\"async\" class=\"aligncenter size-full wp-image-42130\" src=\"http:\/\/www.floracantabrica.com\/wp-content\/uploads\/2018\/06\/image002-43.jpg\" alt=\"\" width=\"514\" height=\"808\" srcset=\"http:\/\/www.floracantabrica.com\/wp-content\/uploads\/2018\/06\/image002-43.jpg 514w, http:\/\/www.floracantabrica.com\/wp-content\/uploads\/2018\/06\/image002-43-191x300.jpg 191w\" sizes=\"auto, (max-width: 514px) 100vw, 514px\" \/><\/p>\n<p>,,,,,,,,,,<\/p>\n<ol start=\"14\">\n<li><strong> Situaci\u00f3n del cantueso en la prensa de Grandas de Salime <\/strong><\/li>\n<\/ol>\n<p>29T0673976, UTM 4785524, 236 m, Inclinaci\u00f3n 70%, Exposici\u00f3n S<\/p>\n<p>&nbsp;<\/p>\n<p>El cantueso es una especie term\u00f3fila (Lavandula stoechas subsp. sampaiana) \u00a0que se sit\u00faa en las laderas soleadas del embalse de Grandas<\/p>\n<p>&nbsp;<\/p>\n<ol>\n<li>Holcus gayanus, 2. Lavandula stoechas subsp. sampaiana, 3. Senecio lividus, 4. Anthoxanthum aristatum, 5. Cheilanthes tinaei<\/li>\n<\/ol>\n<p>&nbsp;<\/p>\n<p>&nbsp;<\/p>\n","protected":false},"excerpt":{"rendered":"<p>TweetBiogeography. of Spain.Vegetation ecology &#8230; &#8230;&#8230;.. 18. Zonaci\u00f3n de la vegetaci\u00f3n en el Cueto de Arbas (Leitariegos-Cangas del Narcea &#8230;. 29T0709970, UTM4762875, 1874 m, Inclinaci\u00f3n 50%, Exposici\u00f3n NE &nbsp; Con el endemismo Silene foetida subsp. gayana acompa\u00f1ado por el ar\u00e1ndano, el clavel de monta\u00f1a, ar\u00e1ndano uliginoso y arga\u00f1a &nbsp; 1.Vaccinium myrtillus, 2. Dianthus langeanus, 3. [&hellip;]<\/p>\n","protected":false},"author":1,"featured_media":0,"comment_status":"open","ping_status":"open","sticky":false,"template":"","format":"standard","meta":{"footnotes":""},"categories":[1],"tags":[],"class_list":["post-47659","post","type-post","status-publish","format-standard","hentry","category-flora"],"_links":{"self":[{"href":"http:\/\/www.floracantabrica.com\/index.php?rest_route=\/wp\/v2\/posts\/47659","targetHints":{"allow":["GET"]}}],"collection":[{"href":"http:\/\/www.floracantabrica.com\/index.php?rest_route=\/wp\/v2\/posts"}],"about":[{"href":"http:\/\/www.floracantabrica.com\/index.php?rest_route=\/wp\/v2\/types\/post"}],"author":[{"embeddable":true,"href":"http:\/\/www.floracantabrica.com\/index.php?rest_route=\/wp\/v2\/users\/1"}],"replies":[{"embeddable":true,"href":"http:\/\/www.floracantabrica.com\/index.php?rest_route=%2Fwp%2Fv2%2Fcomments&post=47659"}],"version-history":[{"count":2,"href":"http:\/\/www.floracantabrica.com\/index.php?rest_route=\/wp\/v2\/posts\/47659\/revisions"}],"predecessor-version":[{"id":47662,"href":"http:\/\/www.floracantabrica.com\/index.php?rest_route=\/wp\/v2\/posts\/47659\/revisions\/47662"}],"wp:attachment":[{"href":"http:\/\/www.floracantabrica.com\/index.php?rest_route=%2Fwp%2Fv2%2Fmedia&parent=47659"}],"wp:term":[{"taxonomy":"category","embeddable":true,"href":"http:\/\/www.floracantabrica.com\/index.php?rest_route=%2Fwp%2Fv2%2Fcategories&post=47659"},{"taxonomy":"post_tag","embeddable":true,"href":"http:\/\/www.floracantabrica.com\/index.php?rest_route=%2Fwp%2Fv2%2Ftags&post=47659"}],"curies":[{"name":"wp","href":"https:\/\/api.w.org\/{rel}","templated":true}]}}