{"id":46571,"date":"2020-10-27T11:57:45","date_gmt":"2020-10-27T09:57:45","guid":{"rendered":"http:\/\/www.floracantabrica.com\/?p=46571"},"modified":"2020-10-27T11:57:45","modified_gmt":"2020-10-27T09:57:45","slug":"biogeography-of-spain-asturias27-10-20","status":"publish","type":"post","link":"http:\/\/www.floracantabrica.com\/?p=46571","title":{"rendered":"Biogeography. of Spain. Asturias27.10 20"},"content":{"rendered":"<p><a href=\"http:\/\/twitter.com\/share?url=http%3A%2F%2Fwww.floracantabrica.com%2F%3Fp%3D46571&amp;count=none&amp;lang=es&amp;via=lorencincoreses&amp;related=Mujerverdosa&amp;text=Biogeography. of Spain. Asturias27.10 20 - Flora Cant\u00e1brica\" class=\"twitter-share-button\">Tweet<\/a><\/p><p>&nbsp;<\/p>\n<p>&nbsp;<\/p>\n<p><img loading=\"lazy\" decoding=\"async\" class=\"\" src=\"http:\/\/www.floracantabrica.com\/wp-content\/uploads\/2010\/01\/Dibujoaaaaa.bmp\" width=\"737\" height=\"553\" \/><\/p>\n<p>&nbsp;<\/p>\n<p>&nbsp;<\/p>\n<p>,,,<\/p>\n<p>&nbsp;<\/p>\n<p><img loading=\"lazy\" decoding=\"async\" class=\"aligncenter size-full wp-image-42184\" src=\"http:\/\/www.floracantabrica.com\/wp-content\/uploads\/2018\/06\/image002-62.jpg\" alt=\"\" width=\"567\" height=\"399\" srcset=\"http:\/\/www.floracantabrica.com\/wp-content\/uploads\/2018\/06\/image002-62.jpg 567w, http:\/\/www.floracantabrica.com\/wp-content\/uploads\/2018\/06\/image002-62-300x211.jpg 300w\" sizes=\"auto, (max-width: 567px) 100vw, 567px\" \/><\/p>\n<p>,,,,,,,,,,,,,,<\/p>\n<p>&nbsp;<\/p>\n<ol start=\"31\">\n<li><strong> Melojar en San Mart\u00edn de los Oscos.<\/strong><\/li>\n<\/ol>\n<p>29T0668043, UTM 4790272, 585 m, Exposici\u00f3n Oeste<\/p>\n<p>Con su etapa de sustituci\u00f3n \u00a0un brezal-tojal formado por uz, tojo, arga\u00f1a, retama amarilla<\/p>\n<ol>\n<li>Quercus pyrenaica, 2. Erica arborea, 3.Ulex gallii, 4. Cytisus striatus, 5. Erica cinerea, 6. Ulex europaeus<\/li>\n<\/ol>\n<p>&#8230;&#8230;&#8230;&#8230;&#8230;.<\/p>\n<p><img loading=\"lazy\" decoding=\"async\" class=\"aligncenter size-full wp-image-42181\" src=\"http:\/\/www.floracantabrica.com\/wp-content\/uploads\/2018\/06\/image002-61.jpg\" alt=\"\" width=\"560\" height=\"719\" srcset=\"http:\/\/www.floracantabrica.com\/wp-content\/uploads\/2018\/06\/image002-61.jpg 560w, http:\/\/www.floracantabrica.com\/wp-content\/uploads\/2018\/06\/image002-61-234x300.jpg 234w\" sizes=\"auto, (max-width: 560px) 100vw, 560px\" \/><\/p>\n<p>&#8230;&#8230;&#8230;&#8230;&#8230;&#8230;<\/p>\n<ol start=\"32\">\n<li><strong> Melojar en Pesoz <\/strong><\/li>\n<\/ol>\n<p>29T0660808, UTM 4790224, 585 m, Exposici\u00f3n S, Inclinaci\u00f3n 70%<\/p>\n<p>Con su etapa de sustituci\u00f3n: brezal-tojal termo-xer\u00f3filo formado por: brezo rojo, tojo, queiroga umbelada, carqueixa y piorno de flores amarillas<\/p>\n<p>&nbsp;<\/p>\n<p>1.Quercus pyrenaica,\u00a0 2. Erica aragonensis, 3. Ulex europaeus, 4. Erica umbellata, 5. Genistella tridentata,\u00a0 6. Cytisus striatus<\/p>\n<p>&#8230;&#8230;&#8230;&#8230;..<\/p>\n<p><img loading=\"lazy\" decoding=\"async\" class=\"aligncenter size-full wp-image-42191\" src=\"http:\/\/www.floracantabrica.com\/wp-content\/uploads\/2018\/06\/image002-65.jpg\" alt=\"\" width=\"476\" height=\"686\" srcset=\"http:\/\/www.floracantabrica.com\/wp-content\/uploads\/2018\/06\/image002-65.jpg 476w, http:\/\/www.floracantabrica.com\/wp-content\/uploads\/2018\/06\/image002-65-208x300.jpg 208w\" sizes=\"auto, (max-width: 476px) 100vw, 476px\" \/><\/p>\n<ol start=\"33\">\n<li><strong> Bosque de carbayos, casta\u00f1os y abedules en Vega del Villar (Vegadeo)<\/strong><\/li>\n<\/ol>\n<p>29T0659316, UTM4813609, 47 m, Exposici\u00f3n 0, Inclinaci\u00f3n 50%<\/p>\n<p>Con pino, laurel, aliso, sa\u00faco, fresno de Europa, sauce, helecho, madreselva y helecho real<\/p>\n<p>1.Quercus robur, 2. Dryopoteris affinis, 3. Lonicera peryclimenum, 4. Pinus pinaster, 5. Laurus nobilis, 6. Castanea sativa, 7. Betula celtiberica, 8. Alnus glutinosa, 9. Sambucus nigra, 10. Osmunda regalis, 11. Fraxinus excelsior, 12. \u00a0Salix atrocinerea<\/p>\n<p>&#8211;<\/p>\n<p>&#8230;&#8230;&#8230;&#8230;.<\/p>\n<p><img loading=\"lazy\" decoding=\"async\" class=\"aligncenter size-full wp-image-42186\" src=\"http:\/\/www.floracantabrica.com\/wp-content\/uploads\/2018\/06\/image002-63.jpg\" alt=\"\" width=\"567\" height=\"396\" srcset=\"http:\/\/www.floracantabrica.com\/wp-content\/uploads\/2018\/06\/image002-63.jpg 567w, http:\/\/www.floracantabrica.com\/wp-content\/uploads\/2018\/06\/image002-63-300x210.jpg 300w\" sizes=\"auto, (max-width: 567px) 100vw, 567px\" \/><\/p>\n<p>&#8230;&#8230;&#8230;&#8230;&#8230;&#8230;.<\/p>\n<ol start=\"34\">\n<li><strong> Zonaci\u00f3n de la vegetaci\u00f3n en San Mart\u00edn de los Oscos. <\/strong><\/li>\n<\/ol>\n<p>29T06638404, UTM 4796920, 750 m<\/p>\n<p>Alternan en la ladera S un brezal-tojal xero-term\u00f3filo (con brezo rojo, tojo, brezo umbelado) y en la N un bosque de carbayos y abedules con la uz<\/p>\n<ol>\n<li>Erica arborea, 2. Betula celtiberica. 3. Quercus robur, 4. Erica aragonensis, 5.Salix atrocinerea, 6. Erica umbellata, 7. Ulex europaeus, 8. Genistella tridentata<\/li>\n<\/ol>\n<p>&#8230;&#8230;&#8230;&#8230;&#8230;&#8230;..<\/p>\n<p><img loading=\"lazy\" decoding=\"async\" class=\"aligncenter size-full wp-image-42188\" src=\"http:\/\/www.floracantabrica.com\/wp-content\/uploads\/2018\/06\/image002-64.jpg\" alt=\"\" width=\"567\" height=\"248\" srcset=\"http:\/\/www.floracantabrica.com\/wp-content\/uploads\/2018\/06\/image002-64.jpg 567w, http:\/\/www.floracantabrica.com\/wp-content\/uploads\/2018\/06\/image002-64-300x131.jpg 300w\" sizes=\"auto, (max-width: 567px) 100vw, 567px\" \/><\/p>\n<p>,,,,,,,,,,,,,,,,,,,,,<\/p>\n<ol start=\"35\">\n<li><strong> Playa de Frejulfe (Navia)<\/strong><\/li>\n<\/ol>\n<p>29T068791, UTM 4825758<\/p>\n<p>Con la grama del norte, soldanella marina, lechetrezna mar\u00edtima, honkenia, barr\u00f3n, y cola de liebre<\/p>\n<ol>\n<li>Elymus farctus subsp. boreatlanticus, 2. Calistegia soldanella, 3. Euphorbia paralias, 4. Honkenya peploides, 5. Ammophylla arenaria, 6. Lagurus ovatus<\/li>\n<\/ol>\n<p><strong>\u00a0<\/strong><\/p>\n<p>&nbsp;<\/p>\n","protected":false},"excerpt":{"rendered":"<p>Tweet&nbsp; &nbsp; &nbsp; &nbsp; ,,, &nbsp; ,,,,,,,,,,,,,, &nbsp; Melojar en San Mart\u00edn de los Oscos. 29T0668043, UTM 4790272, 585 m, Exposici\u00f3n Oeste Con su etapa de sustituci\u00f3n \u00a0un brezal-tojal formado por uz, tojo, arga\u00f1a, retama amarilla Quercus pyrenaica, 2. Erica arborea, 3.Ulex gallii, 4. Cytisus striatus, 5. Erica cinerea, 6. Ulex europaeus &#8230;&#8230;&#8230;&#8230;&#8230;. &#8230;&#8230;&#8230;&#8230;&#8230;&#8230; Melojar [&hellip;]<\/p>\n","protected":false},"author":1,"featured_media":0,"comment_status":"open","ping_status":"open","sticky":false,"template":"","format":"standard","meta":{"footnotes":""},"categories":[1],"tags":[],"class_list":["post-46571","post","type-post","status-publish","format-standard","hentry","category-flora"],"_links":{"self":[{"href":"http:\/\/www.floracantabrica.com\/index.php?rest_route=\/wp\/v2\/posts\/46571","targetHints":{"allow":["GET"]}}],"collection":[{"href":"http:\/\/www.floracantabrica.com\/index.php?rest_route=\/wp\/v2\/posts"}],"about":[{"href":"http:\/\/www.floracantabrica.com\/index.php?rest_route=\/wp\/v2\/types\/post"}],"author":[{"embeddable":true,"href":"http:\/\/www.floracantabrica.com\/index.php?rest_route=\/wp\/v2\/users\/1"}],"replies":[{"embeddable":true,"href":"http:\/\/www.floracantabrica.com\/index.php?rest_route=%2Fwp%2Fv2%2Fcomments&post=46571"}],"version-history":[{"count":1,"href":"http:\/\/www.floracantabrica.com\/index.php?rest_route=\/wp\/v2\/posts\/46571\/revisions"}],"predecessor-version":[{"id":46572,"href":"http:\/\/www.floracantabrica.com\/index.php?rest_route=\/wp\/v2\/posts\/46571\/revisions\/46572"}],"wp:attachment":[{"href":"http:\/\/www.floracantabrica.com\/index.php?rest_route=%2Fwp%2Fv2%2Fmedia&parent=46571"}],"wp:term":[{"taxonomy":"category","embeddable":true,"href":"http:\/\/www.floracantabrica.com\/index.php?rest_route=%2Fwp%2Fv2%2Fcategories&post=46571"},{"taxonomy":"post_tag","embeddable":true,"href":"http:\/\/www.floracantabrica.com\/index.php?rest_route=%2Fwp%2Fv2%2Ftags&post=46571"}],"curies":[{"name":"wp","href":"https:\/\/api.w.org\/{rel}","templated":true}]}}