{"id":4278,"date":"2010-03-26T23:45:36","date_gmt":"2010-03-26T21:45:36","guid":{"rendered":"http:\/\/www.floracantabrica.com\/?p=4278"},"modified":"2010-03-27T11:37:25","modified_gmt":"2010-03-27T09:37:25","slug":"dibujos-etnopaisaje-marzo-2010","status":"publish","type":"post","link":"http:\/\/www.floracantabrica.com\/?p=4278","title":{"rendered":"Drawings.Dibujos. ETNOPAISAJE. marzo.2010"},"content":{"rendered":"<p><a href=\"http:\/\/twitter.com\/share?url=http%3A%2F%2Fwww.floracantabrica.com%2F%3Fp%3D4278&amp;count=none&amp;lang=es&amp;via=lorencincoreses&amp;related=Mujerverdosa&amp;text=  Drawings.Dibujos. ETNOPAISAJE. marzo.2010 - Flora Cant\u00e1brica\" class=\"twitter-share-button\">Tweet<\/a><\/p><p style=\"text-align: justify;\">\u00a0<\/p>\n<p style=\"text-align: justify;\">\u00a0<span style=\"font-size: small;\"><a href=\"http:\/\/www.floracantabrica.com\/wp-content\/uploads\/2010\/01\/slide0002_image00246.jpg\"><img loading=\"lazy\" decoding=\"async\" title=\"slide0002_image002\" src=\"http:\/\/www.floracantabrica.com\/wp-content\/uploads\/2010\/01\/slide0002_image00246.jpg\" alt=\"slide0002_image002\" width=\"484\" height=\"676\" \/><\/a><\/span><\/p>\n<p style=\"text-align: justify;\">&#8230;&#8230;&#8230;&#8230;&#8230;&#8230;.<\/p>\n<p style=\"text-align: justify;\">&#8230;&#8230;&#8230;&#8230;&#8230;&#8230;<\/p>\n<p style=\"text-align: justify;\"><a href=\"http:\/\/www.floracantabrica.com\/wp-content\/uploads\/2010\/01\/slide0002_image00243.jpg\"><img loading=\"lazy\" decoding=\"async\" title=\"slide0002_image002\" src=\"http:\/\/www.floracantabrica.com\/wp-content\/uploads\/2010\/01\/slide0002_image00243.jpg\" alt=\"slide0002_image002\" width=\"521\" height=\"372\" \/><\/a><\/p>\n<p style=\"text-align: justify;\">&#8230;&#8230;&#8230;&#8230;&#8230;&#8230;&#8230;&#8230;&#8230;<\/p>\n<p style=\"text-align: justify;\"><strong>Pastores asoleyando los \u00fatiles pa facer quesu. Tresviso, Cantabria. Picos d&#8217;Europa. 1931<\/strong><\/p>\n<p style=\"text-align: justify;\">Pastores en los Picos de Europa, en camino de la elaboraci\u00f3n artesanal del queso<\/p>\n<p style=\"text-align: justify;\">&#8212;&#8212;&#8212;-<\/p>\n<p style=\"text-align: justify;\"><a href=\"http:\/\/www.floracantabrica.com\/wp-content\/uploads\/2010\/01\/slide0002_image00244.jpg\"><img loading=\"lazy\" decoding=\"async\" title=\"slide0002_image002\" src=\"http:\/\/www.floracantabrica.com\/wp-content\/uploads\/2010\/01\/slide0002_image00244.jpg\" alt=\"slide0002_image002\" width=\"518\" height=\"370\" \/><\/a><\/p>\n<p style=\"text-align: justify;\">\u00a0&#8230;&#8230;&#8230;..<\/p>\n<p style=\"text-align: justify;\">Caser\u00edo rural del Norte de Espa\u00f1a, la hierba todav\u00eda es almacenada en el interior de la vivienda, por un ventanal<\/p>\n<p style=\"text-align: justify;\">\u00a0&#8212;&#8212;&#8211;<\/p>\n<p style=\"text-align: justify;\"><a href=\"http:\/\/www.floracantabrica.com\/wp-content\/uploads\/2010\/01\/slide0002_image00245.jpg\"><img loading=\"lazy\" decoding=\"async\" title=\"slide0002_image002\" src=\"http:\/\/www.floracantabrica.com\/wp-content\/uploads\/2010\/01\/slide0002_image00245.jpg\" alt=\"slide0002_image002\" width=\"524\" height=\"374\" \/><\/a><\/p>\n<p style=\"text-align: justify;\"><span style=\"font-size: small;\">Pastores en la Cordillera Cant\u00e1brica<\/span><\/p>\n<p style=\"text-align: justify;\"><span style=\"font-size: small;\">&#8230;&#8230;&#8230;&#8230;&#8230;&#8230;&#8230;&#8230;&#8230;&#8230;..<\/span><\/p>\n<p style=\"text-align: justify;\"><span style=\"font-size: small;\">\u00a0<\/span><\/p>\n<p style=\"text-align: justify;\"><span style=\"font-size: medium;\">Caba\u00f1a de Pastores en la Cordillera\u00a0 Cant\u00e1brica<\/span><\/p>\n<p style=\"text-align: justify;\"><span style=\"font-size: medium;\">&#8230;&#8230;&#8230;&#8230;..<\/span><\/p>\n<p style=\"text-align: justify;\"><span style=\"font-size: medium;\"><a href=\"http:\/\/www.floracantabrica.com\/wp-content\/uploads\/2010\/01\/slide0002_image00247.jpg\"><img loading=\"lazy\" decoding=\"async\" title=\"slide0002_image002\" src=\"http:\/\/www.floracantabrica.com\/wp-content\/uploads\/2010\/01\/slide0002_image00247.jpg\" alt=\"slide0002_image002\" width=\"507\" height=\"362\" \/><\/a><\/span><\/p>\n<p style=\"text-align: justify;\"><span style=\"font-size: medium;\">El Horreo forma parte de nuesta cultura rural <\/span><\/p>\n<p style=\"text-align: justify;\"><span style=\"font-size: medium;\">\u00a0<\/span>\u00a0<\/p>\n<p style=\"text-align: justify;\"><span style=\"font-size: medium;\">&#8212;&#8212;&#8212;-<\/span><\/p>\n<p style=\"text-align: justify;\"><strong>&#8230;&#8230;&#8230;<\/strong><\/p>\n<p style=\"text-align: justify;\"><a href=\"http:\/\/www.floracantabrica.com\/wp-content\/uploads\/2010\/01\/slide0002_image00256.jpg\"><img loading=\"lazy\" decoding=\"async\" title=\"slide0002_image002\" src=\"http:\/\/www.floracantabrica.com\/wp-content\/uploads\/2010\/01\/slide0002_image00256.jpg\" alt=\"slide0002_image002\" width=\"455\" height=\"636\" \/><\/a><\/p>\n<p style=\"text-align: justify;\">&#8230;&#8230;&#8230;&#8230;&#8230;..<\/p>\n<p style=\"text-align: justify;\"><span style=\"font-size: medium;\">Segador de hierba con guada\u00f1a ( Picos de Europa)<\/span><\/p>\n<p style=\"text-align: justify;\"><span style=\"font-size: medium;\">&#8230;&#8230;&#8230;..<\/span><\/p>\n<p style=\"text-align: justify;\"><span style=\"font-size: medium;\"><a href=\"http:\/\/www.floracantabrica.com\/wp-content\/uploads\/2010\/01\/slide0002_image00257.jpg\"><img loading=\"lazy\" decoding=\"async\" title=\"slide0002_image002\" src=\"http:\/\/www.floracantabrica.com\/wp-content\/uploads\/2010\/01\/slide0002_image00257.jpg\" alt=\"slide0002_image002\" width=\"504\" height=\"703\" \/><\/a><\/span><\/p>\n<p style=\"text-align: justify;\"><span style=\"font-size: medium;\">&#8212;&#8212;&#8212;-<\/span><\/p>\n<p style=\"text-align: justify;\"><span style=\"font-size: medium;\">Casa rural del norte de Espa\u00f1a<\/span><\/p>\n<p style=\"text-align: justify;\"><span style=\"font-size: medium;\">&#8212;&#8211;<\/span><\/p>\n<p style=\"text-align: justify;\"><span style=\"font-size: medium;\"><a href=\"http:\/\/www.floracantabrica.com\/wp-content\/uploads\/2010\/01\/slide0002_image00258.jpg\"><img loading=\"lazy\" decoding=\"async\" title=\"slide0002_image002\" src=\"http:\/\/www.floracantabrica.com\/wp-content\/uploads\/2010\/01\/slide0002_image00258.jpg\" alt=\"slide0002_image002\" width=\"578\" height=\"412\" \/><\/a><\/span><\/p>\n<p style=\"text-align: justify;\"><span style=\"font-size: medium;\">&#8212;&#8212;&#8212;<\/span><\/p>\n<p style=\"text-align: justify;\"><span style=\"font-size: medium;\">Poblado de Cabrales (Asturias) pavimentado<\/span><\/p>\n<p style=\"text-align: justify;\"><span style=\"font-size: medium;\">&#8230;&#8230;&#8230;<\/span><\/p>\n<p style=\"text-align: justify;\"><span style=\"font-size: medium;\"><a href=\"http:\/\/www.floracantabrica.com\/wp-content\/uploads\/2010\/01\/slide0002_image00259.jpg\"><img loading=\"lazy\" decoding=\"async\" title=\"slide0002_image002\" src=\"http:\/\/www.floracantabrica.com\/wp-content\/uploads\/2010\/01\/slide0002_image00259.jpg\" alt=\"slide0002_image002\" width=\"527\" height=\"376\" \/><\/a><\/span><\/p>\n<p style=\"text-align: justify;\"><span style=\"font-size: medium;\">\u00a0<\/span><\/p>\n<p style=\"text-align: justify;\"><span style=\"font-size: medium;\">Agricultores peruanos.<\/span><\/p>\n<p style=\"text-align: justify;\"><span style=\"font-size: medium;\">&#8230;&#8230;..<\/span><\/p>\n<p style=\"text-align: justify;\">&#8212;&#8212;&#8212;&#8212;&#8212;-<\/p>\n<p style=\"text-align: justify;\"><span style=\"font-size: large;\"><a href=\"http:\/\/www.floracantabrica.com\/wp-content\/uploads\/2009\/11\/cn-08-051395.jpg\"><img loading=\"lazy\" decoding=\"async\" title=\"cn-08-051395\" src=\"http:\/\/www.floracantabrica.com\/wp-content\/uploads\/2009\/11\/cn-08-051395.jpg\" alt=\"cn-08-051395\" width=\"714\" height=\"982\" \/><\/a><\/span><\/p>\n<p style=\"text-align: justify;\"><span style=\"font-size: large;\">\u00a0<\/span><\/p>\n<p style=\"text-align: justify;\"><span style=\"font-size: large;\">Carex parviflora<\/span><\/p>\n<p style=\"text-align: justify;\"><span style=\"font-size: large;\">\u00a0<\/span><\/p>\n<p style=\"text-align: justify;\"><span style=\"font-size: large;\">&#8230;&#8230;&#8230;&#8230;&#8230;&#8230;&#8230;&#8230;&#8230;&#8230;&#8230;&#8230;&#8230;&#8230;&#8230;&#8230;&#8230;&#8230;&#8230;&#8230;&#8230;&#8230;&#8230;&#8230;&#8230;&#8230;&#8230;&#8230;&#8230;&#8230;&#8230;&#8230;&#8230;.<\/span><\/p>\n<p style=\"text-align: justify;\"><span style=\"font-size: large;\">\u00a0<\/span><\/p>\n<p style=\"text-align: justify;\"><span style=\"font-size: large;\"><a href=\"http:\/\/www.floracantabrica.com\/wp-content\/uploads\/2009\/11\/cn-08-051397.jpg\"><img loading=\"lazy\" decoding=\"async\" title=\"cn-08-051397\" src=\"http:\/\/www.floracantabrica.com\/wp-content\/uploads\/2009\/11\/cn-08-051397.jpg\" alt=\"cn-08-051397\" width=\"714\" height=\"982\" \/><\/a><\/span><\/p>\n<p style=\"text-align: justify;\"><span style=\"font-size: large;\">\u00a0<\/span><\/p>\n<p style=\"text-align: justify;\"><span style=\"font-size: large;\">\u00a0Carex brevicollis<\/span><\/p>\n<p style=\"text-align: justify;\"><span style=\"font-size: large;\">\u00a0<\/span><\/p>\n<p style=\"text-align: justify;\"><span style=\"font-size: large;\">&#8230;&#8230;&#8230;&#8230;&#8230;&#8230;&#8230;&#8230;&#8230;&#8230;&#8230;&#8230;&#8230;&#8230;&#8230;&#8230;&#8230;&#8230;&#8230;&#8230;&#8230;&#8230;&#8230;&#8230;&#8230;&#8230;&#8230;&#8230;&#8230;&#8230;&#8230;&#8230;&#8230;..<\/span><\/p>\n<p style=\"text-align: justify;\"><span style=\"font-size: large;\"><a href=\"http:\/\/www.floracantabrica.com\/wp-content\/uploads\/2009\/11\/cn-08-051398.jpg\"><img loading=\"lazy\" decoding=\"async\" title=\"cn-08-051398\" src=\"http:\/\/www.floracantabrica.com\/wp-content\/uploads\/2009\/11\/cn-08-051398.jpg\" alt=\"cn-08-051398\" width=\"763\" height=\"924\" \/><\/a><\/span><\/p>\n<p style=\"text-align: justify;\">\u00a0<\/p>\n<p style=\"text-align: justify;\"><span style=\"font-size: large;\">Anemone baldensis subsp. pavoniana<\/span><\/p>\n<p style=\"text-align: justify;\"><span style=\"font-size: large;\">&#8230;&#8230;&#8230;&#8230;&#8230;&#8230;&#8230;&#8230;&#8230;&#8230;&#8230;&#8230;&#8230;&#8230;&#8230;&#8230;&#8230;&#8230;&#8230;&#8230;&#8230;&#8230;&#8230;&#8230;&#8230;&#8230;&#8230;&#8230;&#8230;&#8230;&#8230;&#8230;&#8230;.<\/span><\/p>\n<p style=\"text-align: justify;\"><span style=\"font-size: large;\"><a href=\"http:\/\/www.floracantabrica.com\/wp-content\/uploads\/2009\/11\/cn-08-051400.jpg\"><img loading=\"lazy\" decoding=\"async\" title=\"cn-08-051400\" src=\"http:\/\/www.floracantabrica.com\/wp-content\/uploads\/2009\/11\/cn-08-051400.jpg\" alt=\"cn-08-051400\" width=\"714\" height=\"925\" \/><\/a><\/span><\/p>\n<p style=\"text-align: right;\">\u00a0<\/p>\n<p style=\"text-align: right;\"><span style=\"font-size: large;\">Aconitum vulparia<\/span><\/p>\n<p style=\"text-align: right;\"><span style=\"font-size: large;\">&#8230;&#8230;&#8230;&#8230;&#8230;&#8230;&#8230;&#8230;&#8230;&#8230;&#8230;&#8230;&#8230;&#8230;&#8230;&#8230;&#8230;&#8230;&#8230;&#8230;&#8230;&#8230;&#8230;&#8230;&#8230;&#8230;&#8230;&#8230;&#8230;&#8230;&#8230;&#8230;&#8230;&#8230;&#8230;..<\/span><\/p>\n<p style=\"text-align: right;\"><span style=\"font-size: large;\">\u00a0<\/span><\/p>\n<p style=\"text-align: right;\"><span style=\"font-size: large;\"><a href=\"http:\/\/www.floracantabrica.com\/wp-content\/uploads\/2009\/11\/cn-08-051403.jpg\"><img loading=\"lazy\" decoding=\"async\" title=\"cn-08-051403\" src=\"http:\/\/www.floracantabrica.com\/wp-content\/uploads\/2009\/11\/cn-08-051403.jpg\" alt=\"cn-08-051403\" width=\"690\" height=\"960\" \/><\/a><\/span><\/p>\n<p style=\"text-align: right;\">\u00a0<\/p>\n<p style=\"text-align: right;\"><span style=\"font-size: large;\">\u00a0<\/span><\/p>\n<p style=\"text-align: right;\"><span style=\"font-size: large;\">\u00a0<\/span><strong>\u00a0<\/strong><\/p>\n<p style=\"text-align: left;\"><em><span style=\"font-size: large;\">Eryngium bourgatii<\/span><\/em><\/p>\n<p style=\"text-align: left;\"><span style=\"font-size: large;\">&#8230;<\/span><\/p>\n<p style=\"text-align: left;\"><span style=\"font-size: large;\">&#8230;&#8230;&#8230;&#8230;&#8230;&#8230;<\/span><\/p>\n<p style=\"text-align: left;\"><span style=\"font-size: large;\"><a href=\"http:\/\/www.floracantabrica.com\/wp-content\/uploads\/2010\/03\/slide0001_image002260.jpg\"><img loading=\"lazy\" decoding=\"async\" class=\"aligncenter size-full wp-image-5329\" title=\"slide0001_image002\" src=\"http:\/\/www.floracantabrica.com\/wp-content\/uploads\/2010\/03\/slide0001_image002260.jpg\" alt=\"slide0001_image002\" width=\"628\" height=\"474\" srcset=\"http:\/\/www.floracantabrica.com\/wp-content\/uploads\/2010\/03\/slide0001_image002260.jpg 628w, http:\/\/www.floracantabrica.com\/wp-content\/uploads\/2010\/03\/slide0001_image002260-300x226.jpg 300w\" sizes=\"auto, (max-width: 628px) 100vw, 628px\" \/><\/a><\/span><\/p>\n<p>\u00a0<\/p>\n<p>&#8230;&#8230;&#8230;&#8230;&#8230;&#8230;&#8230;&#8230;&#8230;&#8230;&#8230;&#8230;&#8230;<\/p>\n<p>Los Andes<\/p>\n<p>&#8230;&#8230;&#8230;..<\/p>\n<p><a href=\"http:\/\/www.floracantabrica.com\/wp-content\/uploads\/2010\/03\/slide0001_image002261.jpg\"><img loading=\"lazy\" decoding=\"async\" class=\"aligncenter size-full wp-image-5330\" title=\"slide0001_image002\" src=\"http:\/\/www.floracantabrica.com\/wp-content\/uploads\/2010\/03\/slide0001_image002261.jpg\" alt=\"slide0001_image002\" width=\"654\" height=\"439\" srcset=\"http:\/\/www.floracantabrica.com\/wp-content\/uploads\/2010\/03\/slide0001_image002261.jpg 654w, http:\/\/www.floracantabrica.com\/wp-content\/uploads\/2010\/03\/slide0001_image002261-300x201.jpg 300w\" sizes=\"auto, (max-width: 654px) 100vw, 654px\" \/><\/a><\/p>\n<p>\u00a0<\/p>\n<p><span style=\"font-size: medium;\">Paisaje Andino<\/span><\/p>\n<p>&#8230;&#8230;&#8230;&#8230;&#8230;..<\/p>\n<p><a href=\"http:\/\/www.floracantabrica.com\/wp-content\/uploads\/2010\/03\/slide0001_image002262.jpg\"><img loading=\"lazy\" decoding=\"async\" class=\"aligncenter size-full wp-image-5333\" title=\"slide0001_image002\" src=\"http:\/\/www.floracantabrica.com\/wp-content\/uploads\/2010\/03\/slide0001_image002262.jpg\" alt=\"slide0001_image002\" width=\"446\" height=\"665\" srcset=\"http:\/\/www.floracantabrica.com\/wp-content\/uploads\/2010\/03\/slide0001_image002262.jpg 446w, http:\/\/www.floracantabrica.com\/wp-content\/uploads\/2010\/03\/slide0001_image002262-201x300.jpg 201w\" sizes=\"auto, (max-width: 446px) 100vw, 446px\" \/><\/a><\/p>\n<p><span style=\"font-size: medium;\">Paisanos de los Picos de Europa<\/span><\/p>\n<p><span style=\"font-size: medium;\">&#8230;&#8230;&#8230;&#8230;&#8230;&#8230;&#8230;&#8230;..<\/span><\/p>\n<p><span style=\"font-size: medium;\"><a href=\"http:\/\/www.floracantabrica.com\/wp-content\/uploads\/2010\/03\/slide0001_image002263.jpg\"><img loading=\"lazy\" decoding=\"async\" class=\"aligncenter size-full wp-image-5334\" title=\"slide0001_image002\" src=\"http:\/\/www.floracantabrica.com\/wp-content\/uploads\/2010\/03\/slide0001_image002263.jpg\" alt=\"slide0001_image002\" width=\"651\" height=\"435\" srcset=\"http:\/\/www.floracantabrica.com\/wp-content\/uploads\/2010\/03\/slide0001_image002263.jpg 651w, http:\/\/www.floracantabrica.com\/wp-content\/uploads\/2010\/03\/slide0001_image002263-300x200.jpg 300w\" sizes=\"auto, (max-width: 651px) 100vw, 651px\" \/><\/a><\/span><\/p>\n<p>\u00a0<\/p>\n<p>\u00a0<span style=\"font-size: medium;\">India<\/span><\/p>\n<p><span style=\"font-size: medium;\">&#8230;&#8230;&#8230;&#8230;..<\/span><\/p>\n<p><span style=\"font-size: medium;\"><a href=\"http:\/\/www.floracantabrica.com\/wp-content\/uploads\/2010\/03\/slide0001_image002264.jpg\"><img loading=\"lazy\" decoding=\"async\" class=\"aligncenter size-full wp-image-5336\" title=\"slide0001_image002\" src=\"http:\/\/www.floracantabrica.com\/wp-content\/uploads\/2010\/03\/slide0001_image002264.jpg\" alt=\"slide0001_image002\" width=\"506\" height=\"754\" srcset=\"http:\/\/www.floracantabrica.com\/wp-content\/uploads\/2010\/03\/slide0001_image002264.jpg 506w, http:\/\/www.floracantabrica.com\/wp-content\/uploads\/2010\/03\/slide0001_image002264-201x300.jpg 201w\" sizes=\"auto, (max-width: 506px) 100vw, 506px\" \/><\/a><\/span><\/p>\n<p>&#8230;&#8230;&#8230;&#8230;&#8230;&#8230;&#8230;<\/p>\n<p>India<\/p>\n<p>&#8230;&#8230;&#8230;&#8230;&#8230;&#8230;<\/p>\n","protected":false},"excerpt":{"rendered":"<p>Tweet\u00a0 \u00a0 &#8230;&#8230;&#8230;&#8230;&#8230;&#8230;. &#8230;&#8230;&#8230;&#8230;&#8230;&#8230; &#8230;&#8230;&#8230;&#8230;&#8230;&#8230;&#8230;&#8230;&#8230; Pastores asoleyando los \u00fatiles pa facer quesu. Tresviso, Cantabria. Picos d&#8217;Europa. 1931 Pastores en los Picos de Europa, en camino de la elaboraci\u00f3n artesanal del queso &#8212;&#8212;&#8212;- \u00a0&#8230;&#8230;&#8230;.. Caser\u00edo rural del Norte de Espa\u00f1a, la hierba todav\u00eda es almacenada en el interior de la vivienda, por un ventanal \u00a0&#8212;&#8212;&#8211; Pastores [&hellip;]<\/p>\n","protected":false},"author":1,"featured_media":0,"comment_status":"open","ping_status":"open","sticky":false,"template":"","format":"standard","meta":{"footnotes":""},"categories":[5],"tags":[],"class_list":["post-4278","post","type-post","status-publish","format-standard","hentry","category-etnopaisaje"],"_links":{"self":[{"href":"http:\/\/www.floracantabrica.com\/index.php?rest_route=\/wp\/v2\/posts\/4278","targetHints":{"allow":["GET"]}}],"collection":[{"href":"http:\/\/www.floracantabrica.com\/index.php?rest_route=\/wp\/v2\/posts"}],"about":[{"href":"http:\/\/www.floracantabrica.com\/index.php?rest_route=\/wp\/v2\/types\/post"}],"author":[{"embeddable":true,"href":"http:\/\/www.floracantabrica.com\/index.php?rest_route=\/wp\/v2\/users\/1"}],"replies":[{"embeddable":true,"href":"http:\/\/www.floracantabrica.com\/index.php?rest_route=%2Fwp%2Fv2%2Fcomments&post=4278"}],"version-history":[{"count":25,"href":"http:\/\/www.floracantabrica.com\/index.php?rest_route=\/wp\/v2\/posts\/4278\/revisions"}],"predecessor-version":[{"id":5341,"href":"http:\/\/www.floracantabrica.com\/index.php?rest_route=\/wp\/v2\/posts\/4278\/revisions\/5341"}],"wp:attachment":[{"href":"http:\/\/www.floracantabrica.com\/index.php?rest_route=%2Fwp%2Fv2%2Fmedia&parent=4278"}],"wp:term":[{"taxonomy":"category","embeddable":true,"href":"http:\/\/www.floracantabrica.com\/index.php?rest_route=%2Fwp%2Fv2%2Fcategories&post=4278"},{"taxonomy":"post_tag","embeddable":true,"href":"http:\/\/www.floracantabrica.com\/index.php?rest_route=%2Fwp%2Fv2%2Ftags&post=4278"}],"curies":[{"name":"wp","href":"https:\/\/api.w.org\/{rel}","templated":true}]}}