{"id":4218,"date":"2010-02-08T20:12:26","date_gmt":"2010-02-08T18:12:26","guid":{"rendered":"http:\/\/www.floracantabrica.com\/?p=4218"},"modified":"2014-11-24T22:14:49","modified_gmt":"2014-11-24T20:14:49","slug":"estepas-ibericas","status":"publish","type":"post","link":"http:\/\/www.floracantabrica.com\/?p=4218","title":{"rendered":"Estepas Ib\u00e9ricas"},"content":{"rendered":"<p><a href=\"http:\/\/twitter.com\/share?url=http%3A%2F%2Fwww.floracantabrica.com%2F%3Fp%3D4218&amp;count=none&amp;lang=es&amp;via=lorencincoreses&amp;related=Mujerverdosa&amp;text=Estepas Ib\u00e9ricas - Flora Cant\u00e1brica\" class=\"twitter-share-button\">Tweet<\/a><\/p><p>&nbsp;<\/p>\n<p><span style=\"font-size: medium;\">En el cuaderno 288 de la Revista de Quercus se analizan las opiniones sobre el origen de las Estepas ib\u00e9ricas, es verdad que hasta que no reconocieron las teor\u00edas de Clements sobre la evoluci\u00f3n vegetal, tal vez era m\u00e1s sencillo opinar \u00a0sobre ellas.<\/span><\/p>\n<p><span style=\"font-size: medium;\">\u00a0<\/span><\/p>\n<p><span style=\"font-size: medium;\">Podemos afirmar que sobre sustratos yes\u00edferos, en clima mediterr\u00e1neo, con el tiempo, puede<\/span><\/p>\n<p><span style=\"font-size: medium;\">desarrollarse\u00a0 el bosque de encinas ( Vegetaci\u00f3n clim\u00e1cica seg\u00fan Clements.).Pero en\u00a0 las laderas, donde est\u00e1n presente los sustratos yes\u00edferos, suele situarse un matorral term\u00f3filo mediterr\u00e1neo, donde los suelos han perdido profundidad por la escorrent\u00eda y entonces si podemos decir que estamos ante una vegetaci\u00f3n \u00a0de aspecto espario, representada por las <strong>comunidades permanentes de ladera.<\/strong><\/span><\/p>\n<p><strong><span style=\"font-size: medium;\">\u00a0<\/span><\/strong><\/p>\n<p><span style=\"font-size: medium;\">Em estas comunidades permanentes de ladera, nos encontramos: Estepa de hojas escamosas (Helianthemum squamatum), falso piorno (Vella pseudocytisus), jabonera (Gypsophila struthium),Tomilo churro (Lepidium subulatum).<\/span><\/p>\n<p><span style=\"font-size: medium;\">\u00a0&#8230;&#8230;&#8230;&#8230;&#8230;&#8230;&#8230;&#8230;&#8230;&#8230;<\/span><\/p>\n<p><span style=\"font-size: medium;\"><a href=\"http:\/\/www.floracantabrica.com\/wp-content\/uploads\/2010\/02\/slide0002_image00225.jpg\"><img loading=\"lazy\" decoding=\"async\" class=\"aligncenter size-full wp-image-4223\" title=\"slide0002_image002\" src=\"http:\/\/www.floracantabrica.com\/wp-content\/uploads\/2010\/02\/slide0002_image00225.jpg\" alt=\"slide0002_image002\" width=\"549\" height=\"376\" srcset=\"http:\/\/www.floracantabrica.com\/wp-content\/uploads\/2010\/02\/slide0002_image00225.jpg 549w, http:\/\/www.floracantabrica.com\/wp-content\/uploads\/2010\/02\/slide0002_image00225-300x205.jpg 300w\" sizes=\"auto, (max-width: 549px) 100vw, 549px\" \/><\/a><\/span><\/p>\n<p><span style=\"font-size: medium;\">&#8230;&#8230;&#8230;&#8230;&#8230;&#8230;.<\/span><\/p>\n<p><span style=\"font-size: medium;\">Estepa de hojas escamosas<\/span><\/p>\n<p><span style=\"font-size: medium;\">&#8230;&#8230;&#8230;&#8230;&#8230;&#8230;&#8230;&#8230;&#8230;&#8230;&#8230;&#8230;&#8230;&#8230;&#8230;&#8230;&#8230;&#8230;&#8230;&#8230;&#8230;&#8230;&#8230;&#8230;&#8230;&#8230;&#8230;&#8230;&#8230;&#8230;&#8230;&#8230;.<\/span><\/p>\n<p><span style=\"font-size: medium;\"><a href=\"http:\/\/www.floracantabrica.com\/wp-content\/uploads\/2010\/02\/slide0002_image00226.jpg\"><img loading=\"lazy\" decoding=\"async\" class=\"aligncenter size-full wp-image-4224\" title=\"slide0002_image002\" src=\"http:\/\/www.floracantabrica.com\/wp-content\/uploads\/2010\/02\/slide0002_image00226.jpg\" alt=\"slide0002_image002\" width=\"286\" height=\"436\" srcset=\"http:\/\/www.floracantabrica.com\/wp-content\/uploads\/2010\/02\/slide0002_image00226.jpg 286w, http:\/\/www.floracantabrica.com\/wp-content\/uploads\/2010\/02\/slide0002_image00226-196x300.jpg 196w\" sizes=\"auto, (max-width: 286px) 100vw, 286px\" \/><\/a><\/span><\/p>\n<p><span style=\"font-size: medium;\">&#8230;&#8230;&#8230;&#8230;&#8230;&#8230;&#8230;&#8230;&#8230;&#8230;&#8230;&#8230;&#8230;&#8230;&#8230;&#8230;&#8230;&#8230;&#8230;&#8230;..<\/span><\/p>\n<p><span style=\"font-size: medium;\">\u00a0\u00a0\u00a0 Falso piorno<\/span><\/p>\n<p><span style=\"font-size: medium;\">&#8230;&#8230;&#8230;&#8230;&#8230;&#8230;&#8230;&#8230;&#8230;&#8230;&#8230;&#8230;&#8230;&#8230;&#8230;&#8230;&#8230;&#8230;&#8230;&#8230;&#8230;&#8230;&#8230;&#8230;&#8230;&#8230;&#8230;&#8230;<\/span><\/p>\n<p><span style=\"font-size: medium;\"><a href=\"http:\/\/www.floracantabrica.com\/wp-content\/uploads\/2010\/02\/slide0002_image00227.jpg\"><img loading=\"lazy\" decoding=\"async\" class=\"aligncenter size-full wp-image-4225\" title=\"slide0002_image002\" src=\"http:\/\/www.floracantabrica.com\/wp-content\/uploads\/2010\/02\/slide0002_image00227.jpg\" alt=\"slide0002_image002\" width=\"552\" height=\"367\" srcset=\"http:\/\/www.floracantabrica.com\/wp-content\/uploads\/2010\/02\/slide0002_image00227.jpg 552w, http:\/\/www.floracantabrica.com\/wp-content\/uploads\/2010\/02\/slide0002_image00227-300x199.jpg 300w\" sizes=\"auto, (max-width: 552px) 100vw, 552px\" \/><\/a><\/span><\/p>\n<p><span style=\"font-size: medium;\">&#8230;&#8230;&#8230;&#8230;&#8230;&#8230;&#8230;&#8230;&#8230;&#8230;&#8230;&#8230;&#8230;&#8230;.<\/span><\/p>\n<p><span style=\"font-size: medium;\">Tomillo churro<\/span><\/p>\n<p><span style=\"font-size: medium;\">&#8230;&#8230;&#8230;&#8230;&#8230;&#8230;&#8230;&#8230;<\/span><\/p>\n<p><span style=\"font-size: medium;\">\u00a0<\/span><\/p>\n<p><span style=\"font-size: medium;\">Se han hecho n\u00fameros estudios fitosociol\u00f3gicos en es tos \u00faltimos cuarenta a\u00f1os.<\/span><\/p>\n<p><span style=\"font-size: medium;\">La \u00a0Fitosocilog\u00eda de Bran Blanquet, pude ser muy \u00fatil, pero lo dif\u00edcil es entenderla, la han complicado demasiado algunos fitosoci\u00f3logos, que se ha convertido en una ciencia de amigos.<\/span><\/p>\n<p><span style=\"font-size: medium;\">\u00a0<\/span><\/p>\n<p><span style=\"font-size: medium;\">\u00a0<\/span><\/p>\n<p><span style=\"font-size: medium;\">Es urgente hacer una nueva organizaci\u00f3n de la comunidades vegetales, volviendo a los principios ecol\u00f3gicos de fundador del m\u00e9todo. <span style=\"color: #333399;\">Es esencial reducir las numerosas asociaciones y subordinarlas a subasociaciones regionales, quedarse con las alinzas<\/span>, que hasta ellas es m\u00e1s f\u00e1cil llegar,o establecer grupos socioecol\u00f3gicos \u00a0\u00a0<\/span><\/p>\n<p><span style=\"font-size: medium;\">\u00a0<\/span><\/p>\n","protected":false},"excerpt":{"rendered":"<p>Tweet&nbsp; En el cuaderno 288 de la Revista de Quercus se analizan las opiniones sobre el origen de las Estepas ib\u00e9ricas, es verdad que hasta que no reconocieron las teor\u00edas de Clements sobre la evoluci\u00f3n vegetal, tal vez era m\u00e1s sencillo opinar \u00a0sobre ellas. \u00a0 Podemos afirmar que sobre sustratos yes\u00edferos, en clima mediterr\u00e1neo, con [&hellip;]<\/p>\n","protected":false},"author":1,"featured_media":0,"comment_status":"open","ping_status":"open","sticky":false,"template":"","format":"standard","meta":{"footnotes":""},"categories":[1,9],"tags":[],"class_list":["post-4218","post","type-post","status-publish","format-standard","hentry","category-flora","category-vegetation-ecology"],"_links":{"self":[{"href":"http:\/\/www.floracantabrica.com\/index.php?rest_route=\/wp\/v2\/posts\/4218","targetHints":{"allow":["GET"]}}],"collection":[{"href":"http:\/\/www.floracantabrica.com\/index.php?rest_route=\/wp\/v2\/posts"}],"about":[{"href":"http:\/\/www.floracantabrica.com\/index.php?rest_route=\/wp\/v2\/types\/post"}],"author":[{"embeddable":true,"href":"http:\/\/www.floracantabrica.com\/index.php?rest_route=\/wp\/v2\/users\/1"}],"replies":[{"embeddable":true,"href":"http:\/\/www.floracantabrica.com\/index.php?rest_route=%2Fwp%2Fv2%2Fcomments&post=4218"}],"version-history":[{"count":6,"href":"http:\/\/www.floracantabrica.com\/index.php?rest_route=\/wp\/v2\/posts\/4218\/revisions"}],"predecessor-version":[{"id":29874,"href":"http:\/\/www.floracantabrica.com\/index.php?rest_route=\/wp\/v2\/posts\/4218\/revisions\/29874"}],"wp:attachment":[{"href":"http:\/\/www.floracantabrica.com\/index.php?rest_route=%2Fwp%2Fv2%2Fmedia&parent=4218"}],"wp:term":[{"taxonomy":"category","embeddable":true,"href":"http:\/\/www.floracantabrica.com\/index.php?rest_route=%2Fwp%2Fv2%2Fcategories&post=4218"},{"taxonomy":"post_tag","embeddable":true,"href":"http:\/\/www.floracantabrica.com\/index.php?rest_route=%2Fwp%2Fv2%2Ftags&post=4218"}],"curies":[{"name":"wp","href":"https:\/\/api.w.org\/{rel}","templated":true}]}}