{"id":4198,"date":"2010-02-07T19:33:02","date_gmt":"2010-02-07T17:33:02","guid":{"rendered":"http:\/\/www.floracantabrica.com\/?p=4198"},"modified":"2010-02-07T19:35:42","modified_gmt":"2010-02-07T17:35:42","slug":"senda-del-oso-bajo-la-niebla-asturias","status":"publish","type":"post","link":"http:\/\/www.floracantabrica.com\/?p=4198","title":{"rendered":"Senda del Oso, bajo la niebla.Asturias"},"content":{"rendered":"<p><a href=\"http:\/\/twitter.com\/share?url=http%3A%2F%2Fwww.floracantabrica.com%2F%3Fp%3D4198&amp;count=none&amp;lang=es&amp;via=lorencincoreses&amp;related=Mujerverdosa&amp;text=Senda del Oso, bajo la niebla.Asturias  - Flora Cant\u00e1brica\" class=\"twitter-share-button\">Tweet<\/a><\/p><p>\u00a0<\/p>\n<p>\u00a0<\/p>\n<p>\u00a0<\/p>\n<p>\u00a0<\/p>\n<p><a href=\"http:\/\/www.floracantabrica.com\/wp-content\/uploads\/2010\/02\/slide0001_image0021.jpg\"><img loading=\"lazy\" decoding=\"async\" class=\"aligncenter size-full wp-image-4201\" title=\"slide0001_image002\" src=\"http:\/\/www.floracantabrica.com\/wp-content\/uploads\/2010\/02\/slide0001_image0021.jpg\" alt=\"slide0001_image002\" width=\"718\" height=\"480\" srcset=\"http:\/\/www.floracantabrica.com\/wp-content\/uploads\/2010\/02\/slide0001_image0021.jpg 718w, http:\/\/www.floracantabrica.com\/wp-content\/uploads\/2010\/02\/slide0001_image0021-300x200.jpg 300w\" sizes=\"auto, (max-width: 718px) 100vw, 718px\" \/><\/a><\/p>\n<p>&#8230;&#8230;&#8230;&#8230;&#8230;&#8230;&#8230;&#8230;&#8230;&#8230;&#8230;&#8230;&#8230;&#8230;&#8230;&#8230;&#8230;&#8230;&#8230;&#8230;&#8230;&#8230;&#8230;&#8230;&#8230;&#8230;&#8230;&#8230;&#8230;&#8230;&#8230;&#8230;&#8230;&#8230;&#8230;&#8230;&#8230;&#8230;&#8230;&#8230;..<\/p>\n<p><a href=\"http:\/\/www.floracantabrica.com\/wp-content\/uploads\/2010\/02\/slide0002_image00219.jpg\"><img loading=\"lazy\" decoding=\"async\" class=\"aligncenter size-full wp-image-4206\" title=\"slide0002_image002\" src=\"http:\/\/www.floracantabrica.com\/wp-content\/uploads\/2010\/02\/slide0002_image00219.jpg\" alt=\"slide0002_image002\" width=\"649\" height=\"435\" srcset=\"http:\/\/www.floracantabrica.com\/wp-content\/uploads\/2010\/02\/slide0002_image00219.jpg 649w, http:\/\/www.floracantabrica.com\/wp-content\/uploads\/2010\/02\/slide0002_image00219-300x201.jpg 300w\" sizes=\"auto, (max-width: 649px) 100vw, 649px\" \/><\/a><\/p>\n<p><span style=\"font-size: medium;\">En las fotos se puede apreciar la niebla en la Senda del Oso, donde todav\u00eda se mantienen, los usos tradiciones agr\u00edcolas, aprovechamiento de los pastos en\u00a0 las zonas de vaguada, cercanas al r\u00edo, con su diversidad y color verdoso caracter\u00edstico. Se observa ganado caballar y vacuno<\/span>.<\/p>\n<p><span style=\"font-size: medium;\">&#8212;&#8212;&#8212;<\/span><\/p>\n<p><span style=\"font-size: medium;\">\u00a0<\/span><\/p>\n<p><span style=\"font-size: medium;\">En la ladera\u00a0 sur soleada, se sit\u00faa la encina especie t\u00edpica de la meseta mediterr\u00e1nea que vino a Asturias, hace muchos miles de a\u00f1os y que ante la hostilidad del clima decidi\u00f3 , refugiarse en las fisuras de las rocas calizas de las ladera monta\u00f1osa, con fuerte inclinaci\u00f3n, que le ofrec\u00edan el calor y la sequedad , que precisaba para su supervivencia; claro est\u00e1 en las zonas m\u00e1s bajas de la ladera se desarrolla el avellano y el carballo sobre suelos m\u00e1s profundos.<\/span><\/p>\n<p><span style=\"font-size: medium;\">&#8230;&#8230;&#8230;&#8230;&#8230;&#8230;&#8230;..<\/span><\/p>\n<p><span style=\"font-size: medium;\">\u00a0<a href=\"http:\/\/www.floracantabrica.com\/wp-content\/uploads\/2010\/02\/slide0002_image00220.jpg\"><img loading=\"lazy\" decoding=\"async\" class=\"aligncenter size-full wp-image-4208\" title=\"slide0002_image002\" src=\"http:\/\/www.floracantabrica.com\/wp-content\/uploads\/2010\/02\/slide0002_image00220.jpg\" alt=\"slide0002_image002\" width=\"633\" height=\"424\" srcset=\"http:\/\/www.floracantabrica.com\/wp-content\/uploads\/2010\/02\/slide0002_image00220.jpg 633w, http:\/\/www.floracantabrica.com\/wp-content\/uploads\/2010\/02\/slide0002_image00220-300x200.jpg 300w\" sizes=\"auto, (max-width: 633px) 100vw, 633px\" \/><\/a><\/span><\/p>\n<p>&#8230;&#8230;&#8230;&#8230;&#8230;&#8230;&#8230;..<\/p>\n<p><span style=\"font-size: medium;\">Encinar\u00a0 sobre la roca caliza cant\u00e1brica,\u00a0 se mantiene en la solana por un fen\u00f3meno de compensaci\u00f3n ecol\u00f3gica<\/span><\/p>\n<p><span style=\"font-size: medium;\">&#8230;&#8230;&#8230;&#8230;.<\/span><\/p>\n<p><span style=\"font-size: medium;\"><a href=\"http:\/\/www.floracantabrica.com\/wp-content\/uploads\/2010\/02\/slide0002_image00221.jpg\"><img loading=\"lazy\" decoding=\"async\" class=\"aligncenter size-full wp-image-4209\" title=\"slide0002_image002\" src=\"http:\/\/www.floracantabrica.com\/wp-content\/uploads\/2010\/02\/slide0002_image00221.jpg\" alt=\"slide0002_image002\" width=\"634\" height=\"424\" srcset=\"http:\/\/www.floracantabrica.com\/wp-content\/uploads\/2010\/02\/slide0002_image00221.jpg 634w, http:\/\/www.floracantabrica.com\/wp-content\/uploads\/2010\/02\/slide0002_image00221-300x200.jpg 300w\" sizes=\"auto, (max-width: 634px) 100vw, 634px\" \/><\/a><\/span><\/p>\n<p>&#8230;&#8230;&#8230;&#8230;&#8230;&#8230;&#8230;&#8230;&#8230;&#8230;&#8230;&#8230;&#8230;&#8230;&#8230;&#8230;&#8230;&#8230;<\/p>\n<p><span style=\"font-size: medium;\">Se aprecia en amarillo las flores del avellano, que surgen antes que las hojas\u00a0<\/span><\/p>\n<p><span style=\"font-size: medium;\"><a href=\"http:\/\/www.floracantabrica.com\/wp-content\/uploads\/2010\/02\/slide0002_image00222.jpg\"><img loading=\"lazy\" decoding=\"async\" class=\"aligncenter size-full wp-image-4210\" title=\"slide0002_image002\" src=\"http:\/\/www.floracantabrica.com\/wp-content\/uploads\/2010\/02\/slide0002_image00222.jpg\" alt=\"slide0002_image002\" width=\"649\" height=\"434\" srcset=\"http:\/\/www.floracantabrica.com\/wp-content\/uploads\/2010\/02\/slide0002_image00222.jpg 649w, http:\/\/www.floracantabrica.com\/wp-content\/uploads\/2010\/02\/slide0002_image00222-300x200.jpg 300w\" sizes=\"auto, (max-width: 649px) 100vw, 649px\" \/><\/a><\/span><\/p>\n<p>\u00a0<\/p>\n<p><span style=\"font-size: medium;\">T\u00edpica casa rural con el horreo, en estado de abandono<\/span><\/p>\n<p><span style=\"font-size: medium;\">&#8230;&#8230;&#8230;&#8230;&#8230;&#8230;&#8230;&#8230;&#8230;&#8230;&#8230;&#8230;&#8230;&#8230;&#8230;&#8230;&#8230;..<\/span><\/p>\n<p><span style=\"font-size: medium;\"><a href=\"http:\/\/www.floracantabrica.com\/wp-content\/uploads\/2010\/02\/slide0002_image00223.jpg\"><img loading=\"lazy\" decoding=\"async\" class=\"aligncenter size-full wp-image-4211\" title=\"slide0002_image002\" src=\"http:\/\/www.floracantabrica.com\/wp-content\/uploads\/2010\/02\/slide0002_image00223.jpg\" alt=\"slide0002_image002\" width=\"656\" height=\"438\" srcset=\"http:\/\/www.floracantabrica.com\/wp-content\/uploads\/2010\/02\/slide0002_image00223.jpg 656w, http:\/\/www.floracantabrica.com\/wp-content\/uploads\/2010\/02\/slide0002_image00223-300x200.jpg 300w\" sizes=\"auto, (max-width: 656px) 100vw, 656px\" \/><\/a><\/span><\/p>\n<p>\u00a0<\/p>\n<p><span style=\"font-size: medium;\">Ladera norte, con vegetaci\u00f3nd hoja caduca, con algunos eucaliptos plantados<\/span><\/p>\n<p>&#8230;&#8230;&#8230;&#8230;&#8230;&#8230;&#8230;&#8230;&#8230;..<\/p>\n<p><a href=\"http:\/\/www.floracantabrica.com\/wp-content\/uploads\/2010\/02\/slide0002_image00224.jpg\"><img loading=\"lazy\" decoding=\"async\" class=\"aligncenter size-full wp-image-4213\" title=\"slide0002_image002\" src=\"http:\/\/www.floracantabrica.com\/wp-content\/uploads\/2010\/02\/slide0002_image00224.jpg\" alt=\"slide0002_image002\" width=\"627\" height=\"420\" srcset=\"http:\/\/www.floracantabrica.com\/wp-content\/uploads\/2010\/02\/slide0002_image00224.jpg 627w, http:\/\/www.floracantabrica.com\/wp-content\/uploads\/2010\/02\/slide0002_image00224-300x200.jpg 300w\" sizes=\"auto, (max-width: 627px) 100vw, 627px\" \/><\/a><\/p>\n<p>&#8230;&#8230;&#8230;&#8230;&#8230;&#8230;&#8230;&#8230;&#8230;&#8230;&#8230;&#8230;..<\/p>\n","protected":false},"excerpt":{"rendered":"<p>Tweet\u00a0 \u00a0 \u00a0 \u00a0 &#8230;&#8230;&#8230;&#8230;&#8230;&#8230;&#8230;&#8230;&#8230;&#8230;&#8230;&#8230;&#8230;&#8230;&#8230;&#8230;&#8230;&#8230;&#8230;&#8230;&#8230;&#8230;&#8230;&#8230;&#8230;&#8230;&#8230;&#8230;&#8230;&#8230;&#8230;&#8230;&#8230;&#8230;&#8230;&#8230;&#8230;&#8230;&#8230;&#8230;.. En las fotos se puede apreciar la niebla en la Senda del Oso, donde todav\u00eda se mantienen, los usos tradiciones agr\u00edcolas, aprovechamiento de los pastos en\u00a0 las zonas de vaguada, cercanas al r\u00edo, con su diversidad y color verdoso caracter\u00edstico. Se observa ganado caballar y vacuno. &#8212;&#8212;&#8212; \u00a0 En la [&hellip;]<\/p>\n","protected":false},"author":1,"featured_media":0,"comment_status":"open","ping_status":"open","sticky":false,"template":"","format":"standard","meta":{"footnotes":""},"categories":[5],"tags":[],"class_list":["post-4198","post","type-post","status-publish","format-standard","hentry","category-etnopaisaje"],"_links":{"self":[{"href":"http:\/\/www.floracantabrica.com\/index.php?rest_route=\/wp\/v2\/posts\/4198","targetHints":{"allow":["GET"]}}],"collection":[{"href":"http:\/\/www.floracantabrica.com\/index.php?rest_route=\/wp\/v2\/posts"}],"about":[{"href":"http:\/\/www.floracantabrica.com\/index.php?rest_route=\/wp\/v2\/types\/post"}],"author":[{"embeddable":true,"href":"http:\/\/www.floracantabrica.com\/index.php?rest_route=\/wp\/v2\/users\/1"}],"replies":[{"embeddable":true,"href":"http:\/\/www.floracantabrica.com\/index.php?rest_route=%2Fwp%2Fv2%2Fcomments&post=4198"}],"version-history":[{"count":8,"href":"http:\/\/www.floracantabrica.com\/index.php?rest_route=\/wp\/v2\/posts\/4198\/revisions"}],"predecessor-version":[{"id":4217,"href":"http:\/\/www.floracantabrica.com\/index.php?rest_route=\/wp\/v2\/posts\/4198\/revisions\/4217"}],"wp:attachment":[{"href":"http:\/\/www.floracantabrica.com\/index.php?rest_route=%2Fwp%2Fv2%2Fmedia&parent=4198"}],"wp:term":[{"taxonomy":"category","embeddable":true,"href":"http:\/\/www.floracantabrica.com\/index.php?rest_route=%2Fwp%2Fv2%2Fcategories&post=4198"},{"taxonomy":"post_tag","embeddable":true,"href":"http:\/\/www.floracantabrica.com\/index.php?rest_route=%2Fwp%2Fv2%2Ftags&post=4198"}],"curies":[{"name":"wp","href":"https:\/\/api.w.org\/{rel}","templated":true}]}}