{"id":41034,"date":"2018-02-01T23:38:41","date_gmt":"2018-02-01T21:38:41","guid":{"rendered":"http:\/\/www.floracantabrica.com\/?p=41034"},"modified":"2022-09-17T13:39:21","modified_gmt":"2022-09-17T11:39:21","slug":"frases-de-dia-1-2-18","status":"publish","type":"post","link":"http:\/\/www.floracantabrica.com\/?p=41034","title":{"rendered":"Frases de dia 1 .2, 18"},"content":{"rendered":"<p><a href=\"http:\/\/twitter.com\/share?url=http%3A%2F%2Fwww.floracantabrica.com%2F%3Fp%3D41034&amp;count=none&amp;lang=es&amp;via=lorencincoreses&amp;related=Mujerverdosa&amp;text=Frases de dia 1 .2, 18 - Flora Cant\u00e1brica\" class=\"twitter-share-button\">Tweet<\/a><\/p><p><img loading=\"lazy\" decoding=\"async\" class=\"aligncenter size-full wp-image-39097\" src=\"http:\/\/www.floracantabrica.com\/wp-content\/uploads\/2017\/06\/image00220.jpg\" alt=\"\" width=\"567\" height=\"537\" srcset=\"http:\/\/www.floracantabrica.com\/wp-content\/uploads\/2017\/06\/image00220.jpg 567w, http:\/\/www.floracantabrica.com\/wp-content\/uploads\/2017\/06\/image00220-300x284.jpg 300w\" sizes=\"auto, (max-width: 567px) 100vw, 567px\" \/>,,,,,,,,<\/p>\n<p>,,,,,,,,,<\/p>\n<p>&nbsp;<\/p>\n<p>,,,,<\/p>\n<p><span style=\"font-size: 14pt;\"><strong>El Papa invita a reflexionar sobre la muerte: \u201cNos har\u00e1 bien a todos\u201d<\/strong><\/span><\/p>\n<p><span style=\"font-size: 14pt;\">&#8230;&#8230;&#8230;&#8230;.<\/span><\/p>\n<p><span style=\"font-size: 14pt;\">La muerte es un hecho que nos impacta a todos. Llega m\u00e1s tarde o m\u00e1s temprano, pero llega\u201d, afirm\u00f3 el Papa Francisco en la homil\u00eda de la Misa celebrada este jueves 1 de febrero en la Casa Santa Marta. Por eso invit\u00f3 a reflexionar sobre la muerte, porque \u201cnos har\u00e1 bien a todos\u201d.<\/span><\/p>\n<p>&nbsp;<\/p>\n<p><span style=\"font-size: 14pt;\">El Santo Padre record\u00f3 que \u201cno somos ni eternos, ni ef\u00edmeros: somos hombres y mujeres en el tiempo, tiempo que comienza y tiempo que termina\u201d.<\/span><\/p>\n<p>&nbsp;<\/p>\n<p><span style=\"font-size: 14pt;\">Sin embargo, advirti\u00f3 contra \u201cla \u2018tentaci\u00f3n del momento\u2019 que se apodera de la vida y te lleva a andar por ese laberinto de ego\u00edsmo del momento sin futuro, siempre de ida y vuelta, de ida y vuelta. Y el camino termina en la muerte, todos lo sabemos. Y por eso la Iglesia siempre ha tratado de hacer reflexionar sobre este fin nuestro: la muerte\u201d.<\/span><\/p>\n<p>&nbsp;<\/p>\n<p><span style=\"font-size: 14pt;\">El Papa anim\u00f3 a repetirse: \u201cYo no soy due\u00f1o del tiempo\u201d. Asegur\u00f3 que \u201crepetir esto ayuda, porque nos salva de la ilusi\u00f3n del momento, de tomar la vida como si fuera una cadena de anillos de momentos sin sentido. Estoy en camino y debo mirar hacia adelante, considerando que la muerte es una herencia\u201d.<\/span><\/p>\n<p>&nbsp;<\/p>\n<p><span style=\"font-size: 14pt;\">Tambi\u00e9n anim\u00f3 a preguntarse: \u201cSi hoy Dios me llamase, \u00bfqu\u00e9 herencia dejar\u00e9 como testimonio de vida? Es una bella pregunta para hacerse. De ese modo nos preparamos, porque ninguno de nosotros se quedar\u00e1 aqu\u00ed como una reliquia. No, todos iremos sobre ese camino\u201d.<\/span><\/p>\n<p>&nbsp;<\/p>\n<p><span style=\"font-size: 14pt;\">Adem\u00e1s, explic\u00f3 que \u201cla muerte es una memoria, una memoria anticipada\u201d que ayuda a reflexionar. \u201cCuando muera, \u00bfqu\u00e9 decisi\u00f3n me habr\u00eda gustado tomar hoy, en mi modo de vivir de hoy? Es una memoria anticipada que ilumina el momento de hoy. Iluminar con el hecho de la muerte la decisi\u00f3n que debo tomar cada d\u00eda\u201d, finaliz\u00f3.<\/span><\/p>\n<p>&nbsp;<\/p>\n","protected":false},"excerpt":{"rendered":"<p>Tweet,,,,,,,, ,,,,,,,,, &nbsp; ,,,, El Papa invita a reflexionar sobre la muerte: \u201cNos har\u00e1 bien a todos\u201d &#8230;&#8230;&#8230;&#8230;. La muerte es un hecho que nos impacta a todos. Llega m\u00e1s tarde o m\u00e1s temprano, pero llega\u201d, afirm\u00f3 el Papa Francisco en la homil\u00eda de la Misa celebrada este jueves 1 de febrero en la Casa [&hellip;]<\/p>\n","protected":false},"author":1,"featured_media":0,"comment_status":"open","ping_status":"open","sticky":false,"template":"","format":"standard","meta":{"footnotes":""},"categories":[4],"tags":[],"class_list":["post-41034","post","type-post","status-publish","format-standard","hentry","category-divulgacion"],"_links":{"self":[{"href":"http:\/\/www.floracantabrica.com\/index.php?rest_route=\/wp\/v2\/posts\/41034","targetHints":{"allow":["GET"]}}],"collection":[{"href":"http:\/\/www.floracantabrica.com\/index.php?rest_route=\/wp\/v2\/posts"}],"about":[{"href":"http:\/\/www.floracantabrica.com\/index.php?rest_route=\/wp\/v2\/types\/post"}],"author":[{"embeddable":true,"href":"http:\/\/www.floracantabrica.com\/index.php?rest_route=\/wp\/v2\/users\/1"}],"replies":[{"embeddable":true,"href":"http:\/\/www.floracantabrica.com\/index.php?rest_route=%2Fwp%2Fv2%2Fcomments&post=41034"}],"version-history":[{"count":2,"href":"http:\/\/www.floracantabrica.com\/index.php?rest_route=\/wp\/v2\/posts\/41034\/revisions"}],"predecessor-version":[{"id":41036,"href":"http:\/\/www.floracantabrica.com\/index.php?rest_route=\/wp\/v2\/posts\/41034\/revisions\/41036"}],"wp:attachment":[{"href":"http:\/\/www.floracantabrica.com\/index.php?rest_route=%2Fwp%2Fv2%2Fmedia&parent=41034"}],"wp:term":[{"taxonomy":"category","embeddable":true,"href":"http:\/\/www.floracantabrica.com\/index.php?rest_route=%2Fwp%2Fv2%2Fcategories&post=41034"},{"taxonomy":"post_tag","embeddable":true,"href":"http:\/\/www.floracantabrica.com\/index.php?rest_route=%2Fwp%2Fv2%2Ftags&post=41034"}],"curies":[{"name":"wp","href":"https:\/\/api.w.org\/{rel}","templated":true}]}}