{"id":40990,"date":"2018-01-26T23:17:28","date_gmt":"2018-01-26T21:17:28","guid":{"rendered":"http:\/\/www.floracantabrica.com\/?p=40990"},"modified":"2018-01-26T23:17:28","modified_gmt":"2018-01-26T21:17:28","slug":"frases-del-dia-26-1-18","status":"publish","type":"post","link":"http:\/\/www.floracantabrica.com\/?p=40990","title":{"rendered":"Frases del dia 26 .1. 18"},"content":{"rendered":"<p><a href=\"http:\/\/twitter.com\/share?url=http%3A%2F%2Fwww.floracantabrica.com%2F%3Fp%3D40990&amp;count=none&amp;lang=es&amp;via=lorencincoreses&amp;related=Mujerverdosa&amp;text=Frases del dia 26 .1. 18 - Flora Cant\u00e1brica\" class=\"twitter-share-button\">Tweet<\/a><\/p><p>&nbsp;<\/p>\n<p>&#8230;&#8230;&#8230;&#8230;.<\/p>\n<p>&nbsp;<\/p>\n<p><img loading=\"lazy\" decoding=\"async\" class=\"aligncenter size-full wp-image-39355\" src=\"http:\/\/www.floracantabrica.com\/wp-content\/uploads\/2017\/08\/image00224.jpg\" alt=\"\" width=\"567\" height=\"824\" srcset=\"http:\/\/www.floracantabrica.com\/wp-content\/uploads\/2017\/08\/image00224.jpg 567w, http:\/\/www.floracantabrica.com\/wp-content\/uploads\/2017\/08\/image00224-206x300.jpg 206w\" sizes=\"auto, (max-width: 567px) 100vw, 567px\" \/><\/p>\n<p>&#8230;&#8230;.<\/p>\n<p><span style=\"font-size: 14pt;\"><strong>El Papa cuestiona: \u00bfC\u00f3mo se puede transmitir la fe con calumnias y habladur\u00edas?<\/strong><\/span><\/p>\n<p>&nbsp;<\/p>\n<p><span style=\"font-size: 14pt;\">(<strong>ACI<\/strong>).- En una nueva Misa en la Casa Santa Marta, el Papa Francisco reflexion\u00f3 sobre la transmisi\u00f3n de la fe y la importancia de las madres y las abuelas en la misma; sin embargo, dijo que esto no ser\u00e1 posible si no se renuncia a las habladur\u00edas.<\/span><\/p>\n<p>&nbsp;<\/p>\n<p><span style=\"font-size: 14pt;\">Al comentar las lecturas del d\u00eda, el Santo Padre afirm\u00f3 que la predicaci\u00f3n \u201cno puede ser tibia\u201d y anim\u00f3 a evangelizar a trav\u00e9s del testimonio. \u201cLa predicaci\u00f3n es una bofetada que te conmueve y te lleva adelante\u201d, coment\u00f3.<\/span><\/p>\n<p>&nbsp;<\/p>\n<p><span style=\"font-size: 14pt;\"><strong>El Papa record\u00f3 que en lugar de amar muchas veces la gente se \u201cdespelleja\u201d. \u201cLa lengua es un cuchillo para despellejar al otro. \u00bfY c\u00f3mo puedes transmitir la fe con un aire as\u00ed de viciado de calumnias y habladur\u00edas?\u201d.<\/strong><\/span><\/p>\n<p>&nbsp;<\/p>\n<p><span style=\"font-size: 14pt;\">\u201c<strong>Mira, este nunca habla del otro a sus espaldas; este hace esta obra de caridad; este cuando hay alguno que est\u00e1 enfermo va a visitarlo, \u00bfporqu\u00e9 hace as\u00ed?\u201d, dijo sobre lo que la gente deber\u00eda preguntarse de los dem\u00e1s<\/strong>.<\/span><\/p>\n<p>&nbsp;<\/p>\n<p><span style=\"font-size: 14pt;\">El Pont\u00edfice subray\u00f3 que \u201cla fe se transmite en el vientre materno, el vientre de la Iglesia\u201d porque \u201cla Iglesia es madre, la Iglesia es femenina. La maternidad de la Iglesia se prolonga en la maternidad de la madre, de la mujer\u201d.<\/span><\/p>\n<p>&nbsp;<\/p>\n<p><span style=\"font-size: 14pt;\">A este punto, Francisco record\u00f3 que en Albania conoci\u00f3 a una religiosa que durante la dictadura estuvo en la c\u00e1rcel, pero cada cierto tiempo los guardias la hac\u00edan salir un poco. Ella iba a lo largo del r\u00edo, mientras ellos pensaban que no podr\u00eda hacer nada. Pero, cont\u00f3 el Papa, la monja era astuta y las mujeres le llevaban sus hijos para que los bautizase a escondidas.<\/span><\/p>\n<p>&nbsp;<\/p>\n<p><span style=\"font-size: 14pt;\">\u201cMe da tristeza cuando veo a los ni\u00f1os que no saben hacer la se\u00f1al de la Cruz y que en lugar de hacerlo bien, saben que tienen que hacer algo y hacen algo parecido a un dibujo raro, porque les falta la madre y la abuela que les ense\u00f1e esto. Cu\u00e1ntas veces pienso en las cosas que se ense\u00f1an para la preparaci\u00f3n al matrimonio, a la que ser\u00e1 esposa, esa que ser\u00e1 madre: \u00bfSe le ense\u00f1a que debe transmitir la fe?\u201d.<\/span><\/p>\n<p>&nbsp;<\/p>\n<p><span style=\"font-size: 14pt;\">Al concluir, el Pont\u00edfice pidi\u00f3 \u201cal Se\u00f1or que nos ense\u00f1e como testimonios, como predicadores y tambi\u00e9n a las mujeres, como madres, a transmitir la fe\u201d.<\/span><\/p>\n<p>&nbsp;<\/p>\n","protected":false},"excerpt":{"rendered":"<p>Tweet&nbsp; &#8230;&#8230;&#8230;&#8230;. &nbsp; &#8230;&#8230;. El Papa cuestiona: \u00bfC\u00f3mo se puede transmitir la fe con calumnias y habladur\u00edas? &nbsp; (ACI).- En una nueva Misa en la Casa Santa Marta, el Papa Francisco reflexion\u00f3 sobre la transmisi\u00f3n de la fe y la importancia de las madres y las abuelas en la misma; sin embargo, dijo que esto [&hellip;]<\/p>\n","protected":false},"author":1,"featured_media":0,"comment_status":"open","ping_status":"open","sticky":false,"template":"","format":"standard","meta":{"footnotes":""},"categories":[4,7],"tags":[],"class_list":["post-40990","post","type-post","status-publish","format-standard","hentry","category-divulgacion","category-mis-dibujos"],"_links":{"self":[{"href":"http:\/\/www.floracantabrica.com\/index.php?rest_route=\/wp\/v2\/posts\/40990","targetHints":{"allow":["GET"]}}],"collection":[{"href":"http:\/\/www.floracantabrica.com\/index.php?rest_route=\/wp\/v2\/posts"}],"about":[{"href":"http:\/\/www.floracantabrica.com\/index.php?rest_route=\/wp\/v2\/types\/post"}],"author":[{"embeddable":true,"href":"http:\/\/www.floracantabrica.com\/index.php?rest_route=\/wp\/v2\/users\/1"}],"replies":[{"embeddable":true,"href":"http:\/\/www.floracantabrica.com\/index.php?rest_route=%2Fwp%2Fv2%2Fcomments&post=40990"}],"version-history":[{"count":3,"href":"http:\/\/www.floracantabrica.com\/index.php?rest_route=\/wp\/v2\/posts\/40990\/revisions"}],"predecessor-version":[{"id":40994,"href":"http:\/\/www.floracantabrica.com\/index.php?rest_route=\/wp\/v2\/posts\/40990\/revisions\/40994"}],"wp:attachment":[{"href":"http:\/\/www.floracantabrica.com\/index.php?rest_route=%2Fwp%2Fv2%2Fmedia&parent=40990"}],"wp:term":[{"taxonomy":"category","embeddable":true,"href":"http:\/\/www.floracantabrica.com\/index.php?rest_route=%2Fwp%2Fv2%2Fcategories&post=40990"},{"taxonomy":"post_tag","embeddable":true,"href":"http:\/\/www.floracantabrica.com\/index.php?rest_route=%2Fwp%2Fv2%2Ftags&post=40990"}],"curies":[{"name":"wp","href":"https:\/\/api.w.org\/{rel}","templated":true}]}}