{"id":40918,"date":"2018-01-18T12:10:57","date_gmt":"2018-01-18T10:10:57","guid":{"rendered":"http:\/\/www.floracantabrica.com\/?p=40918"},"modified":"2018-01-18T12:12:09","modified_gmt":"2018-01-18T10:12:09","slug":"biogeography-of-spain-zonacion-dela-vegetacion-27-1-18","status":"publish","type":"post","link":"http:\/\/www.floracantabrica.com\/?p=40918","title":{"rendered":"Biogeography of Spain .Zonacion de la vegetaci\u00f3n 27.1.18"},"content":{"rendered":"<p><a href=\"http:\/\/twitter.com\/share?url=http%3A%2F%2Fwww.floracantabrica.com%2F%3Fp%3D40918&amp;count=none&amp;lang=es&amp;via=lorencincoreses&amp;related=Mujerverdosa&amp;text=Biogeography of Spain .Zonacion de la vegetaci\u00f3n 27.1.18 - Flora Cant\u00e1brica\" class=\"twitter-share-button\">Tweet<\/a><\/p><p>,,,,,,,,,,,,,,,<\/p>\n<p><img loading=\"lazy\" decoding=\"async\" class=\"aligncenter size-full wp-image-39065\" src=\"http:\/\/www.floracantabrica.com\/wp-content\/uploads\/2017\/06\/image0011.jpg\" alt=\"\" width=\"480\" height=\"640\" srcset=\"http:\/\/www.floracantabrica.com\/wp-content\/uploads\/2017\/06\/image0011.jpg 480w, http:\/\/www.floracantabrica.com\/wp-content\/uploads\/2017\/06\/image0011-225x300.jpg 225w\" sizes=\"auto, (max-width: 480px) 100vw, 480px\" \/><\/p>\n<p>,,,,,,,,,,<\/p>\n<p>&nbsp;<\/p>\n<p><span style=\"font-size: 14pt;\">Daniel S\u00e1nchez Mata y Federico Fern\u00e1ndez<\/span><\/p>\n<p><span style=\"font-size: 14pt;\">&#8230;&#8230;.<\/span><\/p>\n<p><span style=\"font-size: 14pt;\">&#8230;&#8230;&#8230;<\/span><\/p>\n<p><span style=\"font-size: 14pt;\">ADENA<\/span><\/p>\n<p>&nbsp;<\/p>\n<p>,,,,,,,,,,<\/p>\n<p><img loading=\"lazy\" decoding=\"async\" class=\"aligncenter size-full wp-image-40919\" src=\"http:\/\/www.floracantabrica.com\/wp-content\/uploads\/2018\/01\/image002-22.jpg\" alt=\"\" width=\"948\" height=\"707\" srcset=\"http:\/\/www.floracantabrica.com\/wp-content\/uploads\/2018\/01\/image002-22.jpg 948w, http:\/\/www.floracantabrica.com\/wp-content\/uploads\/2018\/01\/image002-22-300x224.jpg 300w, http:\/\/www.floracantabrica.com\/wp-content\/uploads\/2018\/01\/image002-22-768x573.jpg 768w\" sizes=\"auto, (max-width: 948px) 100vw, 948px\" \/><\/p>\n<p>&#8230;&#8230;.<\/p>\n<p><span style=\"font-size: 24pt;\"><strong>Matias Mayor L\u00f3pez&#8230;<\/strong><\/span><\/p>\n<p>&nbsp;<\/p>\n<p>&#8230;&#8230;&#8230;&#8230;&#8230;.<\/p>\n<p>&nbsp;<\/p>\n<p><a href=\"http:\/\/www.floracantabrica.com\/wp-content\/uploads\/2011\/05\/image002374.jpg\"><img loading=\"lazy\" decoding=\"async\" class=\"aligncenter size-full wp-image-12570\" title=\"image002\" src=\"http:\/\/www.floracantabrica.com\/wp-content\/uploads\/2011\/05\/image002374.jpg\" alt=\"image002\" width=\"1142\" height=\"802\" srcset=\"http:\/\/www.floracantabrica.com\/wp-content\/uploads\/2011\/05\/image002374.jpg 1142w, http:\/\/www.floracantabrica.com\/wp-content\/uploads\/2011\/05\/image002374-300x210.jpg 300w, http:\/\/www.floracantabrica.com\/wp-content\/uploads\/2011\/05\/image002374-1024x719.jpg 1024w\" sizes=\"auto, (max-width: 1142px) 100vw, 1142px\" \/><\/a><\/p>\n<p>&#8230;&#8230;&#8230;..<\/p>\n<p>,,,,,,,,,,,,,,<\/p>\n<p><a href=\"http:\/\/www.floracantabrica.com\/wp-content\/uploads\/2011\/05\/image002375.jpg\"><img loading=\"lazy\" decoding=\"async\" class=\"aligncenter size-full wp-image-12571\" title=\"image002\" src=\"http:\/\/www.floracantabrica.com\/wp-content\/uploads\/2011\/05\/image002375.jpg\" alt=\"image002\" width=\"1137\" height=\"796\" srcset=\"http:\/\/www.floracantabrica.com\/wp-content\/uploads\/2011\/05\/image002375.jpg 1137w, http:\/\/www.floracantabrica.com\/wp-content\/uploads\/2011\/05\/image002375-300x210.jpg 300w, http:\/\/www.floracantabrica.com\/wp-content\/uploads\/2011\/05\/image002375-1024x716.jpg 1024w\" sizes=\"auto, (max-width: 1137px) 100vw, 1137px\" \/><\/a><\/p>\n<p>&#8230;&#8230;&#8230;..<\/p>\n<p><a href=\"http:\/\/www.floracantabrica.com\/wp-content\/uploads\/2011\/05\/image002375.jpg\"><img loading=\"lazy\" decoding=\"async\" class=\"aligncenter size-full wp-image-12571\" title=\"image002\" src=\"http:\/\/www.floracantabrica.com\/wp-content\/uploads\/2011\/05\/image002375.jpg\" alt=\"image002\" width=\"1137\" height=\"796\" srcset=\"http:\/\/www.floracantabrica.com\/wp-content\/uploads\/2011\/05\/image002375.jpg 1137w, http:\/\/www.floracantabrica.com\/wp-content\/uploads\/2011\/05\/image002375-300x210.jpg 300w, http:\/\/www.floracantabrica.com\/wp-content\/uploads\/2011\/05\/image002375-1024x716.jpg 1024w\" sizes=\"auto, (max-width: 1137px) 100vw, 1137px\" \/><\/a><\/p>\n","protected":false},"excerpt":{"rendered":"<p>Tweet,,,,,,,,,,,,,,, ,,,,,,,,,, &nbsp; Daniel S\u00e1nchez Mata y Federico Fern\u00e1ndez &#8230;&#8230;. &#8230;&#8230;&#8230; ADENA &nbsp; ,,,,,,,,,, &#8230;&#8230;. Matias Mayor L\u00f3pez&#8230; &nbsp; &#8230;&#8230;&#8230;&#8230;&#8230;. &nbsp; &#8230;&#8230;&#8230;.. ,,,,,,,,,,,,,, &#8230;&#8230;&#8230;..<\/p>\n","protected":false},"author":1,"featured_media":0,"comment_status":"open","ping_status":"open","sticky":false,"template":"","format":"standard","meta":{"footnotes":""},"categories":[1,4],"tags":[],"class_list":["post-40918","post","type-post","status-publish","format-standard","hentry","category-flora","category-divulgacion"],"_links":{"self":[{"href":"http:\/\/www.floracantabrica.com\/index.php?rest_route=\/wp\/v2\/posts\/40918","targetHints":{"allow":["GET"]}}],"collection":[{"href":"http:\/\/www.floracantabrica.com\/index.php?rest_route=\/wp\/v2\/posts"}],"about":[{"href":"http:\/\/www.floracantabrica.com\/index.php?rest_route=\/wp\/v2\/types\/post"}],"author":[{"embeddable":true,"href":"http:\/\/www.floracantabrica.com\/index.php?rest_route=\/wp\/v2\/users\/1"}],"replies":[{"embeddable":true,"href":"http:\/\/www.floracantabrica.com\/index.php?rest_route=%2Fwp%2Fv2%2Fcomments&post=40918"}],"version-history":[{"count":7,"href":"http:\/\/www.floracantabrica.com\/index.php?rest_route=\/wp\/v2\/posts\/40918\/revisions"}],"predecessor-version":[{"id":40931,"href":"http:\/\/www.floracantabrica.com\/index.php?rest_route=\/wp\/v2\/posts\/40918\/revisions\/40931"}],"wp:attachment":[{"href":"http:\/\/www.floracantabrica.com\/index.php?rest_route=%2Fwp%2Fv2%2Fmedia&parent=40918"}],"wp:term":[{"taxonomy":"category","embeddable":true,"href":"http:\/\/www.floracantabrica.com\/index.php?rest_route=%2Fwp%2Fv2%2Fcategories&post=40918"},{"taxonomy":"post_tag","embeddable":true,"href":"http:\/\/www.floracantabrica.com\/index.php?rest_route=%2Fwp%2Fv2%2Ftags&post=40918"}],"curies":[{"name":"wp","href":"https:\/\/api.w.org\/{rel}","templated":true}]}}