{"id":4078,"date":"2010-02-01T00:20:23","date_gmt":"2010-01-31T22:20:23","guid":{"rendered":"http:\/\/www.floracantabrica.com\/?p=4078"},"modified":"2010-02-13T13:24:56","modified_gmt":"2010-02-13T11:24:56","slug":"parque-historico-del-navia-fotos-antiguas-navia-y-coana","status":"publish","type":"post","link":"http:\/\/www.floracantabrica.com\/?p=4078","title":{"rendered":"Parque Hist\u00f3rico del Navia. Fotos antiguas.Navia y Coa\u00f1a"},"content":{"rendered":"<p><a href=\"http:\/\/twitter.com\/share?url=http%3A%2F%2Fwww.floracantabrica.com%2F%3Fp%3D4078&amp;count=none&amp;lang=es&amp;via=lorencincoreses&amp;related=Mujerverdosa&amp;text=Parque Hist\u00f3rico del Navia. Fotos antiguas.Navia y Coa\u00f1a  - Flora Cant\u00e1brica\" class=\"twitter-share-button\">Tweet<\/a><\/p><p>\u00a0Las siguientes fotos son propiedad de Margarita Fern\u00e1ndez<\/p>\n<p>&#8230;&#8230;&#8230;&#8230;..<\/p>\n<p>\u00a0<\/p>\n<p><a href=\"http:\/\/www.floracantabrica.com\/wp-content\/uploads\/2010\/01\/slide0002_image002113.jpg\"><img loading=\"lazy\" decoding=\"async\" title=\"slide0002_image002\" src=\"http:\/\/www.floracantabrica.com\/wp-content\/uploads\/2010\/01\/slide0002_image002113.jpg\" alt=\"slide0002_image002\" width=\"616\" height=\"236\" \/><\/a><\/p>\n<p>\u00a0Desde la Colorada, en la que se ve la Iglesia de Navia, 1964<\/p>\n<p>&#8230;&#8230;&#8230;&#8230;&#8230;&#8230;.<\/p>\n<p>\u00a0<\/p>\n<p><a href=\"http:\/\/www.floracantabrica.com\/wp-content\/uploads\/2010\/01\/slide0002_image002115.jpg\"><img loading=\"lazy\" decoding=\"async\" class=\"aligncenter size-full wp-image-4089\" title=\"slide0002_image002\" src=\"http:\/\/www.floracantabrica.com\/wp-content\/uploads\/2010\/01\/slide0002_image002115.jpg\" alt=\"slide0002_image002\" width=\"725\" height=\"500\" srcset=\"http:\/\/www.floracantabrica.com\/wp-content\/uploads\/2010\/01\/slide0002_image002115.jpg 725w, http:\/\/www.floracantabrica.com\/wp-content\/uploads\/2010\/01\/slide0002_image002115-300x206.jpg 300w\" sizes=\"auto, (max-width: 725px) 100vw, 725px\" \/><\/a><\/p>\n<p>\u00a0Navia desde la Poza al fondo \u00abVeiga de Arenas\u00bb,febrero 1964<\/p>\n<p>&#8230;&#8230;&#8230;&#8230;&#8230;&#8230;&#8230;.<\/p>\n<p>\u00a0<\/p>\n<p>\u00a0<\/p>\n<p><a href=\"http:\/\/www.floracantabrica.com\/wp-content\/uploads\/2010\/01\/slide0002_image002117.jpg\"><img loading=\"lazy\" decoding=\"async\" class=\"aligncenter size-full wp-image-4093\" title=\"slide0002_image002\" src=\"http:\/\/www.floracantabrica.com\/wp-content\/uploads\/2010\/01\/slide0002_image002117.jpg\" alt=\"slide0002_image002\" width=\"675\" height=\"446\" srcset=\"http:\/\/www.floracantabrica.com\/wp-content\/uploads\/2010\/01\/slide0002_image002117.jpg 675w, http:\/\/www.floracantabrica.com\/wp-content\/uploads\/2010\/01\/slide0002_image002117-300x198.jpg 300w\" sizes=\"auto, (max-width: 675px) 100vw, 675px\" \/><\/a>\u00a0<\/p>\n<p>&#8212;&#8212;&#8212;&#8212;&#8212;&#8212;&#8212;&#8212;-<\/p>\n<p>\u00a0Navia desde la Colorada, 1964<\/p>\n<p><a href=\"http:\/\/www.floracantabrica.com\/wp-content\/uploads\/2010\/01\/slide0002_image002118.jpg\"><img loading=\"lazy\" decoding=\"async\" class=\"aligncenter size-full wp-image-4095\" title=\"slide0002_image002\" src=\"http:\/\/www.floracantabrica.com\/wp-content\/uploads\/2010\/01\/slide0002_image002118.jpg\" alt=\"slide0002_image002\" width=\"697\" height=\"461\" srcset=\"http:\/\/www.floracantabrica.com\/wp-content\/uploads\/2010\/01\/slide0002_image002118.jpg 697w, http:\/\/www.floracantabrica.com\/wp-content\/uploads\/2010\/01\/slide0002_image002118-300x198.jpg 300w\" sizes=\"auto, (max-width: 697px) 100vw, 697px\" \/><\/a><\/p>\n<p>\u00a0Navia desde la colorada<\/p>\n<p>&#8230;&#8230;&#8230;&#8230;&#8230;.<\/p>\n<p>\u00a0<\/p>\n<p><a href=\"http:\/\/www.floracantabrica.com\/wp-content\/uploads\/2010\/01\/slide0002_image002120.jpg\"><img loading=\"lazy\" decoding=\"async\" class=\"aligncenter size-full wp-image-4099\" title=\"slide0002_image002\" src=\"http:\/\/www.floracantabrica.com\/wp-content\/uploads\/2010\/01\/slide0002_image002120.jpg\" alt=\"slide0002_image002\" width=\"638\" height=\"442\" srcset=\"http:\/\/www.floracantabrica.com\/wp-content\/uploads\/2010\/01\/slide0002_image002120.jpg 638w, http:\/\/www.floracantabrica.com\/wp-content\/uploads\/2010\/01\/slide0002_image002120-300x207.jpg 300w\" sizes=\"auto, (max-width: 638px) 100vw, 638px\" \/><\/a><\/p>\n<p>\u00a0Navia la Poza, marea baja,febrero 1964<\/p>\n<p>&#8230;&#8230;&#8230;&#8230;&#8230;&#8230;&#8230;&#8230;.<\/p>\n<p>\u00a0<\/p>\n<p><a href=\"http:\/\/www.floracantabrica.com\/wp-content\/uploads\/2010\/01\/slide0002_image002121.jpg\"><img loading=\"lazy\" decoding=\"async\" class=\"aligncenter size-full wp-image-4101\" title=\"slide0002_image002\" src=\"http:\/\/www.floracantabrica.com\/wp-content\/uploads\/2010\/01\/slide0002_image002121.jpg\" alt=\"slide0002_image002\" width=\"581\" height=\"408\" srcset=\"http:\/\/www.floracantabrica.com\/wp-content\/uploads\/2010\/01\/slide0002_image002121.jpg 581w, http:\/\/www.floracantabrica.com\/wp-content\/uploads\/2010\/01\/slide0002_image002121-300x210.jpg 300w\" sizes=\"auto, (max-width: 581px) 100vw, 581px\" \/><\/a><\/p>\n<p>&#8212;&#8212;&#8212;&#8212;&#8212;<\/p>\n<p>Castro de Coa\u00f1a\u00a0<\/p>\n<p><a href=\"http:\/\/www.floracantabrica.com\/wp-content\/uploads\/2010\/01\/slide0002_image002122.jpg\"><img loading=\"lazy\" decoding=\"async\" class=\"aligncenter size-full wp-image-4102\" title=\"slide0002_image002\" src=\"http:\/\/www.floracantabrica.com\/wp-content\/uploads\/2010\/01\/slide0002_image002122.jpg\" alt=\"slide0002_image002\" width=\"573\" height=\"398\" srcset=\"http:\/\/www.floracantabrica.com\/wp-content\/uploads\/2010\/01\/slide0002_image002122.jpg 573w, http:\/\/www.floracantabrica.com\/wp-content\/uploads\/2010\/01\/slide0002_image002122-300x208.jpg 300w\" sizes=\"auto, (max-width: 573px) 100vw, 573px\" \/><\/a><\/p>\n<p>\u00a0Acantilados de la costa nsviega, 19964<\/p>\n<p>&#8230;&#8230;&#8230;&#8230;&#8230;&#8230;&#8230;&#8230;&#8230;<\/p>\n<p><a href=\"http:\/\/www.floracantabrica.com\/wp-content\/uploads\/2010\/01\/slide0002_image002123.jpg\"><img loading=\"lazy\" decoding=\"async\" class=\"aligncenter size-full wp-image-4104\" title=\"slide0002_image002\" src=\"http:\/\/www.floracantabrica.com\/wp-content\/uploads\/2010\/01\/slide0002_image002123.jpg\" alt=\"slide0002_image002\" width=\"585\" height=\"404\" srcset=\"http:\/\/www.floracantabrica.com\/wp-content\/uploads\/2010\/01\/slide0002_image002123.jpg 585w, http:\/\/www.floracantabrica.com\/wp-content\/uploads\/2010\/01\/slide0002_image002123-300x207.jpg 300w\" sizes=\"auto, (max-width: 585px) 100vw, 585px\" \/><\/a><\/p>\n<p>\u00a0Cultivo de ma\u00edz en el Concejo naviego<\/p>\n<p>&#8230;&#8230;&#8230;&#8230;<\/p>\n","protected":false},"excerpt":{"rendered":"<p>Tweet\u00a0Las siguientes fotos son propiedad de Margarita Fern\u00e1ndez &#8230;&#8230;&#8230;&#8230;.. \u00a0 \u00a0Desde la Colorada, en la que se ve la Iglesia de Navia, 1964 &#8230;&#8230;&#8230;&#8230;&#8230;&#8230;. \u00a0 \u00a0Navia desde la Poza al fondo \u00abVeiga de Arenas\u00bb,febrero 1964 &#8230;&#8230;&#8230;&#8230;&#8230;&#8230;&#8230;. \u00a0 \u00a0 \u00a0 &#8212;&#8212;&#8212;&#8212;&#8212;&#8212;&#8212;&#8212;- \u00a0Navia desde la Colorada, 1964 \u00a0Navia desde la colorada &#8230;&#8230;&#8230;&#8230;&#8230;. \u00a0 \u00a0Navia la Poza, marea [&hellip;]<\/p>\n","protected":false},"author":1,"featured_media":0,"comment_status":"open","ping_status":"open","sticky":false,"template":"","format":"standard","meta":{"footnotes":""},"categories":[4],"tags":[],"class_list":["post-4078","post","type-post","status-publish","format-standard","hentry","category-divulgacion"],"_links":{"self":[{"href":"http:\/\/www.floracantabrica.com\/index.php?rest_route=\/wp\/v2\/posts\/4078","targetHints":{"allow":["GET"]}}],"collection":[{"href":"http:\/\/www.floracantabrica.com\/index.php?rest_route=\/wp\/v2\/posts"}],"about":[{"href":"http:\/\/www.floracantabrica.com\/index.php?rest_route=\/wp\/v2\/types\/post"}],"author":[{"embeddable":true,"href":"http:\/\/www.floracantabrica.com\/index.php?rest_route=\/wp\/v2\/users\/1"}],"replies":[{"embeddable":true,"href":"http:\/\/www.floracantabrica.com\/index.php?rest_route=%2Fwp%2Fv2%2Fcomments&post=4078"}],"version-history":[{"count":21,"href":"http:\/\/www.floracantabrica.com\/index.php?rest_route=\/wp\/v2\/posts\/4078\/revisions"}],"predecessor-version":[{"id":4349,"href":"http:\/\/www.floracantabrica.com\/index.php?rest_route=\/wp\/v2\/posts\/4078\/revisions\/4349"}],"wp:attachment":[{"href":"http:\/\/www.floracantabrica.com\/index.php?rest_route=%2Fwp%2Fv2%2Fmedia&parent=4078"}],"wp:term":[{"taxonomy":"category","embeddable":true,"href":"http:\/\/www.floracantabrica.com\/index.php?rest_route=%2Fwp%2Fv2%2Fcategories&post=4078"},{"taxonomy":"post_tag","embeddable":true,"href":"http:\/\/www.floracantabrica.com\/index.php?rest_route=%2Fwp%2Fv2%2Ftags&post=4078"}],"curies":[{"name":"wp","href":"https:\/\/api.w.org\/{rel}","templated":true}]}}