{"id":40224,"date":"2017-11-07T22:36:17","date_gmt":"2017-11-07T20:36:17","guid":{"rendered":"http:\/\/www.floracantabrica.com\/?p=40224"},"modified":"2017-11-07T22:36:17","modified_gmt":"2017-11-07T20:36:17","slug":"frases-del-dia-7-11-17","status":"publish","type":"post","link":"http:\/\/www.floracantabrica.com\/?p=40224","title":{"rendered":"Frases del dia 7- 11 .17"},"content":{"rendered":"<p><a href=\"http:\/\/twitter.com\/share?url=http%3A%2F%2Fwww.floracantabrica.com%2F%3Fp%3D40224&amp;count=none&amp;lang=es&amp;via=lorencincoreses&amp;related=Mujerverdosa&amp;text=Frases del dia 7- 11 .17 - Flora Cant\u00e1brica\" class=\"twitter-share-button\">Tweet<\/a><\/p><p><img loading=\"lazy\" decoding=\"async\" class=\"aligncenter size-full wp-image-39586\" src=\"http:\/\/www.floracantabrica.com\/wp-content\/uploads\/2017\/08\/image002138.jpg\" alt=\"\" width=\"567\" height=\"743\" srcset=\"http:\/\/www.floracantabrica.com\/wp-content\/uploads\/2017\/08\/image002138.jpg 567w, http:\/\/www.floracantabrica.com\/wp-content\/uploads\/2017\/08\/image002138-228x300.jpg 228w\" sizes=\"auto, (max-width: 567px) 100vw, 567px\" \/><\/p>\n<hr \/>\n<p>,,,,<\/p>\n<p>&nbsp;<\/p>\n<p><span style=\"font-size: 14pt;\"><strong>El Papa pide no perder la capacidad de sentirse amado porque entonces \u201cse pierde todo\u201d<\/strong><\/span><\/p>\n<p><span style=\"font-size: 14pt;\">,,,,,<\/span><\/p>\n<p><span style=\"font-size: 14pt;\">VATICANO, 07 Nov. 17 \/ 05:19 am (<strong><a href=\"http:\/\/www.aciprensa.com\/\">ACI<\/a><\/strong>).- En la homil\u00eda que pronunci\u00f3 en la casa Santa Marta, el Papa Francisco advirti\u00f3 del peligro de perder la capacidad de sentirse amado y rechazar la gratuidad de la salvaci\u00f3n.<\/span><\/p>\n<p>&nbsp;<\/p>\n<p><span style=\"font-size: 14pt;\">Francisco coment\u00f3 el Evangelio en el que Jes\u00fas narra una par\u00e1bola en la que un hombre invita a una gran cena, pero algunos de los comensales finalmente dicen que no pueden asistir.<\/span><\/p>\n<p>&nbsp;<\/p>\n<p><span style=\"font-size: 14pt;\">Estaban apegados al inter\u00e9s hasta el punto de que les llevaba a una \u201cesclavitud del Esp\u00edritu\u201d y a ser \u201cincapaces de entender la gratuidad de la invitaci\u00f3n\u201d.<\/span><\/p>\n<p>&nbsp;<\/p>\n<p><span style=\"font-size: 14pt;\">\u201cSi no se entiende la gratuidad de la invitaci\u00f3n de Dios no se entiende nada. La iniciativa de Dios es siempre gratuita. Pero para ir a este banquete, \u00bfqu\u00e9 se debe pagar? El billete de entrada es estar enfermo, ser pobre, ser pecador. Ser necesitado en el cuerpo y en el alma\u201d.<\/span><\/p>\n<p>&nbsp;<\/p>\n<p><span style=\"font-size: 14pt;\">\u201cPara la necesidad de curarse, de sanar, hay que tener necesidad de amor\u201d, dio Francisco. La gratuidad de Dios \u201cno tiene l\u00edmites\u201d porque \u201crecibe a todos\u201d, y record\u00f3 a continuaci\u00f3n la par\u00e1bola del hijo pr\u00f3digo.<\/span><\/p>\n<p>&nbsp;<\/p>\n<p><span style=\"font-size: 14pt;\">\u201c\u00c9ste ha gastado todo el dinero, ha gastado la herencia, con los vicios, los pecados, \u00bfy t\u00fa le haces una fiesta?\u201d. \u201cEste no entiende la gratuidad de la salvaci\u00f3n, piensa que la salvaci\u00f3n es el fruto del \u2018yo pago y t\u00fa me salvas\u2019. Pago con esto, con esto, con esto\u2026 \u00a1No!, la salvaci\u00f3n es gratuita\u201d.<\/span><\/p>\n<p>&nbsp;<\/p>\n<p><span style=\"font-size: 14pt;\">El Pont\u00edfice dijo tambi\u00e9n que \u201cla salvaci\u00f3n es un don de Dios al que se responde con otro don, el don de mi coraz\u00f3n\u201d.<\/span><\/p>\n<p>&nbsp;<\/p>\n<p><span style=\"font-size: 14pt;\">Tambi\u00e9n denunci\u00f3 a aquellos que \u201cintercambian\u201d un don con otro y hacen negocio porque Dios \u201cno pide nada a cambio\u201d, solo \u201camor, fidelidad, como \u00c9l es amor y \u00c9l es fiel\u201d.<\/span><\/p>\n<p>&nbsp;<\/p>\n<p><span style=\"font-size: 14pt;\">\u201cLa salvaci\u00f3n no se compra, simplemente se entra en el banquete\u201d, advirti\u00f3. \u201cDichoso el que tome el alimento en el Reino de Dios\u201d.<\/span><\/p>\n<p>&nbsp;<\/p>\n<p><span style=\"font-size: 14pt;\">Y aquellos que no quieren entrar en el banquete \u201cse sienten seguros\u201d, \u201csalvados a su manera fuera del banquete\u201d y \u201chan perdido el sentido de la gratuidad\u201d. \u201cHan pedido una cosa m\u00e1s grande y m\u00e1s hermosa todav\u00eda y esto es algo muy feo: han perdido la capacidad de sentirse amados\u201d.<\/span><\/p>\n<p>&nbsp;<\/p>\n<p><span style=\"font-size: 14pt;\">\u201cCuando t\u00fa pierdes la capacidad de sentirte amado no hay esperanza, has perdido todo. Nos hace pensar en lo escrito en la puerta del <a href=\"http:\/\/www.aciprensa.com\/Docum\/cat-infierno.htm\">infierno<\/a> dantesco (del libro de Dante): \u2018Dejad la esperanza\u2019, has perdido todo. Pidamos al Se\u00f1or que nos salve de perder la capacidad de sentirnos amados\u201d.<\/span><\/p>\n<p>&nbsp;<\/p>\n<p>&nbsp;<\/p>\n","protected":false},"excerpt":{"rendered":"<p>Tweet ,,,, &nbsp; El Papa pide no perder la capacidad de sentirse amado porque entonces \u201cse pierde todo\u201d ,,,,, VATICANO, 07 Nov. 17 \/ 05:19 am (ACI).- En la homil\u00eda que pronunci\u00f3 en la casa Santa Marta, el Papa Francisco advirti\u00f3 del peligro de perder la capacidad de sentirse amado y rechazar la gratuidad de [&hellip;]<\/p>\n","protected":false},"author":1,"featured_media":0,"comment_status":"open","ping_status":"open","sticky":false,"template":"","format":"standard","meta":{"footnotes":""},"categories":[1],"tags":[],"class_list":["post-40224","post","type-post","status-publish","format-standard","hentry","category-flora"],"_links":{"self":[{"href":"http:\/\/www.floracantabrica.com\/index.php?rest_route=\/wp\/v2\/posts\/40224","targetHints":{"allow":["GET"]}}],"collection":[{"href":"http:\/\/www.floracantabrica.com\/index.php?rest_route=\/wp\/v2\/posts"}],"about":[{"href":"http:\/\/www.floracantabrica.com\/index.php?rest_route=\/wp\/v2\/types\/post"}],"author":[{"embeddable":true,"href":"http:\/\/www.floracantabrica.com\/index.php?rest_route=\/wp\/v2\/users\/1"}],"replies":[{"embeddable":true,"href":"http:\/\/www.floracantabrica.com\/index.php?rest_route=%2Fwp%2Fv2%2Fcomments&post=40224"}],"version-history":[{"count":2,"href":"http:\/\/www.floracantabrica.com\/index.php?rest_route=\/wp\/v2\/posts\/40224\/revisions"}],"predecessor-version":[{"id":40227,"href":"http:\/\/www.floracantabrica.com\/index.php?rest_route=\/wp\/v2\/posts\/40224\/revisions\/40227"}],"wp:attachment":[{"href":"http:\/\/www.floracantabrica.com\/index.php?rest_route=%2Fwp%2Fv2%2Fmedia&parent=40224"}],"wp:term":[{"taxonomy":"category","embeddable":true,"href":"http:\/\/www.floracantabrica.com\/index.php?rest_route=%2Fwp%2Fv2%2Fcategories&post=40224"},{"taxonomy":"post_tag","embeddable":true,"href":"http:\/\/www.floracantabrica.com\/index.php?rest_route=%2Fwp%2Fv2%2Ftags&post=40224"}],"curies":[{"name":"wp","href":"https:\/\/api.w.org\/{rel}","templated":true}]}}