{"id":40076,"date":"2017-10-25T10:33:48","date_gmt":"2017-10-25T08:33:48","guid":{"rendered":"http:\/\/www.floracantabrica.com\/?p=40076"},"modified":"2017-10-25T10:33:48","modified_gmt":"2017-10-25T08:33:48","slug":"biogeography-of-spain-46-estudio-ecologico-del-cervuno-nardus-stricta-en-la-cordillera-cantabrica-24-10-17","status":"publish","type":"post","link":"http:\/\/www.floracantabrica.com\/?p=40076","title":{"rendered":": Biogeography of Spain. 46.Estudio Ecol\u00f3gico del \u201cCervuno\u201d (Nardus stricta ) en la Cordillera Cant\u00e1brica 24. 10. 17"},"content":{"rendered":"<p><a href=\"http:\/\/twitter.com\/share?url=http%3A%2F%2Fwww.floracantabrica.com%2F%3Fp%3D40076&amp;count=none&amp;lang=es&amp;via=lorencincoreses&amp;related=Mujerverdosa&amp;text=: Biogeography of Spain. 46.Estudio Ecol\u00f3gico del \u201cCervuno\u201d (Nardus stricta ) en la Cordillera Cant\u00e1brica 24. 10. 17 - Flora Cant\u00e1brica\" class=\"twitter-share-button\">Tweet<\/a><\/p><p>,,,,,,,,,,,,,,,,,,,<\/p>\n<h2><a title=\"Permanent Link to Biogeography of Spain.46.Estudio Ecol\u00f3gico del \u201cCervuno\u201d (Nardus stricta ) en la Cordillera Cant\u00e1brica\" href=\"http:\/\/www.floracantabrica.com\/?p=38948\" rel=\"bookmark\">Biogeography of Spain.46.Estudio Ecol\u00f3gico del \u201cCervuno\u201d (Nardus stricta ) en la Cordillera Cant\u00e1brica<\/a><\/h2>\n<p>&nbsp;<\/p>\n<p><iframe loading=\"lazy\" id=\"twitter-widget-0\" class=\"twitter-share-button twitter-share-button-rendered twitter-tweet-button\" title=\"Twitter Tweet Button\" src=\"http:\/\/platform.twitter.com\/widgets\/tweet_button.82c7dfc5ca6196724781971f8af5eca4.es.html#dnt=false&amp;id=twitter-widget-0&amp;lang=es&amp;original_referer=http%3A%2F%2Fwww.floracantabrica.com%2F%3Fp%3D38948&amp;related=Mujerverdosa&amp;size=m&amp;text=Biogeography%20of%20Spain.46.Estudio%20Ecol%C3%B3gico%20del&amp;time=1508877521414&amp;type=share&amp;url=http%3A%2F%2Fwww.floracantabrica.com%2F%3Fp%3D38948&amp;via=lorencincoreses\" width=\"300\" height=\"150\" frameborder=\"0\" scrolling=\"no\" data-url=\"http:\/\/www.floracantabrica.com\/?p=38948\" data-mce-fragment=\"1\"><\/iframe>\u2014\u2014\u2014\u2014-<\/p>\n<div id=\"articleTitle\">\n<h3>Estudio Ecol\u00f3gico del \u201cCervuno\u201d (Nardus stricta h) en la Cordillera Cant\u00e1brica<\/h3>\n<\/div>\n<div id=\"authorString\"><em>M. Mayor L\u00f3pez, T. E. D\u00edaz Gonz\u00e1lez, J. A. Fern\u00e1ndez Prieto, J. J. Lastra Men\u00e9ndez<\/em><\/div>\n<div id=\"articleFullText\"><strong>Texto completo: <\/strong><a class=\"file\" href=\"http:\/\/polired.upm.es\/index.php\/pastos\/article\/view\/676\/677\" target=\"_parent\">PDF<\/a><\/div>\n<div>\u00a0\u2026\u2026\u2026\u2026\u2026.<\/div>\n<div>\u00a0<a href=\"http:\/\/www.floracantabrica.com\/wp-content\/uploads\/2017\/05\/image0011.jpg\"><img loading=\"lazy\" decoding=\"async\" class=\"aligncenter size-full wp-image-38736\" src=\"http:\/\/www.floracantabrica.com\/wp-content\/uploads\/2017\/05\/image0011.jpg\" sizes=\"auto, (max-width: 567px) 100vw, 567px\" srcset=\"http:\/\/www.floracantabrica.com\/wp-content\/uploads\/2017\/05\/image0011.jpg 567w, http:\/\/www.floracantabrica.com\/wp-content\/uploads\/2017\/05\/image0011-220x300.jpg 220w\" alt=\"image001\" width=\"567\" height=\"773\" \/><\/a><\/div>\n","protected":false},"excerpt":{"rendered":"<p>Tweet,,,,,,,,,,,,,,,,,,, Biogeography of Spain.46.Estudio Ecol\u00f3gico del \u201cCervuno\u201d (Nardus stricta ) en la Cordillera Cant\u00e1brica &nbsp; \u2014\u2014\u2014\u2014- Estudio Ecol\u00f3gico del \u201cCervuno\u201d (Nardus stricta h) en la Cordillera Cant\u00e1brica M. Mayor L\u00f3pez, T. E. D\u00edaz Gonz\u00e1lez, J. A. Fern\u00e1ndez Prieto, J. J. Lastra Men\u00e9ndez Texto completo: PDF \u00a0\u2026\u2026\u2026\u2026\u2026. \u00a0<\/p>\n","protected":false},"author":1,"featured_media":0,"comment_status":"open","ping_status":"open","sticky":false,"template":"","format":"standard","meta":{"footnotes":""},"categories":[1,5,7],"tags":[],"class_list":["post-40076","post","type-post","status-publish","format-standard","hentry","category-flora","category-etnopaisaje","category-mis-dibujos"],"_links":{"self":[{"href":"http:\/\/www.floracantabrica.com\/index.php?rest_route=\/wp\/v2\/posts\/40076","targetHints":{"allow":["GET"]}}],"collection":[{"href":"http:\/\/www.floracantabrica.com\/index.php?rest_route=\/wp\/v2\/posts"}],"about":[{"href":"http:\/\/www.floracantabrica.com\/index.php?rest_route=\/wp\/v2\/types\/post"}],"author":[{"embeddable":true,"href":"http:\/\/www.floracantabrica.com\/index.php?rest_route=\/wp\/v2\/users\/1"}],"replies":[{"embeddable":true,"href":"http:\/\/www.floracantabrica.com\/index.php?rest_route=%2Fwp%2Fv2%2Fcomments&post=40076"}],"version-history":[{"count":3,"href":"http:\/\/www.floracantabrica.com\/index.php?rest_route=\/wp\/v2\/posts\/40076\/revisions"}],"predecessor-version":[{"id":40079,"href":"http:\/\/www.floracantabrica.com\/index.php?rest_route=\/wp\/v2\/posts\/40076\/revisions\/40079"}],"wp:attachment":[{"href":"http:\/\/www.floracantabrica.com\/index.php?rest_route=%2Fwp%2Fv2%2Fmedia&parent=40076"}],"wp:term":[{"taxonomy":"category","embeddable":true,"href":"http:\/\/www.floracantabrica.com\/index.php?rest_route=%2Fwp%2Fv2%2Fcategories&post=40076"},{"taxonomy":"post_tag","embeddable":true,"href":"http:\/\/www.floracantabrica.com\/index.php?rest_route=%2Fwp%2Fv2%2Ftags&post=40076"}],"curies":[{"name":"wp","href":"https:\/\/api.w.org\/{rel}","templated":true}]}}