{"id":40044,"date":"2017-10-22T22:04:47","date_gmt":"2017-10-22T20:04:47","guid":{"rendered":"http:\/\/www.floracantabrica.com\/?p=40044"},"modified":"2022-02-04T15:48:50","modified_gmt":"2022-02-04T13:48:50","slug":"frases-del-dia-16","status":"publish","type":"post","link":"http:\/\/www.floracantabrica.com\/?p=40044","title":{"rendered":"Frases del dia"},"content":{"rendered":"<p><a href=\"http:\/\/twitter.com\/share?url=http%3A%2F%2Fwww.floracantabrica.com%2F%3Fp%3D40044&amp;count=none&amp;lang=es&amp;via=lorencincoreses&amp;related=Mujerverdosa&amp;text=Frases del dia - Flora Cant\u00e1brica\" class=\"twitter-share-button\">Tweet<\/a><\/p><p><img loading=\"lazy\" decoding=\"async\" class=\"aligncenter size-full wp-image-39617\" src=\"http:\/\/www.floracantabrica.com\/wp-content\/uploads\/2017\/08\/image002169.jpg\" alt=\"\" width=\"567\" height=\"768\" srcset=\"http:\/\/www.floracantabrica.com\/wp-content\/uploads\/2017\/08\/image002169.jpg 567w, http:\/\/www.floracantabrica.com\/wp-content\/uploads\/2017\/08\/image002169-221x300.jpg 221w\" sizes=\"auto, (max-width: 567px) 100vw, 567px\" \/>,,,,,,,,,,<\/p>\n<p>&nbsp;<\/p>\n<p>,,,,,,<\/p>\n<p>&nbsp;<\/p>\n<p>&nbsp;<\/p>\n<p>,,,,<\/p>\n<p><span style=\"font-size: 14pt;\"><strong>El Papa reclama mayor protagonismo de la sociedad civil ante los retos del mundo actual<\/strong><\/span><\/p>\n<p>&nbsp;<\/p>\n<p>&nbsp;<\/p>\n<p>&nbsp;<\/p>\n<p>&#8230;&#8230;&#8230;&#8230;&#8230;<\/p>\n<p><span style=\"font-size: 14pt;\">ATICANO, 20 Oct. 17 \/ 06:50 am (<strong><a href=\"http:\/\/www.aciprensa.com\/\">ACI<\/a><\/strong>).- El Papa Francisco defendi\u00f3 la importancia de la sociedad civil en el mundo de hoy para lograr que los Estados y el mercado se comprometan con el bien com\u00fan y no solo con el crecimiento econ\u00f3mico. Para ello, el Pont\u00edfice exhort\u00f3 a impulsar una relaci\u00f3n m\u00e1s cercana entre esas tres realidades.<\/span><\/p>\n<p>&nbsp;<\/p>\n<p><span style=\"font-size: 14pt;\">El Santo Padre recibi\u00f3 en la Sala Clementina del Palacio Apost\u00f3lico a los participantes en el Encuentro organizado por la Pontificia Academia de las Ciencias Sociales que busca elaborar nuevos modelos de cooperaci\u00f3n entre el mercado, el Estado y la sociedad civil en relaci\u00f3n a los desaf\u00edos de nuestro tiempo.<\/span><\/p>\n<p>&nbsp;<\/p>\n<p><span style=\"font-size: 14pt;\">En su discurso, el Papa se refiri\u00f3 a dos causas espec\u00edficas que alimentan la exclusi\u00f3n y las periferias existenciales.<\/span><\/p>\n<p>&nbsp;<\/p>\n<p><span style=\"font-size: 14pt;\"><em><strong>Desigualdad y deterioro medioambiental<\/strong><\/em><\/span><\/p>\n<p>&nbsp;<\/p>\n<p><span style=\"font-size: 14pt;\">En primer lugar, se refiri\u00f3 al aumento end\u00e9mico y sistem\u00e1tica de las desigualdades y de la explotaci\u00f3n del planeta, \u201cque es mayor que el aumento de los ingresos y de la riqueza\u201d. Sin embargo, afirm\u00f3 que <strong>\u201cla desigualdad y la explotaci\u00f3n no son inevitables<\/strong>, ni tampoco han sido una constante hist\u00f3rica\u201d.<\/span><\/p>\n<p>&nbsp;<\/p>\n<p><span style=\"font-size: 14pt;\">No son inevitables \u201cporque dependen tanto de diversos comportamientos individuales como de las reglas econ\u00f3micas que una sociedad decide darse\u201d.<\/span><\/p>\n<p>&nbsp;<\/p>\n<p><span style=\"font-size: 14pt;\">Seg\u00fan c\u00f3mo se gestionen los diferentes sectores estrat\u00e9gicos, como la producci\u00f3n de energ\u00eda, el mercado de trabajo, el sistema bancario, el estado de bienestar, el sistema fiscal o el sistema educativo, \u201cse tendr\u00e1n diferentes consecuencias sobre el modo en que los ingresos y la riqueza se repartan entre aquellos que han colaborado en su producci\u00f3n\u201d.<\/span><\/p>\n<p>&nbsp;<\/p>\n<p><span style=\"font-size: 14pt;\">Seg\u00fan la conclusi\u00f3n a la que lleg\u00f3 el Papa Francisco, <strong>\u201csi prevalece como fin el beneficio, la democracia tiende a convertirse en una plutocracia en la que crecen las desigualdades y la explotaci\u00f3n del planeta\u201d<\/strong>. Sin embargo, el Papa insisti\u00f3: \u201cEsto no es una necesidad. Podemos encontrar per\u00edodos en los cuales en algunos pa\u00edses la desigualdad ha disminuido y el medio ambiente se ha gestionado mejor\u201d.<\/span><\/p>\n<p>&nbsp;<\/p>\n<p><span style=\"font-size: 14pt;\"><em><strong>Trabajo indigno<\/strong><\/em><\/span><\/p>\n<p>&nbsp;<\/p>\n<p><span style=\"font-size: 14pt;\">La otra causa de exclusi\u00f3n a la que se refiri\u00f3 el Papa Francisco es \u201cel trabajo indigno de la persona humana\u201d. El Papa se remont\u00f3 a la \u00e9poca de la Enc\u00edclica Rerum novarum de 1891 para recordar que si ayer se reclamaba una recompensa justa para el trabajador, hoy, \u201cadem\u00e1s de esta sacrosanta exigencia, tambi\u00e9n nos preguntamos por qu\u00e9 todav\u00eda no se ha conseguido traducir en la pr\u00e1ctica todo lo que figura en la Constituci\u00f3n Apost\u00f3lica <a href=\"http:\/\/www.aciprensa.com\/Docum\/gaudium.htm\">Gaudium et spes<\/a>: \u201cTodos los procesos de producci\u00f3n deben adaptarse a las necesidades de la persona y a sus formas de <a href=\"http:\/\/www.aciprensa.com\/vida\">vida<\/a>\u201d.<\/span><\/p>\n<p>&nbsp;<\/p>\n<p><span style=\"font-size: 14pt;\">El Papa a\u00f1adi\u00f3 apoy\u00e1ndose en la Enc\u00edclica Laudato si\u2019: \u201cy adaptarse tambi\u00e9n al respeto de la creaci\u00f3n, nuestra casa com\u00fan\u201d.<\/span><\/p>\n<p>&nbsp;<\/p>\n<p><span style=\"font-size: 14pt;\">\u201cLa creaci\u00f3n de nuevos trabajos necesita, sobre todo en este tiempo, de personas abiertas y emprendedoras, de relaciones fraternas, de investigaci\u00f3n e inversi\u00f3n en el desarrollo de energ\u00edas limpias para responder al desaf\u00edo del cambio clim\u00e1tico\u201d, razon\u00f3.<\/span><\/p>\n<p>&nbsp;<\/p>\n<p><span style=\"font-size: 14pt;\">\u201cLograr eso hoy es posible de forma concreta. Para ello, se necesita desvincularse de las presiones de los lobbies p\u00fablicos y privados que defienden intereses sectoriales, y se necesita tambi\u00e9n superar las formas de pereza espiritual. Se necesita que la acci\u00f3n pol\u00edtica se coloque realmente al servicio de la persona humana, del bien com\u00fan y del respeto de la naturaleza\u201d.<\/span><\/p>\n<p>&nbsp;<\/p>\n<p><span style=\"font-size: 14pt;\">Anim\u00f3 entonces a asumir con coraje el \u201cdesaf\u00edo de lograr ir m\u00e1s all\u00e1 del modelo de orden social prevalente, transform\u00e1ndolo desde el interior\u201d. <strong>\u201cDebemos pedir al mercado que no solo busque ser eficiente en la producci\u00f3n de riqueza y en la garant\u00eda de un crecimiento sostenible, sino que busque tambi\u00e9n el ponerse al servicio del desarrollo humano integral\u201d.<\/strong><\/span><\/p>\n<p>&nbsp;<\/p>\n<p><span style=\"font-size: 14pt;\">El Obispo de Roma atribuy\u00f3 al Estado-naci\u00f3n un papel similar en este nuevo contexto de la globalizaci\u00f3n que ha impuesto un nuevo orden internacional. \u201cEl Estado no puede concebirse como el \u00fanico y exclusivo titular del bien com\u00fan sin consentir que los cuerpos intermedios de la sociedad civil puedan expresar, en libertad, todo su potencial\u201d.<\/span><\/p>\n<p>&nbsp;<\/p>\n<p><span style=\"font-size: 14pt;\">En este sentido, el Papa finaliz\u00f3 su discurso asegurando que el papel de la sociedad civil en este nuevo contexto es \u201cempujar adelante al Estado y al mercado con el objetivo de que se replanteen su raz\u00f3n de ser y su modo de obrar\u201d.<\/span><\/p>\n<p>&nbsp;<\/p>\n<p><span style=\"font-size: 14pt;\"><strong><em>Tambi\u00e9n te puede interesar:<\/em><\/strong><\/span><\/p>\n<p>&nbsp;<\/p>\n","protected":false},"excerpt":{"rendered":"<p>Tweet,,,,,,,,,, &nbsp; ,,,,,, &nbsp; &nbsp; ,,,, El Papa reclama mayor protagonismo de la sociedad civil ante los retos del mundo actual &nbsp; &nbsp; &nbsp; &#8230;&#8230;&#8230;&#8230;&#8230; ATICANO, 20 Oct. 17 \/ 06:50 am (ACI).- El Papa Francisco defendi\u00f3 la importancia de la sociedad civil en el mundo de hoy para lograr que los Estados y el [&hellip;]<\/p>\n","protected":false},"author":1,"featured_media":0,"comment_status":"open","ping_status":"open","sticky":false,"template":"","format":"standard","meta":{"footnotes":""},"categories":[4,7],"tags":[],"class_list":["post-40044","post","type-post","status-publish","format-standard","hentry","category-divulgacion","category-mis-dibujos"],"_links":{"self":[{"href":"http:\/\/www.floracantabrica.com\/index.php?rest_route=\/wp\/v2\/posts\/40044","targetHints":{"allow":["GET"]}}],"collection":[{"href":"http:\/\/www.floracantabrica.com\/index.php?rest_route=\/wp\/v2\/posts"}],"about":[{"href":"http:\/\/www.floracantabrica.com\/index.php?rest_route=\/wp\/v2\/types\/post"}],"author":[{"embeddable":true,"href":"http:\/\/www.floracantabrica.com\/index.php?rest_route=\/wp\/v2\/users\/1"}],"replies":[{"embeddable":true,"href":"http:\/\/www.floracantabrica.com\/index.php?rest_route=%2Fwp%2Fv2%2Fcomments&post=40044"}],"version-history":[{"count":3,"href":"http:\/\/www.floracantabrica.com\/index.php?rest_route=\/wp\/v2\/posts\/40044\/revisions"}],"predecessor-version":[{"id":40047,"href":"http:\/\/www.floracantabrica.com\/index.php?rest_route=\/wp\/v2\/posts\/40044\/revisions\/40047"}],"wp:attachment":[{"href":"http:\/\/www.floracantabrica.com\/index.php?rest_route=%2Fwp%2Fv2%2Fmedia&parent=40044"}],"wp:term":[{"taxonomy":"category","embeddable":true,"href":"http:\/\/www.floracantabrica.com\/index.php?rest_route=%2Fwp%2Fv2%2Fcategories&post=40044"},{"taxonomy":"post_tag","embeddable":true,"href":"http:\/\/www.floracantabrica.com\/index.php?rest_route=%2Fwp%2Fv2%2Ftags&post=40044"}],"curies":[{"name":"wp","href":"https:\/\/api.w.org\/{rel}","templated":true}]}}