{"id":40011,"date":"2017-10-18T21:44:58","date_gmt":"2017-10-18T19:44:58","guid":{"rendered":"http:\/\/www.floracantabrica.com\/?p=40011"},"modified":"2017-10-18T21:44:58","modified_gmt":"2017-10-18T19:44:58","slug":"frases-deldia-18-11-70","status":"publish","type":"post","link":"http:\/\/www.floracantabrica.com\/?p=40011","title":{"rendered":"Frases deldia 18. 11.70"},"content":{"rendered":"<p><a href=\"http:\/\/twitter.com\/share?url=http%3A%2F%2Fwww.floracantabrica.com%2F%3Fp%3D40011&amp;count=none&amp;lang=es&amp;via=lorencincoreses&amp;related=Mujerverdosa&amp;text=Frases deldia 18. 11.70 - Flora Cant\u00e1brica\" class=\"twitter-share-button\">Tweet<\/a><\/p><p><img loading=\"lazy\" decoding=\"async\" class=\"aligncenter size-full wp-image-39556\" src=\"http:\/\/www.floracantabrica.com\/wp-content\/uploads\/2017\/08\/image002112.jpg\" alt=\"\" width=\"567\" height=\"723\" srcset=\"http:\/\/www.floracantabrica.com\/wp-content\/uploads\/2017\/08\/image002112.jpg 567w, http:\/\/www.floracantabrica.com\/wp-content\/uploads\/2017\/08\/image002112-235x300.jpg 235w\" sizes=\"auto, (max-width: 567px) 100vw, 567px\" \/>,,,,,,,,<\/p>\n<p>&nbsp;<\/p>\n<p>,,,,,,,,<\/p>\n<p><strong>E<span style=\"font-size: 14pt;\">l Papa anima a no temer a la muerte: \u201cJes\u00fas mantendr\u00e1 la llama de nuestra fe\u201d<\/span><\/strong><\/p>\n<p>&nbsp;<\/p>\n<p><span style=\"font-size: 14pt;\">ATICANO, 18 Oct. 17 \/ 03:22 am (<strong><a href=\"http:\/\/www.aciprensa.com\/\">ACI<\/a><\/strong>).- El Papa Francisco, durante su <a href=\"http:\/\/www.aciprensa.com\/catequesis\/index.html\">catequesis<\/a> pronunciada en la Audiencia General celebrada en la plaza de San Pedro del Vaticano, anim\u00f3 a tener esperanza ante la muerte, a confiar en Jes\u00fas, porque \u00c9l es \u201cla resurrecci\u00f3n y la <a href=\"http:\/\/www.aciprensa.com\/vida\">vida<\/a>\u201d y mantendr\u00e1 viva la llama de la fe en los \u00faltimos momentos de vida, \u201cnos tomar\u00e1 de la mano para decirnos: \u201c\u00a1lev\u00e1ntate, \u00e1lzate!\u201d.<\/span><\/p>\n<p>&nbsp;<\/p>\n<p><span style=\"font-size: 14pt;\">En su catequesis, el Santo Padre habl\u00f3 sobre la esperanza cristiana con la realidad de la muerte, \u201cuna realidad que nuestra civilizaci\u00f3n moderna tiende cada vez m\u00e1s a apartar. De ese modo, cuando llega la muerte, a alguien cercano o a nosotros mismos, no nos encontramos preparados\u201d.<\/span><\/p>\n<p>&nbsp;<\/p>\n<p><span style=\"font-size: 14pt;\">A pesar de ello, el Pont\u00edfice record\u00f3 que la naturaleza humana est\u00e1 muy vinculada a la muerte, y prueba de ello es que \u201clos primeros signos de civilizaci\u00f3n humana transitan por medio de este enigma. Podr\u00edamos decir que la civilizaci\u00f3n humana naci\u00f3 con el culto a los muertos\u201d.<\/span><\/p>\n<p>&nbsp;<\/p>\n<p><span style=\"font-size: 14pt;\">\u201cLa muerte desnuda nuestra vida\u201d, indic\u00f3. \u201cNos hace descubrir que nuestros actos de orgullo, de ira, de odio, eran vanidad. Nos arrepentimos de no haber amado lo suficiente y de no haber buscado lo esencial. Y, al mismo tiempo, vemos aquello realmente bueno que hemos sembrado\u201d.<\/span><\/p>\n<p>&nbsp;<\/p>\n<p><span style=\"font-size: 14pt;\">Francisco se\u00f1al\u00f3 que Jes\u00fas otorg\u00f3 luz sobre el misterio de nuestra muerte: \u201cCon su comportamiento nos autoriza a sentirnos doloridos cuando una persona se va. \u00c9l se sinti\u00f3 profundamente afectado ante la tumba de su amigo L\u00e1zaro, y se ech\u00f3 a llorar. Con esa actitud, sentimos a Jes\u00fas mucho m\u00e1s cercano, lo sentimos como a nuestro hermano\u201d.<\/span><\/p>\n<p>&nbsp;<\/p>\n<p><span style=\"font-size: 14pt;\">Entonces, Jes\u00fas rez\u00f3 al Padre, fuente de vida, y ordena a L\u00e1zaro que salga del sepulcro. \u201c\u00a1Y entonces resucita! La esperanza cristiana se basa en esa actitud que Jes\u00fas asume contra la muerte humana\u201d.<\/span><\/p>\n<p>&nbsp;<\/p>\n<p><span style=\"font-size: 14pt;\">El Papa se refiri\u00f3 a otro episodio evang\u00e9lico que refuerza la esperanza cristiana ante la muerte: \u201cEn otro fragmento del Evangelio se habla de un padre cuya hija estaba muy enferma, y se dirige con fe a Jes\u00fas para que la salve. No hay figura m\u00e1s conmovedora que la de un padre o una madre con un hijo enfermo. R\u00e1pidamente, Jes\u00fas se dirige con aquel hombre, que se llamaba Jairo, junto a su hija, pero entonces lleg\u00f3 una persona procedente de la casa de Jairo y le dice que la hija ya ha muerto y que ya no es necesario molestar al Maestro\u201d.<\/span><\/p>\n<p>&nbsp;<\/p>\n<p><span style=\"font-size: 14pt;\">Sin embargo, Francisco subray\u00f3 la enorme fe de Jairo. \u201cJes\u00fas le dice: \u2018No temas, solo ten fe\u2019. Jes\u00fas sabe que el hombre est\u00e1 tentado a reaccionar con rabia y desesperaci\u00f3n, y le pide que custodie la peque\u00f1a llama que permanece encendida en su coraz\u00f3n: la fe. Luego llega a su casa y saca a la ni\u00f1a de la muerte y la devuelve viva a sus seres queridos\u201d.<\/span><\/p>\n<p>&nbsp;<\/p>\n<p><span style=\"font-size: 14pt;\">Adem\u00e1s, en su catequesis, el Santo Padre record\u00f3 las propias palabras de Jes\u00fas: \u201cYo soy la resurrecci\u00f3n y la vida, quien crea en m\u00ed, incluso si muere, vivir\u00e1. \u00bfCrees en esto?\u201d. \u201c\u00a1Eso es lo que Jes\u00fas nos repite a cada uno de nosotros siempre que la muerte viene a desgarrar los tejidos de la vida y los afectos!\u201d.<\/span><\/p>\n<p>&nbsp;<\/p>\n<p><span style=\"font-size: 14pt;\">\u201cToda nuestra existencia se juega aqu\u00ed entre la fe y el precipicio del miedo\u201d. \u201cTodos somos peque\u00f1os e indefensos delante del misterio de la muerte\u201d, asegur\u00f3. Sin embargo, \u201cgracias a ella podemos custodiar en ese momento en el coraz\u00f3n la llama de la fe\u201d.<\/span><\/p>\n<p>&nbsp;<\/p>\n<p><span style=\"font-size: 14pt;\">En el momento de la muerte, concluy\u00f3 el Papa, \u201cJes\u00fas nos tomar\u00e1 de la mano, del mismo modo que tom\u00f3 de la mano a la hija de Jairo, y nos dir\u00e1: \u2018\u00a1Lev\u00e1ntate, \u00e1lzate!\u2019\u201d.<\/span><\/p>\n<p>&nbsp;<\/p>\n<p><span style=\"font-size: 14pt;\"><strong><em>Tambi\u00e9n te puede interesar:<\/em><\/strong><\/span><\/p>\n","protected":false},"excerpt":{"rendered":"<p>Tweet,,,,,,,, &nbsp; ,,,,,,,, El Papa anima a no temer a la muerte: \u201cJes\u00fas mantendr\u00e1 la llama de nuestra fe\u201d &nbsp; ATICANO, 18 Oct. 17 \/ 03:22 am (ACI).- El Papa Francisco, durante su catequesis pronunciada en la Audiencia General celebrada en la plaza de San Pedro del Vaticano, anim\u00f3 a tener esperanza ante la muerte, [&hellip;]<\/p>\n","protected":false},"author":1,"featured_media":0,"comment_status":"open","ping_status":"open","sticky":false,"template":"","format":"standard","meta":{"footnotes":""},"categories":[4,7],"tags":[],"class_list":["post-40011","post","type-post","status-publish","format-standard","hentry","category-divulgacion","category-mis-dibujos"],"_links":{"self":[{"href":"http:\/\/www.floracantabrica.com\/index.php?rest_route=\/wp\/v2\/posts\/40011","targetHints":{"allow":["GET"]}}],"collection":[{"href":"http:\/\/www.floracantabrica.com\/index.php?rest_route=\/wp\/v2\/posts"}],"about":[{"href":"http:\/\/www.floracantabrica.com\/index.php?rest_route=\/wp\/v2\/types\/post"}],"author":[{"embeddable":true,"href":"http:\/\/www.floracantabrica.com\/index.php?rest_route=\/wp\/v2\/users\/1"}],"replies":[{"embeddable":true,"href":"http:\/\/www.floracantabrica.com\/index.php?rest_route=%2Fwp%2Fv2%2Fcomments&post=40011"}],"version-history":[{"count":2,"href":"http:\/\/www.floracantabrica.com\/index.php?rest_route=\/wp\/v2\/posts\/40011\/revisions"}],"predecessor-version":[{"id":40013,"href":"http:\/\/www.floracantabrica.com\/index.php?rest_route=\/wp\/v2\/posts\/40011\/revisions\/40013"}],"wp:attachment":[{"href":"http:\/\/www.floracantabrica.com\/index.php?rest_route=%2Fwp%2Fv2%2Fmedia&parent=40011"}],"wp:term":[{"taxonomy":"category","embeddable":true,"href":"http:\/\/www.floracantabrica.com\/index.php?rest_route=%2Fwp%2Fv2%2Fcategories&post=40011"},{"taxonomy":"post_tag","embeddable":true,"href":"http:\/\/www.floracantabrica.com\/index.php?rest_route=%2Fwp%2Fv2%2Ftags&post=40011"}],"curies":[{"name":"wp","href":"https:\/\/api.w.org\/{rel}","templated":true}]}}