{"id":39720,"date":"2019-12-31T00:50:27","date_gmt":"2019-12-30T22:50:27","guid":{"rendered":"http:\/\/www.floracantabrica.com\/?p=39720"},"modified":"2019-12-31T00:50:27","modified_gmt":"2019-12-30T22:50:27","slug":"frases-del-dia-30-12-19","status":"publish","type":"post","link":"http:\/\/www.floracantabrica.com\/?p=39720","title":{"rendered":"Frases del  dia 30 ,12, 19"},"content":{"rendered":"<p><a href=\"http:\/\/twitter.com\/share?url=http%3A%2F%2Fwww.floracantabrica.com%2F%3Fp%3D39720&amp;count=none&amp;lang=es&amp;via=lorencincoreses&amp;related=Mujerverdosa&amp;text=Frases del  dia 30 ,12, 19 - Flora Cant\u00e1brica\" class=\"twitter-share-button\">Tweet<\/a><\/p><p>,,,,,<a href=\"http:\/\/www.floracantabrica.com\/wp-content\/uploads\/2017\/08\/image002131.jpg\"><img loading=\"lazy\" decoding=\"async\" class=\"aligncenter size-full wp-image-39579\" src=\"http:\/\/www.floracantabrica.com\/wp-content\/uploads\/2017\/08\/image002131.jpg\" alt=\"image002\" width=\"567\" height=\"716\" srcset=\"http:\/\/www.floracantabrica.com\/wp-content\/uploads\/2017\/08\/image002131.jpg 567w, http:\/\/www.floracantabrica.com\/wp-content\/uploads\/2017\/08\/image002131-237x300.jpg 237w\" sizes=\"auto, (max-width: 567px) 100vw, 567px\" \/><\/a><\/p>\n<p>,,,,,,,,,,<\/p>\n<div id=\"results-pane\" class=\"clearfix results-pane\">\n<section id=\"left-pane\" class=\"left-pane\">\n<section data-show-on-ads=\"true\">\n<section id=\"related-middle\" class=\"related-search-middle\">\n<ul class=\"related-search-middle col2\">\n<li class=\"result-item\"><a href=\"https:\/\/int.search.myway.com\/search\/GGmain.jhtml?ct=ARS&amp;n=7859063E&amp;p2=%5ECNI%5Exdm540%5ETTAB02%5Ees&amp;pg=GGmain&amp;pn=1&amp;ptb=14564662-2B10-42DA-87AA-5CF658963853&amp;qs=&amp;si=003005013000724&amp;ss=sub&amp;st=tab&amp;trs=wtt&amp;searchfor=Santa+Faustina+Kowalska&amp;feedurl=%252Fars%252Ffeedback%253ForiginalQuery%253Dfaustina%252Bkowalska%2526relatedQuery%253Dsanta%252Bfaustina%252Bkowalska&amp;tpr=jre10&amp;ots=1576924498329\">Santa Faustina Kowalska<\/a><\/li>\n<\/ul>\n<\/section>\n<\/section>\n<\/section>\n<\/div>\n<p>,,,,,<\/p>\n<p class=\"komentarznieb\"><span style=\"font-size: 14pt;\">Cuando recen esta coronilla junto a los moribundos, <\/span><br \/>\n<span style=\"font-size: 14pt;\"> Me pondr\u00e9 entre el Padre y el alma agonizante <\/span><br \/>\n<span style=\"font-size: 14pt;\"> no como el Juez justo sino como <\/span><br \/>\n<span style=\"font-size: 14pt;\"> el Salvador misericordioso\u201d (Diario, 1541).<\/span><\/p>\n<p class=\"styl12duzy\" align=\"center\"><span style=\"font-size: 14pt;\">\u00a0<\/span><\/p>\n<p class=\"styl12duzy\" align=\"center\"><span style=\"font-size: 14pt;\">LA CORONILLA A LA DIVINA MISERICORDIA<\/span><\/p>\n<p>&nbsp;<\/p>\n<table border=\"1\" width=\"291\" cellspacing=\"0\" cellpadding=\"0\" align=\"center\" bgcolor=\"#FFFFFF\">\n<tbody>\n<tr>\n<td><span style=\"font-size: 14pt;\"><img loading=\"lazy\" decoding=\"async\" src=\"http:\/\/www.misericordia-divina.com\/101_2802.jpg\" alt=\"\" width=\"400\" height=\"267\" \/><\/span><span style=\"font-size: 14pt;\"><img loading=\"lazy\" decoding=\"async\" src=\"http:\/\/www.misericordia-divina.com\/101_2802.jpg\" alt=\"\" width=\"400\" height=\"267\" \/><\/span><\/td>\n<\/tr>\n<\/tbody>\n<\/table>\n<p class=\"informacje5\" align=\"center\"><span style=\"font-size: 14pt;\">La casa de Congregaci\u00f3n de la Madre de Dios de Misericordia<\/span><br \/>\n<span style=\"font-size: 14pt;\"> en el que en los a\u00f1os 1933-1936 estuvo santa Faustina. <\/span><br \/>\n<span style=\"font-size: 14pt;\"> En esta casa Jes\u00fas le dict\u00f3 a ella la Coronilla a la Divina Misericordia. Vilna, Lituania, C\/ Grybo 29<\/span><\/p>\n<blockquote>\n<p class=\"komentarz\"><span style=\"font-size: 14pt;\"> Vilna, Lituania \u201cViernes 13 de septiembre de 1935. <\/span><br \/>\n<span style=\"font-size: 14pt;\"> Por la tarde, estando yo en mi celda, vi al \u00e1ngel, ejecutor de la ira de Dios. Ten\u00eda una t\u00fanica clara, el rostro resplandeciente; una nube debajo de sus pies, de la nube sal\u00edan rayos y rel\u00e1mpagos e iban a las manos y de su mano sal\u00edan y alcanzaban la tierra. Al ver esta se\u00f1al de la ira divina que iba a castigar la tierra y especialmente cierto lugar que no puedo nombrar por motivos justos, empec\u00e9 a pedir al \u00e1ngel que se contuviera por alg\u00fan tiempo y el mundo har\u00eda penitencia. Pero mi s\u00faplica era nada comparada con la ira de Dios. (&#8230;) En aquel mismo instante sent\u00ed en mi alma la fuerza de la gracia de Jes\u00fas que mora en mi alma; al darme cuenta de esta gracia, en el mismo momento fui llevada al trono de Dios.<\/span><\/p>\n<p class=\"komentarz\"><span style=\"font-size: 14pt;\"> (&#8230;) Me puse a rogar a Dios por el mundo con las palabras que o\u00ed dentro de m\u00ed. Cuando as\u00ed rezaba, vi la impotencia del \u00e1ngel que no pod\u00eda cumplir el justo castigo que correspond\u00eda por los pecados. Nunca antes hab\u00eda rogado con tal potencia interior como entonces. Las palabras con las cuales suplicaba a Dios son las siguientes: Padre Eterno, Te ofrezco el Cuerpo y la Sangre, el Alma y la Divinidad de Tu Amad\u00edsimo Hijo, nuestro Se\u00f1or Jesucristo, por nuestros pecados y los del mundo entero.<\/span><\/p>\n<p class=\"komentarz\"><span style=\"font-size: 14pt;\"> Por su dolorosa Pasi\u00f3n, ten misericordia de nosotros. A la ma\u00f1ana siguiente, cuando entr\u00e9 en nuestra capilla, o\u00ed esta voz interior: Cuantas veces entres en la capilla, reza en seguida esta oraci\u00f3n que te ense\u00f1\u00e9 ayer.<\/span><br \/>\n<span style=\"font-size: 14pt;\"> Cuando rec\u00e9 esta plegaria, o\u00ed en el alma estas palabras: Esta oraci\u00f3n es para aplacar Mi ira, la rezar\u00e1s durante nueve d\u00edas con un rosario com\u00fan, de modo siguiente: <span class=\"komentarznieb\">primero rezar\u00e1s una vez el Padre nuestro y el Ave Mar\u00eda y el Credo, despu\u00e9s, en las cuentas correspondientes al Padre nuestro, dir\u00e1s las siguientes palabras: Padre Eterno, Te ofrezco el Cuerpo y la Sangre, el Alma y la Divinidad de Tu Amad\u00edsimo Hijo, nuestro Se\u00f1or Jesucristo, como propiciaci\u00f3n de nuestros pecados y los del mundo entero; en las cuentas del Ave Mar\u00eda, dir\u00e1s las siguientes palabras: Por su dolorosa Pasi\u00f3n, ten misericordia de nosotros y del mundo entero. Para terminar, dir\u00e1s tres veces estas palabras: Santo Dios, Santo Fuerte, Santo Inmortal, ten piedad de nosotros y del mundo entero\u201d (Diario, 474-476). <\/span><\/span><\/p>\n<p class=\"komentarz\" align=\"center\"><span style=\"font-size: 14pt;\"> <img loading=\"lazy\" decoding=\"async\" src=\"http:\/\/www.misericordia-divina.com\/kreska%20mala.jpg\" alt=\"\" width=\"200\" height=\"20\" \/><\/span><\/p>\n<p class=\"komentarznieb\"><span style=\"font-size: 14pt;\"> \u201cOh, qu\u00e9 gracias m\u00e1s grandes conceder\u00e9 a las almas que recen esta coronilla (\u2026) Anota estas palabras, hija M\u00eda, habla al mundo de Mi misericordia para que toda la humanidad conozca la infinita misericordia M\u00eda. Es una se\u00f1al de los \u00faltimos tiempos, despu\u00e9s de ella vendr\u00e1 el d\u00eda de la justicia. Todav\u00eda queda tiempo, que recurran a la Fuente de Mi Misericordia, se beneficien de la Sangre y del Agua que brot\u00f3 para ellos\u201d (Diario, 848).<\/span><\/p>\n<\/blockquote>\n<p class=\"styl12duzy\" align=\"center\"><span class=\"tytulynieb\" style=\"font-size: 14pt;\"> LA PROMESA DE GRACIA<br \/>\nDE MISERICORDIA PARA LOS AGONIZANTES<\/span><\/p>\n<blockquote>\n<p class=\"komentarz\"><span style=\"font-size: 14pt;\"> \u201cA quienes recen esta coronilla, Me complazco en darles lo que Me pidan. Cuando la recen los pecadores empedernidos, colmar\u00e9 sus almas de paz y la hora de su muerte ser\u00e1 feliz. Escr\u00edbelo para las almas afligidas: Cuando un alma vea y conozca la gravedad de sus pecados, cuando a los ojos de su alma se descubra todo el abismo de la miseria en la que ha ca\u00eddo, que no se desespere, sino que se arroje con confianza en brazos de Mi misericordia, no se desespere, sino que se arroje con confianza en brazos de Mi misericordia, como un ni\u00f1o en brazos de su madre amad\u00edsima. <\/span><\/p>\n<p class=\"komentarz\"><span style=\"font-size: 14pt;\"> (&#8230;) Proclama que ning\u00fan alma que ha invocado Mi misericordia ha quedado decepcionada ni ha sentido confusi\u00f3n. Me complazco particularmente en el alma que conf\u00eda en Mi bondad. <span class=\"komentarznieb\">Escribe: cuando recen esta coronilla junto a los moribundos, Me pondr\u00e9 entre el Padre y el alma agonizante no como el Juez justo sino como el Salvador misericordioso\u201d (Diario, 1541).<\/span><\/span><\/p>\n<p class=\"komentarznieb\"><span style=\"font-size: 14pt;\"> \u201cDeseo que esta misericordia se derrame sobre el mundo entero a trav\u00e9s de tu coraz\u00f3n. Cualquiera que se acerque a ti, no puede retirarse sin confiar en mi misericordia que tanto deseo para las almas. Reza, cuanto puedas, por los agonizantes, impetra para ellos la confianza en Mi misericordia, porque son ellos los que m\u00e1s necesitan la confianza, quienes la tienen muy poca\u201d (Diario, 1777).<\/span><\/p>\n<p class=\"komentarz\" align=\"center\"><span style=\"font-size: 14pt;\"> <img loading=\"lazy\" decoding=\"async\" src=\"http:\/\/www.misericordia-divina.com\/kreska%20mala.jpg\" alt=\"\" width=\"200\" height=\"20\" \/><\/span><\/p>\n<p class=\"komentarz\"><span style=\"font-size: 14pt;\"> <span class=\"komentarznieb\">\u201cHija M\u00eda, ay\u00fadame a salvar a un pecador agonizante; reza por \u00e9l esta coronilla que te he ense\u00f1ado.<\/span> Al empezar a rezar la coronilla, vi a aquel moribundo entre terribles tormentos y luchas. El \u00c1ngel Custodio lo defend\u00eda, pero era como impotente ante la gran miseria de aquella alma (&#8230;) Mientras rezaba la coronilla, vi a Jes\u00fas tal y como est\u00e1 pintado en la imagen. Los rayos que salieron del Coraz\u00f3n de Jes\u00fas envolvieron al enfermo y las fuerzas de las tinieblas huyeron de p\u00e1nico. El enfermo expir\u00f3 sereno\u201d (Diario, 1565).<\/span><\/p>\n<p class=\"komentarz\"><span style=\"font-size: 14pt;\"> \u201cLa uni\u00f3n con los agonizantes. Me piden oraciones; puedo rezar, el Se\u00f1or me ha dado misteriosamente el esp\u00edritu de la plegaria, estoy continuamente unida a \u00c9l. Siento plenamente que vivo por las almas, para llevarlas a Tu misericordia, oh Se\u00f1or; para tal fin ning\u00fan sacrificio es demasiado peque\u00f1o\u201d (Diario, 971).<\/span><\/p>\n<p class=\"komentarz\" align=\"center\"><span style=\"font-size: 14pt;\"> <img loading=\"lazy\" decoding=\"async\" src=\"http:\/\/www.misericordia-divina.com\/kreska%20mala.jpg\" alt=\"\" width=\"200\" height=\"20\" \/><\/span><\/p>\n<p class=\"komentarz\"><span style=\"font-size: 14pt;\"> \u201cMe relaciono a menudo con almas agonizantes impetrando para ellas la misericordia de Dios. Oh, qu\u00e9 grande es la bondad de Dios, m\u00e1s grande de lo que nosotros podemos comprender. Hay momentos y misterios de la Divina Misericordia de los cuales se asombran los cielos. Que callen nuestros juicios sobre las almas, porque la Divina Misericordia es admirable para con ellas\u201d (Diario, 1684).<\/span><\/p>\n<p class=\"komentarz\"><span style=\"font-size: 14pt;\"> \u201cLa Divina Misericordia alcanza al pecador a veces en el \u00faltimo momento, de modo particular y misterioso. Por fuera parece como si todo estuviera perdido, pero no es as\u00ed; el alma iluminada por un rayo de la fuerte, y \u00faltima, gracia divina, se dirige a Dios en el \u00faltimo momento con tanta fuerza de amor que en ese \u00faltimo momento obtiene de Dios [el perd\u00f3n] de las culpas y de las penas, sin darnos, por fuera, alguna se\u00f1al de arrepentimiento o de contrici\u00f3n, porque ya no reacciona a las cosas exteriores. Oh, qu\u00e9 insondable es la Divina Misericordia.<\/span><\/p>\n<p class=\"komentarz\"><span style=\"font-size: 14pt;\"> Pero, \u00a1qu\u00e9 horror! tambi\u00e9n hay almas que rechazan voluntaria y conscientemente esta gracia y la desprecian. A\u00fan ya en la agon\u00eda misma Dios misericordioso da al alma un momento de lucidez interior y si el alma quiere, tiene la posibilidad de volver a Dios. Pero, a veces, en las almas hay una dureza tan grande que conscientemente eligen el infierno; frustran todas las oraciones que otras almas elevan a Dios por ellas e incluso los mismos esfuerzos de Dios&#8230;\u201d (Diario, 1698).<\/span><\/p>\n<p class=\"komentarz\" align=\"center\"><span style=\"font-size: 14pt;\"> <img loading=\"lazy\" decoding=\"async\" src=\"http:\/\/www.misericordia-divina.com\/kreska%20mala.jpg\" alt=\"\" width=\"200\" height=\"20\" \/><\/span><\/p>\n<p class=\"komentarz\"><span style=\"font-size: 14pt;\"> \u201c\u00a1Oh vida gris y mon\u00f3tona, cu\u00e1ntos tesoros encierras! Ninguna hora se parece a la otra, pues la tristeza y la monoton\u00eda desaparecen cuando miro todo con los ojos de la fe. La gracia que hay para m\u00ed en esta hora no se repetir\u00e1 en la hora siguiente. Me ser\u00e1 dada en la hora siguiente, pero no ser\u00e1 ya la misma. El tiempo pasa y no vuelve nunca. Lo que contiene en s\u00ed, no cambiar\u00e1 jam\u00e1s; lo sella con un sello para la eternidad\u201d (Diario, 62).<\/span><\/p>\n<p class=\"komentarz\"><span style=\"font-size: 14pt;\"> \u201c&#8230;el Se\u00f1or me hizo saber cu\u00e1nto desea que el alma se distinga en el amor activo y vi en mi interior qu\u00e9 grande es el n\u00famero de almas que nos piden gritando: dadnosaDios; y ardi\u00f3 en m\u00ed la sangre apost\u00f3lica. No la escatimar\u00e9 sino que dar\u00e9 hasta la \u00faltima gota por las almas inmortales; aunque, quiz\u00e1, Dios no lo pida f\u00edsicamente, espiritualmente esto es posible para m\u00ed, y no menos meritorio\u201d (Diario, 1249).<\/span><\/p>\n<p class=\"komentarz\"><span style=\"font-size: 14pt;\"> \u201cDeseo atravesar el mundo entero y hablar a las almas de la gran misericordia de Dios. OH SACERDOTES, AY\u00daDADME EN ESTO&#8230;\u201d (Diario, 491).<\/span><\/p>\n<p class=\"komentarznieb\"><span style=\"font-size: 14pt;\"> \u201cDiles a Mis sacerdotes que los pecadores m\u00e1s empedernidos se ablandar\u00e1n bajo sus palabras cuando ellos hablen de Mi misericordia insondable, de la compasi\u00f3n que tengo por ellos en Mi Coraz\u00f3n. A los sacerdotes que proclamen y alaben Mi misericordia, les dar\u00e9 una fuerza prodigiosa y ungir\u00e9 sus palabras y sacudir\u00e9 los corazones de aquellos a los que hablen\u201d (Diario, 1521).<\/span><\/p>\n<p class=\"komentarz\" align=\"center\"><span style=\"font-size: 14pt;\"> <img loading=\"lazy\" decoding=\"async\" src=\"http:\/\/www.misericordia-divina.com\/kreska%20mala.jpg\" alt=\"\" width=\"200\" height=\"20\" \/><\/span><\/p>\n<p class=\"komentarz\"><span class=\"komentarznieb\" style=\"font-size: 14pt;\"> \u201cHija M\u00eda, mira hacia el abismo de Mi misericordia y rinde homenaje y gloria a esta misericordia M\u00eda, y hazlo de este modo: Re\u00fane a los pecadores del mundo entero y sum\u00e9rgelos en el abismo de Mi misericordia\u201d (Diario, 206).<\/span><\/p>\n<p class=\"komentarznieb\"><span style=\"font-size: 14pt;\"> \u201cPenetra en Mis secretos y conocer\u00e1s el abismo de Mi misericordia para con las criaturas y Mi bondad insondable. Har\u00e1s conocer \u00e9sta a todo el mundo. A trav\u00e9s de la oraci\u00f3n intermediar\u00e1s &#8211; entre la tierra y el cielo\u201d (Diario, 438).<\/span><\/p>\n<p class=\"komentarznieb\"><span style=\"font-size: 14pt;\"> \u201cPreparar\u00e1s al mundo para mi \u00faltima venida\u201d (Diario, 429).<\/span><\/p>\n<p class=\"komentarz\"><span style=\"font-size: 14pt;\"> \u201cAl sumergirme en la oraci\u00f3n y unirme a todas las Misas que en ese momento se estaban celebrando en el mundo entero, rogu\u00e9 a Dios, a trav\u00e9s de todas esas Santas Misas, la misericordia para el mundo y especialmente para los pobres pecadores que en ese momento estaban en agon\u00eda. Y en aquel mo-mento dentro de m\u00ed recib\u00ed la respuesta de Dios de que mil almas hab\u00edan recibido la gracia a trav\u00e9s de la oraci\u00f3n que yo hab\u00eda elevado a Dios. No sabemos el n\u00famero de almas que podemos salvar con nuestras oraciones y nuestro sacrificio, por eso oremos siempre por los pecadores\u201d (Diario, 1783).<\/span><\/p>\n<p class=\"komentarz\"><span style=\"font-size: 14pt;\"> \u201dMi uni\u00f3n con las almas agonizantes sigue siendo como antes, estrecha. A menudo acompa\u00f1o al alma agonizante a gran distancia, pero experimento la mayor alegr\u00eda al ver que sobre esas almas se realiza la promesa de la misericordia. El Se\u00f1or es fiel, lo que dic<\/span>e una vez, lo cumple\u201d (Diario, 935).<\/p>\n<\/blockquote>\n","protected":false},"excerpt":{"rendered":"<p>Tweet,,,,, ,,,,,,,,,, Santa Faustina Kowalska ,,,,, Cuando recen esta coronilla junto a los moribundos, Me pondr\u00e9 entre el Padre y el alma agonizante no como el Juez justo sino como el Salvador misericordioso\u201d (Diario, 1541). \u00a0 LA CORONILLA A LA DIVINA MISERICORDIA &nbsp; La casa de Congregaci\u00f3n de la Madre de Dios de Misericordia en [&hellip;]<\/p>\n","protected":false},"author":1,"featured_media":0,"comment_status":"open","ping_status":"open","sticky":false,"template":"","format":"standard","meta":{"footnotes":""},"categories":[4,7],"tags":[],"class_list":["post-39720","post","type-post","status-publish","format-standard","hentry","category-divulgacion","category-mis-dibujos"],"_links":{"self":[{"href":"http:\/\/www.floracantabrica.com\/index.php?rest_route=\/wp\/v2\/posts\/39720","targetHints":{"allow":["GET"]}}],"collection":[{"href":"http:\/\/www.floracantabrica.com\/index.php?rest_route=\/wp\/v2\/posts"}],"about":[{"href":"http:\/\/www.floracantabrica.com\/index.php?rest_route=\/wp\/v2\/types\/post"}],"author":[{"embeddable":true,"href":"http:\/\/www.floracantabrica.com\/index.php?rest_route=\/wp\/v2\/users\/1"}],"replies":[{"embeddable":true,"href":"http:\/\/www.floracantabrica.com\/index.php?rest_route=%2Fwp%2Fv2%2Fcomments&post=39720"}],"version-history":[{"count":3,"href":"http:\/\/www.floracantabrica.com\/index.php?rest_route=\/wp\/v2\/posts\/39720\/revisions"}],"predecessor-version":[{"id":45844,"href":"http:\/\/www.floracantabrica.com\/index.php?rest_route=\/wp\/v2\/posts\/39720\/revisions\/45844"}],"wp:attachment":[{"href":"http:\/\/www.floracantabrica.com\/index.php?rest_route=%2Fwp%2Fv2%2Fmedia&parent=39720"}],"wp:term":[{"taxonomy":"category","embeddable":true,"href":"http:\/\/www.floracantabrica.com\/index.php?rest_route=%2Fwp%2Fv2%2Fcategories&post=39720"},{"taxonomy":"post_tag","embeddable":true,"href":"http:\/\/www.floracantabrica.com\/index.php?rest_route=%2Fwp%2Fv2%2Ftags&post=39720"}],"curies":[{"name":"wp","href":"https:\/\/api.w.org\/{rel}","templated":true}]}}