{"id":39148,"date":"2017-06-28T22:04:21","date_gmt":"2017-06-28T20:04:21","guid":{"rendered":"http:\/\/www.floracantabrica.com\/?p=39148"},"modified":"2022-01-16T15:29:01","modified_gmt":"2022-01-16T13:29:01","slug":"frases-del-dia-287-17","status":"publish","type":"post","link":"http:\/\/www.floracantabrica.com\/?p=39148","title":{"rendered":"Frases del dia 28,7.17"},"content":{"rendered":"<p><a href=\"http:\/\/twitter.com\/share?url=http%3A%2F%2Fwww.floracantabrica.com%2F%3Fp%3D39148&amp;count=none&amp;lang=es&amp;via=lorencincoreses&amp;related=Mujerverdosa&amp;text=Frases del dia 28,7.17 - Flora Cant\u00e1brica\" class=\"twitter-share-button\">Tweet<\/a><\/p><p>&#8230;&#8230;&#8230;&#8230;&#8230;&#8230;&#8230;&#8230;..<\/p>\n<p><span style=\"font-size: 14pt;\"><strong>El Papa en 25 aniversario de obispo: Somos abuelos de la Iglesia llamados a darle sentido<\/strong><\/span><\/p>\n<p><span style=\"font-size: 14pt;\">,,,,,,,,,,,,,,,,<\/span><\/p>\n<p>&nbsp;<\/p>\n<p><a href=\"http:\/\/www.floracantabrica.com\/wp-content\/uploads\/2017\/02\/image00232.jpg\"><img loading=\"lazy\" decoding=\"async\" class=\"aligncenter size-full wp-image-38044\" src=\"http:\/\/www.floracantabrica.com\/wp-content\/uploads\/2017\/02\/image00232.jpg\" alt=\"image002\" width=\"567\" height=\"489\" srcset=\"http:\/\/www.floracantabrica.com\/wp-content\/uploads\/2017\/02\/image00232.jpg 567w, http:\/\/www.floracantabrica.com\/wp-content\/uploads\/2017\/02\/image00232-300x258.jpg 300w\" sizes=\"auto, (max-width: 567px) 100vw, 567px\" \/><\/a><\/p>\n<p><span style=\"font-size: 14pt;\">,,,,,,,,,,,<\/span><\/p>\n<p><span style=\"font-size: 14pt;\">VATICANO, 27 Jun. 17 \/ 01:56 am (<strong><a href=\"http:\/\/www.aciprensa.com\/\">ACI<\/a><\/strong>).- El Papa Francisco neg\u00f3 que la <a href=\"http:\/\/www.aciprensa.com\/iglesia\/index.html\">Iglesia<\/a> sea una instituci\u00f3n gobernada por ancianos, y anim\u00f3 a los <a href=\"http:\/\/www.aciprensa.com\/Cardenales\">cardenales<\/a> y obispos que ya tienen una edad avanzada, a vivir en la Iglesia \u201ccomo abuelos que cuidan y ense\u00f1an a sus nietos\u201d.<\/span><\/p>\n<p>&nbsp;<\/p>\n<p><span style=\"font-size: 14pt;\">El Santo Padre realiz\u00f3 esta afirmaci\u00f3n durante la <a href=\"http:\/\/www.aciprensa.com\/Eucaristia\/index.html\">Misa<\/a>, concelebrada con los <a href=\"http:\/\/www.aciprensa.com\/Cardenales\/index.html\">Cardenales<\/a> presentes en Roma, que presidi\u00f3 en la Capilla Paolina del Palacio Apost\u00f3lico del Vaticano con motivo del 25 aniversario de su ordenaci\u00f3n episcopal, que tuvo lugar el 27 de junio de 1992.<\/span><\/p>\n<p>&nbsp;<\/p>\n<p><span style=\"font-size: 14pt;\">En ella, reflexion\u00f3 sobre los tres mandatos que Dios le da a Abraham, y que son asumibles tambi\u00e9n para los Cardenales, Obispos y dem\u00e1s pastores de la Iglesia: \u201clev\u00e1ntate, mira y espera\u201d.<\/span><\/p>\n<p>&nbsp;<\/p>\n<p><span style=\"font-size: 14pt;\">\u00a0<\/span><\/p>\n<p><span style=\"font-size: 14pt;\">Explic\u00f3 que en ese di\u00e1logo se encuentran tres imperativos: lev\u00e1ntate, mira y espera. \u201cTres imperativos que muestran el camino que debe recorrer Abraham y tambi\u00e9n el modo de hacerlo: lev\u00e1ntate, mira, espera\u201d.<\/span><\/p>\n<p>&nbsp;<\/p>\n<p><span style=\"font-size: 14pt;\"><em><strong>Lev\u00e1ntate<\/strong><\/em><\/span><\/p>\n<p><span style=\"font-size: 14pt;\">\u201cLev\u00e1ntate, camina, no te quedes parado\u201d, eso es lo que Dios le dice a Abraham \u201cy a todos nosotros\u201d. \u201cTienes una misi\u00f3n, una obligaci\u00f3n, y debes hacer el camino. Lev\u00e1ntate, en pie\u201d.<\/span><\/p>\n<p>&nbsp;<\/p>\n<p><span style=\"font-size: 14pt;\">Abraham escuch\u00f3 ese mandato sin protestar, a pesar de su edad, \u201cy comenz\u00f3 a caminar. Siempre en camino, y el s\u00edmbolo de esto es la tienda. Dice el libro del g\u00e9nesis que Abraham andaba con la tienda, y cuando se paraba, la montaba. Abraham nunca hizo una casa para \u00e9l. En ocasiones constru\u00eda un altar para adorar a Aquel que le mandaba levantarse, ponerse en camino con la tienda\u201d.<\/span><\/p>\n<p>&nbsp;<\/p>\n<p><span style=\"font-size: 14pt;\"><em><strong>Mira<\/strong><\/em><\/span><\/p>\n<p><span style=\"font-size: 14pt;\">El segundo imperativo es \u201cmira\u201d, \u201clevanta los ojos, y all\u00ed donde est\u00e9s, dirige la mirada en medio del oriente y el occidente, mira el horizonte. No construyas muros. Mira siempre y ve adelante. Es la m\u00edstica del horizonte: cuanto m\u00e1s avanzas, m\u00e1s lejano est\u00e1 el horizonte. Dirige la mirada, adelante, siempre caminando hacia el horizonte\u201d.<\/span><\/p>\n<p><span style=\"font-size: 14pt;\"><em><strong>Espera<\/strong><\/em><\/span><\/p>\n<p><span style=\"font-size: 14pt;\">Por \u00faltimo, Dios le pide que tenga paciencia, que espere, \u201cy se lo dice a un hombre anciano que no pudo tener hijos. Le dice: \u2018Tu heredad ser\u00e1 como el polvo de la tierra, y si alguien puede contar el polvo de la tierra, podr\u00e1 contar el n\u00famero de tus descendientes\u2019\u201d.<\/span><\/p>\n<p>&nbsp;<\/p>\n<p><span style=\"font-size: 14pt;\">Y m\u00e1s adelante le dice: \u2018Levanta la mirada y mira el <a href=\"http:\/\/www.aciprensa.com\/Docum\/cat-cielo.htm\">cielo<\/a>, cuenta las estrellas: as\u00ed ser\u00e1 tu descendencia\u2019. Y Abraham crey\u00f3 y el Se\u00f1or le concedi\u00f3 la justicia\u201d.<\/span><\/p>\n<p>&nbsp;<\/p>\n<p><span style=\"font-size: 14pt;\">\u201cNunca muros, horizontes: lev\u00e1ntate, mira, espera. La esperanza es sin muros, siempre con horizontes\u201d.<\/span><\/p>\n<p><span style=\"font-size: 14pt;\"><em><strong>Abuelos de la Iglesia<\/strong><\/em><\/span><\/p>\n<p>&nbsp;<\/p>\n<p><span style=\"font-size: 14pt;\">A continuaci\u00f3n, tras reflexionar sobre estos tres imperativos, Francisco se dirigi\u00f3 a los Cardenales de la Curia para explicarles que, aunque casi todos tienen ya, al igual que \u00e9l, una edad avanzada, de<strong>ben seguir el ejemplo de Abraham, quien asumi\u00f3 la vocaci\u00f3n y la misi\u00f3n que Dios le encarg\u00f3 cuando ya era anciano<\/strong>.<\/span><\/p>\n<p>&nbsp;<\/p>\n<p><span style=\"font-size: 14pt;\">El Pont\u00edfice explic\u00f3 que cuando Abraham recibi\u00f3 la llamada de Dios, \u201cten\u00eda m\u00e1s o menos nuestra edad. Estaba m\u00e1s bien camino a retirarse, para descansar. Era un hombre anciano con el peso de la vejez, esa vejez que trae el dolor, las enfermedades, pero \u00e9l como si fuera un joven, un \u2018scout\u2019: lev\u00e1ntate y ve. Mira y espera\u201d.<\/span><\/p>\n<p>&nbsp;<\/p>\n<p><span style=\"font-size: 14pt;\">\u201cEstas palabras de Dios son tambi\u00e9n para nosotros, que tenemos una edad como aquella de Abraham, y a nosotros hoy el Se\u00f1or nos dice lo mismo: lev\u00e1ntate, mira y espera. Nos dice que no es hora de poner nuestra <a href=\"http:\/\/www.aciprensa.com\/vida\">vida<\/a> en cierre, que no es hora de cerrar nuestra historia. El Se\u00f1or nos dice que nuestra vida est\u00e1 todav\u00eda abierta, en misi\u00f3n, una misi\u00f3n que se resume en esas tres palabras: lev\u00e1ntate, mira y espera\u201d.<\/span><\/p>\n<p>&nbsp;<\/p>\n<p><span style=\"font-size: 14pt;\">El Obispo de Roma rechaz\u00f3 las acusaciones de \u201cgerontocracia\u201d, gobierno de los ancianos, en la Iglesia, y se\u00f1al\u00f3 que los Cardenales y los Obispos, sobre todos aquellos que ya tienen una edad avanzada, deben ser como \u201cabuelos\u201d que ense\u00f1an a sus \u201cnietos\u201d.<\/span><\/p>\n<p>&nbsp;<\/p>\n<p>\u201c<span style=\"font-size: 14pt;\">Algunos, que no nos quieren demasiado, dicen de nosotros que somos la \u2018gerontocracia\u2019 de la Iglesia. Es una maldad, no comprenden lo que dicen, nosotros no somos viejos, somos abuelos, y si no sentimos esto tenemos que pedir la gracia de sentirlo, abuelos a los que miran sus nietos, a los que debemos dar un sentido de la vida con nuestra experiencia. Abuelos que no est\u00e1n cerrados en la melancol\u00eda de la historia, sino abiertos\u201d.<\/span><\/p>\n<p>&nbsp;<\/p>\n<p><span style=\"font-size: 14pt;\"><strong>\u201cPara nosotros \u2013continu\u00f3\u2013 ese \u2018lev\u00e1ntate, mira y espera\u2019 se llama so\u00f1ar. Somos abuelos llamados a so\u00f1ar y a dar nuestro sue\u00f1o a la juventud necesitada de hoy,<\/strong> porque ellos tomar\u00e1n de nuestro sue\u00f1o la fuerza para llevar adelante sus obligaciones\u201d.<\/span><\/p>\n<p>&nbsp;<\/p>\n<p><span style=\"font-size: 14pt;\">Y concluy\u00f3 insistiendo en que lo que Dios les pide es ser \u2018abuelos\u2019 de su pueblo. \u201cEso es lo que el Se\u00f1or nos pide hoy: ser abuelos, tener la vitalidad de dar a los j\u00f3venes lo mejor de nosotros, sin cerrarnos. Ellos esperan de nuestra experiencia y de nuestros sue\u00f1os positivos la profec\u00eda y el trabajo para ir adelante<\/span><\/p>\n<p>&nbsp;<\/p>\n","protected":false},"excerpt":{"rendered":"<p>Tweet&#8230;&#8230;&#8230;&#8230;&#8230;&#8230;&#8230;&#8230;.. El Papa en 25 aniversario de obispo: Somos abuelos de la Iglesia llamados a darle sentido ,,,,,,,,,,,,,,,, &nbsp; ,,,,,,,,,,, VATICANO, 27 Jun. 17 \/ 01:56 am (ACI).- El Papa Francisco neg\u00f3 que la Iglesia sea una instituci\u00f3n gobernada por ancianos, y anim\u00f3 a los cardenales y obispos que ya tienen una edad avanzada, a [&hellip;]<\/p>\n","protected":false},"author":1,"featured_media":0,"comment_status":"open","ping_status":"open","sticky":false,"template":"","format":"standard","meta":{"footnotes":""},"categories":[4,7],"tags":[],"class_list":["post-39148","post","type-post","status-publish","format-standard","hentry","category-divulgacion","category-mis-dibujos"],"_links":{"self":[{"href":"http:\/\/www.floracantabrica.com\/index.php?rest_route=\/wp\/v2\/posts\/39148","targetHints":{"allow":["GET"]}}],"collection":[{"href":"http:\/\/www.floracantabrica.com\/index.php?rest_route=\/wp\/v2\/posts"}],"about":[{"href":"http:\/\/www.floracantabrica.com\/index.php?rest_route=\/wp\/v2\/types\/post"}],"author":[{"embeddable":true,"href":"http:\/\/www.floracantabrica.com\/index.php?rest_route=\/wp\/v2\/users\/1"}],"replies":[{"embeddable":true,"href":"http:\/\/www.floracantabrica.com\/index.php?rest_route=%2Fwp%2Fv2%2Fcomments&post=39148"}],"version-history":[{"count":3,"href":"http:\/\/www.floracantabrica.com\/index.php?rest_route=\/wp\/v2\/posts\/39148\/revisions"}],"predecessor-version":[{"id":39152,"href":"http:\/\/www.floracantabrica.com\/index.php?rest_route=\/wp\/v2\/posts\/39148\/revisions\/39152"}],"wp:attachment":[{"href":"http:\/\/www.floracantabrica.com\/index.php?rest_route=%2Fwp%2Fv2%2Fmedia&parent=39148"}],"wp:term":[{"taxonomy":"category","embeddable":true,"href":"http:\/\/www.floracantabrica.com\/index.php?rest_route=%2Fwp%2Fv2%2Fcategories&post=39148"},{"taxonomy":"post_tag","embeddable":true,"href":"http:\/\/www.floracantabrica.com\/index.php?rest_route=%2Fwp%2Fv2%2Ftags&post=39148"}],"curies":[{"name":"wp","href":"https:\/\/api.w.org\/{rel}","templated":true}]}}