{"id":39140,"date":"2017-06-25T21:39:38","date_gmt":"2017-06-25T19:39:38","guid":{"rendered":"http:\/\/www.floracantabrica.com\/?p=39140"},"modified":"2022-08-13T17:12:15","modified_gmt":"2022-08-13T15:12:15","slug":"frases-del-dia-25617","status":"publish","type":"post","link":"http:\/\/www.floracantabrica.com\/?p=39140","title":{"rendered":"Frases del dia 25,6,17"},"content":{"rendered":"<p><a href=\"http:\/\/twitter.com\/share?url=http%3A%2F%2Fwww.floracantabrica.com%2F%3Fp%3D39140&amp;count=none&amp;lang=es&amp;via=lorencincoreses&amp;related=Mujerverdosa&amp;text=Frases del dia 25,6,17 - Flora Cant\u00e1brica\" class=\"twitter-share-button\">Tweet<\/a><\/p><p>&#8230;&#8230;&#8230;<\/p>\n<p><span style=\"font-size: 14pt;\"><strong>\u201cIr de misiones no es hacer turismo, es ser testigo del Se\u00f1or\u201d, recuerda el Papa Francisco<\/strong><\/span><\/p>\n<p><span style=\"font-size: 14pt;\">\u00a0<\/span><\/p>\n<p><span style=\"font-size: 14pt;\">\u2026\u2026\u2026\u2026\u2026\u2026\u2026<\/span><\/p>\n<p>&nbsp;<\/p>\n<p><a href=\"http:\/\/www.floracantabrica.com\/wp-content\/uploads\/2017\/06\/image00212.jpg\"><img loading=\"lazy\" decoding=\"async\" class=\"aligncenter size-full wp-image-39054\" src=\"http:\/\/www.floracantabrica.com\/wp-content\/uploads\/2017\/06\/image00212.jpg\" alt=\"image002\" width=\"711\" height=\"591\" srcset=\"http:\/\/www.floracantabrica.com\/wp-content\/uploads\/2017\/06\/image00212.jpg 711w, http:\/\/www.floracantabrica.com\/wp-content\/uploads\/2017\/06\/image00212-300x249.jpg 300w\" sizes=\"auto, (max-width: 711px) 100vw, 711px\" \/><\/a><\/p>\n<p><span style=\"font-size: 14pt;\">\u2026\u2026.<\/span><\/p>\n<p><span style=\"font-size: 14pt;\">VATICANO, 25 Jun. 17 \/ 05:21 am (<strong><a href=\"http:\/\/www.aciprensa.com\/\">ACI<\/a><\/strong>).- Durante el rezo del \u00c1ngelus este domingo en la Plaza de San Pedro, el Papa Francisco exhort\u00f3 a asumir la vocaci\u00f3n de todo cristiano a la misi\u00f3n, a dar testimonio de Cristo, pero afirm\u00f3: \u201cir de misiones no es hacer turismo\u201d, y record\u00f3 la advertencia que hizo Jes\u00fas a sus disc\u00edpulos: \u201cencontrar\u00e9is persecuciones\u201d.<\/span><\/p>\n<p><span style=\"font-size: 14pt;\">No obstante, el Santo Padre tambi\u00e9n subray\u00f3 la insistencia con que Jes\u00fas animaba a sus disc\u00edpulos a no tener miedo: \u201c\u00a1No teng\u00e1is miedo!\u201d. \u201cNo teng\u00e1is miedo \u2013repiti\u00f3 Francisco\u2013, porque somos muy valiosos para Dios y \u00c9l nunca nos abandona\u201d.<\/span><\/p>\n<p><span style=\"font-size: 14pt;\">Adem\u00e1s hizo hincapi\u00e9 en que \u201cen el testimonio de la fe no cuentan los \u00e9xitos, sino la fidelidad a Cristo\u201d.<\/span><\/p>\n<p><span style=\"font-size: 14pt;\">\u201cEn el Evangelio de hoy, el Se\u00f1or Jes\u00fas, despu\u00e9s de haber llamado y enviado a la misi\u00f3n a sus disc\u00edpulos, los instruye y los prepara para afrontar las pruebas y las persecuciones que deber\u00e1n afrontar\u201d, comenz\u00f3 a explicar el Santo Padre.<\/span><\/p>\n<p><span style=\"font-size: 14pt;\">Francisco advierte que \u201cel env\u00edo a la misi\u00f3n por parte de Jes\u00fas, no garantiza a los disc\u00edpulos el \u00e9xito, as\u00ed como no les protege del fracaso y del sufrimiento. Deben contar tanto con el posible rechazo como con la persecuci\u00f3n\u201d.<\/span><\/p>\n<p><span style=\"font-size: 14pt;\">En este sentido, afirm\u00f3 que \u201cel disc\u00edpulo est\u00e1 llamado a hacer que su\u00a0<a href=\"http:\/\/www.aciprensa.com\/vida\">vida<\/a>\u00a0confluya con la de Cristo, que fue perseguido por los hombres, conoci\u00f3 el rechazo, el abandono y la muerte en la\u00a0<a href=\"http:\/\/www.aciprensa.com\/Catecismo\/lacruz.htm\">Cruz<\/a>\u201d.<\/span><\/p>\n<p><span style=\"font-size: 14pt;\">\u201cEn la misi\u00f3n cristiana \u2013continu\u00f3\u2013 no existe la bandera de la tranquilidad; las dificultades y tribulaciones forman parte de la obra de evangelizaci\u00f3n, y nosotros estamos llamados a encontrar en ellas las ocasiones para verificar la autenticidad de nuestra fe, de nuestra relaci\u00f3n con Dios\u201d.<\/span><\/p>\n<p><span style=\"font-size: 14pt;\">Por ello, \u201cdebemos considerar estas dificultades como una posibilidad para ser todav\u00eda m\u00e1s misioneros y para crecer en la confianza en Dios, nuestro Padre, que no abandona a sus hijos en la hora de la tempestad. En las dificultades del testimonio cristiano en el mundo, no hemos sido nunca olvidados, sino que siempre nos asiste la preocupaci\u00f3n amorosa del Padre\u201d.<\/span><\/p>\n<p><span style=\"font-size: 14pt;\">No obstante, el Pont\u00edfice subray\u00f3 que la realidad de las persecuciones no es algo del pasado, sino que \u201ctambi\u00e9n en nuestros d\u00edas est\u00e1 presente la persecuci\u00f3n contra los cristianos. Recemos por nuestros hermanos y hermanas que son perseguidos y demos gracias a Dios porque, a pesar de ello, contin\u00faan a dar testimonio con valent\u00eda y con fidelidad a su fe\u201d.<\/span><\/p>\n<p><span style=\"font-size: 14pt;\">El ejemplo de estos cristianos perseguidos \u201cnos ayuda a no vacilar a la hora de tomar partido en favor de Cristo, testimoni\u00e1ndolo valientemente en las situaciones de cada d\u00eda, tambi\u00e9n en contextos aparentemente tranquilos. En efecto, una forma de prueba puede ser tambi\u00e9n la existencia de hostilidad y de tribulaciones\u201d.<\/span><\/p>\n<p><span style=\"font-size: 14pt;\">Destac\u00f3 que \u201cal igual que \u2018ovejas en medio de lobos\u2019, el Se\u00f1or, tambi\u00e9n en nuestro tiempo, nos env\u00eda como centinelas en medio de gente que no quiere despertar del sue\u00f1o mundano, que ignora las palabras de Verdad del Evangelio, construy\u00e9ndose sus propias vidas ef\u00edmeras\u201d.<\/span><\/p>\n<p><span style=\"font-size: 14pt;\">Sin embargo, no quiso finalizar su discurso sin antes ofrecer la clave de la esperanza en medio de las persecuciones: \u201cEl Se\u00f1or est\u00e1 con nosotros\u201d; \u201cen medio de todo esto, el Se\u00f1or contin\u00faa a decirnos, como les dec\u00eda a los disc\u00edpulos de su tiempo: \u2018\u00a1No teng\u00e1is miedo!\u2019. No teng\u00e1is miedo de quienes os ridiculicen y os maltraten, no teng\u00e1is miedo de quien os ignore\u201d. \u201cJes\u00fas no nos deja solos porque somos muy valiosos p<\/span>ara \u00c9l\u201d.<\/p>\n","protected":false},"excerpt":{"rendered":"<p>Tweet&#8230;&#8230;&#8230; \u201cIr de misiones no es hacer turismo, es ser testigo del Se\u00f1or\u201d, recuerda el Papa Francisco \u00a0 \u2026\u2026\u2026\u2026\u2026\u2026\u2026 &nbsp; \u2026\u2026. VATICANO, 25 Jun. 17 \/ 05:21 am (ACI).- Durante el rezo del \u00c1ngelus este domingo en la Plaza de San Pedro, el Papa Francisco exhort\u00f3 a asumir la vocaci\u00f3n de todo cristiano a la [&hellip;]<\/p>\n","protected":false},"author":1,"featured_media":0,"comment_status":"open","ping_status":"open","sticky":false,"template":"","format":"standard","meta":{"footnotes":""},"categories":[4],"tags":[],"class_list":["post-39140","post","type-post","status-publish","format-standard","hentry","category-divulgacion"],"_links":{"self":[{"href":"http:\/\/www.floracantabrica.com\/index.php?rest_route=\/wp\/v2\/posts\/39140","targetHints":{"allow":["GET"]}}],"collection":[{"href":"http:\/\/www.floracantabrica.com\/index.php?rest_route=\/wp\/v2\/posts"}],"about":[{"href":"http:\/\/www.floracantabrica.com\/index.php?rest_route=\/wp\/v2\/types\/post"}],"author":[{"embeddable":true,"href":"http:\/\/www.floracantabrica.com\/index.php?rest_route=\/wp\/v2\/users\/1"}],"replies":[{"embeddable":true,"href":"http:\/\/www.floracantabrica.com\/index.php?rest_route=%2Fwp%2Fv2%2Fcomments&post=39140"}],"version-history":[{"count":2,"href":"http:\/\/www.floracantabrica.com\/index.php?rest_route=\/wp\/v2\/posts\/39140\/revisions"}],"predecessor-version":[{"id":39142,"href":"http:\/\/www.floracantabrica.com\/index.php?rest_route=\/wp\/v2\/posts\/39140\/revisions\/39142"}],"wp:attachment":[{"href":"http:\/\/www.floracantabrica.com\/index.php?rest_route=%2Fwp%2Fv2%2Fmedia&parent=39140"}],"wp:term":[{"taxonomy":"category","embeddable":true,"href":"http:\/\/www.floracantabrica.com\/index.php?rest_route=%2Fwp%2Fv2%2Fcategories&post=39140"},{"taxonomy":"post_tag","embeddable":true,"href":"http:\/\/www.floracantabrica.com\/index.php?rest_route=%2Fwp%2Fv2%2Ftags&post=39140"}],"curies":[{"name":"wp","href":"https:\/\/api.w.org\/{rel}","templated":true}]}}