{"id":39125,"date":"2017-06-21T22:41:04","date_gmt":"2017-06-21T20:41:04","guid":{"rendered":"http:\/\/www.floracantabrica.com\/?p=39125"},"modified":"2017-06-21T22:41:04","modified_gmt":"2017-06-21T20:41:04","slug":"frases-del-dia-21-6-17","status":"publish","type":"post","link":"http:\/\/www.floracantabrica.com\/?p=39125","title":{"rendered":"FRASES DEL DIA 21.6 17"},"content":{"rendered":"<p><a href=\"http:\/\/twitter.com\/share?url=http%3A%2F%2Fwww.floracantabrica.com%2F%3Fp%3D39125&amp;count=none&amp;lang=es&amp;via=lorencincoreses&amp;related=Mujerverdosa&amp;text=FRASES DEL DIA 21.6 17 - Flora Cant\u00e1brica\" class=\"twitter-share-button\">Tweet<\/a><\/p><p>,,,,,,,,,,<\/p>\n<p>,,,,,,,,,,,,,,,,,,<\/p>\n<p><span style=\"font-size: 14pt;\"><strong>\u00bfQu\u00e9 hay que hacer para ser santos en la vida cotidiana? El Papa Francisco responde<\/strong><\/span><\/p>\n<p>&nbsp;<\/p>\n<p><a href=\"http:\/\/www.floracantabrica.com\/wp-content\/uploads\/2017\/05\/image00217.jpg\"><img loading=\"lazy\" decoding=\"async\" class=\"aligncenter size-full wp-image-39006\" src=\"http:\/\/www.floracantabrica.com\/wp-content\/uploads\/2017\/05\/image00217.jpg\" alt=\"image002\" width=\"567\" height=\"799\" srcset=\"http:\/\/www.floracantabrica.com\/wp-content\/uploads\/2017\/05\/image00217.jpg 567w, http:\/\/www.floracantabrica.com\/wp-content\/uploads\/2017\/05\/image00217-212x300.jpg 212w\" sizes=\"auto, (max-width: 567px) 100vw, 567px\" \/><\/a><\/p>\n<p>&nbsp;<\/p>\n<p><span style=\"font-size: 14pt;\">ebrada en la Plaza de San Pedro en el Vaticano, el Papa Francisco explic\u00f3 que para ser santos \u00abno es necesario estar rezando todo el d\u00eda\u00bb, y asegur\u00f3 que lo que hay que hacer es \u00abcumplir con nuestro deber con el coraz\u00f3n abierto a Dios\u00bb.<\/span><\/p>\n<p>&nbsp;<\/p>\n<p><span style=\"font-size: 14pt;\">\u201cPensamos que es algo dif\u00edcil, ser santos. Que es m\u00e1s f\u00e1cil ser delincuente que santo. \u00a1No! Ser santo se puede porque nos ayuda el Se\u00f1or. Es \u00c9l quien nos ayuda\u201d.<\/span><\/p>\n<p>&nbsp;<\/p>\n<p><span style=\"font-size: 14pt;\">En una nueva <a href=\"http:\/\/www.aciprensa.com\/catequesis\/index.html\">catequesis<\/a> centrada en la esperanza, el Santo Padre reflexion\u00f3 sobre los santos, \u201ctestimonios y compa\u00f1eros de la esperanza\u201d. Record\u00f3 c\u00f3mo \u201cen el d\u00eda de nuestro Bautismo reson\u00f3, por nosotros, la invocaci\u00f3n de los santos. Muchos de nosotros, en aquel momento, \u00e9ramos ni\u00f1os, y nos llevaban en los brazos de nuestros padres\u201d.<\/span><\/p>\n<p>&nbsp;<\/p>\n<p><span style=\"font-size: 14pt;\">Esa ocasi\u00f3n, subray\u00f3 el Pont\u00edfice, \u201cfue la primera en la que, en el transcurso de nuestra <a href=\"http:\/\/www.aciprensa.com\/vida\">vida<\/a>, se nos regal\u00f3 esta compa\u00f1\u00eda de nuestros hermanos y hermanas mayores que pasaron por el mismo camino que nosotros, que conocieron nuestras mismas fatigas y que viven para siempre en el abrazo de Dios\u201d.<\/span><\/p>\n<p>&nbsp;<\/p>\n<p><span style=\"font-size: 14pt;\">\u201cDios no nos abandona jam\u00e1s\u201d, asegur\u00f3. \u201cEn toda ocasi\u00f3n en que estemos necesitados, vendr\u00e1 uno de sus \u00e1ngeles a infundirnos consuelo\u201d. \u201cLos santos de Dios est\u00e1n siempre aqu\u00ed, ocultos en medio de nosotros\u201d.<\/span><\/p>\n<p>&nbsp;<\/p>\n<p><span style=\"font-size: 14pt;\">Ahora bien, plante\u00f3 el Papa, \u201calguno de vosotros podr\u00e1 preguntarme: \u2018Pero Padre, \u00bfse puede ser Santo en la vida de cada d\u00eda?\u2019. \u2018S\u00ed, se puede\u2019. \u2018\u00bfPero eso significa que tengo que rezar todo el d\u00eda?\u2019. \u2018No. Eso significa que t\u00fa <strong>tienes que cumplir con tu deber todo el d\u00eda: rezar, ir al trabajo, cuidar a los hijos\u2026 Y hacerlo todo con el coraz\u00f3n abierto a Dios<\/strong>. Con esa alegr\u00eda de que ese trabajo, tambi\u00e9n en la enfermedad, el sufrimiento, la dificultad, est\u00e9 abierto a Dios. Y as\u00ed seremos santos\u201d.<\/span><\/p>\n<p><span style=\"font-size: 14pt;\">Francisco destac\u00f3 que \u201clos cristianos, en la lucha contra el<\/span><\/p>\n<p><span style=\"font-size: 14pt;\"> mal, no desesperan. El cristianismo cultiva una confianza ciega: no cree que las fuerzas negativas y destructoras puedan prevalecer. La \u00faltima palabra de la historia del hombre no es el odio, no es la muerte, no es la guerra. En todo momento de la vida nos asiste la mano de Dios, y tambi\u00e9n la discreta presencia de todos los creyentes que nos han precedido en el signo de la fe\u201d.<\/span><\/p>\n<p>&nbsp;<\/p>\n<p><span style=\"font-size: 14pt;\">\u201cSu asistencia nos dice, ante todo, que la vida cristiana no es un ideal inalcanzable. Y al mismo tiempo nos conforta: no estamos solos, la <a href=\"http:\/\/www.aciprensa.com\/iglesia\/index.html\">Iglesia<\/a> est\u00e1 hecha de innumerables hermanos, con frecuencia an\u00f3nimo, que nos han precedido y que, por la acci\u00f3n del Esp\u00edritu Santo, est\u00e1n involucrados en los asuntos de los que todav\u00eda viven aqu\u00ed\u201d.<\/span><\/p>\n<p>&nbsp;<\/p>\n<p><span style=\"font-size: 14pt;\">El Obispo de Roma insisti\u00f3 en que la invocaci\u00f3n de los santos durante el Bautismo \u201cno es la \u00fanica invocaci\u00f3n de los santos que muestra el camino de la vida cristiana\u201d; y como ejemplo cit\u00f3 los <a href=\"http:\/\/www.aciprensa.com\/sacramentos\/index.html\">sacramentos<\/a> del <a href=\"http:\/\/www.aciprensa.com\/Familia\/matrimonio.htm\">matrimonio<\/a> y del <a href=\"http:\/\/www.aciprensa.com\/sacerdocio\/index.html\">sacerdocio<\/a>:<\/span><\/p>\n<p>&nbsp;<\/p>\n<p><span style=\"font-size: 14pt;\">\u201c<strong>Cuando dos novios consagran su amor en el sacramento del Matrimonio \u2013afirm\u00f3\u2013, se invoca de nuevo para ellos, en esta ocasi\u00f3n como pareja, la intercesi\u00f3n de los santos<\/strong>. Y esta invocaci\u00f3n es fuente de fe para los dos j\u00f3venes que inician el viaje de la vida conyugal\u201d.<\/span><\/p>\n<p>&nbsp;<\/p>\n<p><span style=\"font-size: 14pt;\">E<strong>n relaci\u00f3n al matrimonio, indic\u00f3 que \u201cquien ama verdaderamente tiene el deseo y la valent\u00eda de decir \u2018para siempre\u2019\u201d, y si no est\u00e1n dispuestos a decir \u201cpara siempre\u201d, \u201c\u00a1que no se casen! O para siempre, o nada.<\/strong> No obstante, saben que tiene necesidad de la gracia de Cristo y de la ayuda de los santos. Por eso, en la liturgia nupcial se invoca su presencia\u201d.<\/span><\/p>\n<p>&nbsp;<\/p>\n<p><span style=\"font-size: 14pt;\">Sobre el sacramento del sacerdocio, record\u00f3 que \u201ctambi\u00e9n los sacerdotes custodiamos el recuerdo de una invocaci\u00f3n de santos pronunciada ante ellos. Es uno de los momentos m\u00e1s importantes de la liturgia de la ordenaci\u00f3n. Los candidatos se echan sobre tierra, con la cara hacia el suelo. Y toda la asamblea, guiada por el Obispo, invoca la intercesi\u00f3n de los santos\u201d.<\/span><\/p>\n<p>&nbsp;<\/p>\n<p><span style=\"font-size: 14pt;\">\u201cSomos polvo que aspira al <a href=\"http:\/\/www.aciprensa.com\/Docum\/cat-cielo.htm\">cielo<\/a>. D\u00e9biles de fuerzas, pero potentes en el misterio de la gracia que est\u00e1 presente en la vida de los cristianos\u201d, finaliz\u00f3.<\/span><\/p>\n<p>&nbsp;<\/p>\n<p><span style=\"font-size: 14pt;\"><strong><em>Tambi\u00e9n te puede interesar:<\/em><\/strong><\/span><\/p>\n<p><span style=\"font-size: 14pt;\">\u00a0<\/span><\/p>\n","protected":false},"excerpt":{"rendered":"<p>Tweet,,,,,,,,,, ,,,,,,,,,,,,,,,,,, \u00bfQu\u00e9 hay que hacer para ser santos en la vida cotidiana? El Papa Francisco responde &nbsp; &nbsp; ebrada en la Plaza de San Pedro en el Vaticano, el Papa Francisco explic\u00f3 que para ser santos \u00abno es necesario estar rezando todo el d\u00eda\u00bb, y asegur\u00f3 que lo que hay que hacer es \u00abcumplir [&hellip;]<\/p>\n","protected":false},"author":1,"featured_media":0,"comment_status":"open","ping_status":"open","sticky":false,"template":"","format":"standard","meta":{"footnotes":""},"categories":[4,7],"tags":[],"class_list":["post-39125","post","type-post","status-publish","format-standard","hentry","category-divulgacion","category-mis-dibujos"],"_links":{"self":[{"href":"http:\/\/www.floracantabrica.com\/index.php?rest_route=\/wp\/v2\/posts\/39125","targetHints":{"allow":["GET"]}}],"collection":[{"href":"http:\/\/www.floracantabrica.com\/index.php?rest_route=\/wp\/v2\/posts"}],"about":[{"href":"http:\/\/www.floracantabrica.com\/index.php?rest_route=\/wp\/v2\/types\/post"}],"author":[{"embeddable":true,"href":"http:\/\/www.floracantabrica.com\/index.php?rest_route=\/wp\/v2\/users\/1"}],"replies":[{"embeddable":true,"href":"http:\/\/www.floracantabrica.com\/index.php?rest_route=%2Fwp%2Fv2%2Fcomments&post=39125"}],"version-history":[{"count":3,"href":"http:\/\/www.floracantabrica.com\/index.php?rest_route=\/wp\/v2\/posts\/39125\/revisions"}],"predecessor-version":[{"id":39129,"href":"http:\/\/www.floracantabrica.com\/index.php?rest_route=\/wp\/v2\/posts\/39125\/revisions\/39129"}],"wp:attachment":[{"href":"http:\/\/www.floracantabrica.com\/index.php?rest_route=%2Fwp%2Fv2%2Fmedia&parent=39125"}],"wp:term":[{"taxonomy":"category","embeddable":true,"href":"http:\/\/www.floracantabrica.com\/index.php?rest_route=%2Fwp%2Fv2%2Fcategories&post=39125"},{"taxonomy":"post_tag","embeddable":true,"href":"http:\/\/www.floracantabrica.com\/index.php?rest_route=%2Fwp%2Fv2%2Ftags&post=39125"}],"curies":[{"name":"wp","href":"https:\/\/api.w.org\/{rel}","templated":true}]}}