{"id":39083,"date":"2017-06-16T21:50:04","date_gmt":"2017-06-16T19:50:04","guid":{"rendered":"http:\/\/www.floracantabrica.com\/?p=39083"},"modified":"2017-06-16T21:51:33","modified_gmt":"2017-06-16T19:51:33","slug":"frases-del-dia-16-6-17","status":"publish","type":"post","link":"http:\/\/www.floracantabrica.com\/?p=39083","title":{"rendered":"Frases del dia 16. 6 .17"},"content":{"rendered":"<p><a href=\"http:\/\/twitter.com\/share?url=http%3A%2F%2Fwww.floracantabrica.com%2F%3Fp%3D39083&amp;count=none&amp;lang=es&amp;via=lorencincoreses&amp;related=Mujerverdosa&amp;text=Frases del dia 16. 6 .17 - Flora Cant\u00e1brica\" class=\"twitter-share-button\">Tweet<\/a><\/p><p>&#8230;&#8230;&#8230;&#8230;&#8230;.<\/p>\n<p><span style=\"font-size: 14pt;\"><strong>Papa Francisco: Si pensamos que no necesitamos la ayuda de Dios somos unos hip\u00f3critas<\/strong><\/span><\/p>\n<p>&#8230;&#8230;&#8230;..<\/p>\n<p>&nbsp;<\/p>\n<p><a href=\"http:\/\/www.floracantabrica.com\/wp-content\/uploads\/2017\/06\/image002.gif\"><img loading=\"lazy\" decoding=\"async\" class=\"aligncenter size-full wp-image-39042\" src=\"http:\/\/www.floracantabrica.com\/wp-content\/uploads\/2017\/06\/image002.gif\" alt=\"image002\" width=\"480\" height=\"360\" \/><\/a><\/p>\n<p>,,,,,,,,,<\/p>\n<p>&nbsp;<\/p>\n<p><span style=\"font-size: 14pt;\">VATICANO, 16 Jun. 17 \/ 04:17 am (<strong><a href=\"http:\/\/www.aciprensa.com\/\">ACI<\/a><\/strong>).- El Papa Francisco invit\u00f3 esta ma\u00f1ana a ser \u201cconsciente\u201d de que somos \u201cd\u00e9biles, pecadores\u201d y sin el poder de Dios \u00abno podemos ir adelante\u201d.<\/span><\/p>\n<p>&nbsp;<\/p>\n<p><span style=\"font-size: 14pt;\">En la <a href=\"http:\/\/www.aciprensa.com\/Eucaristia\/index.html\">Misa<\/a> que celebr\u00f3 en Santa Marta, el Pont\u00edfice explic\u00f3 que \u201csomos de barro\u201d porque \u201ces la potencia de Dios, la fuerza que salva, que cura, que nos pone en pie\u201d.<\/span><\/p>\n<p>&nbsp;<\/p>\n<p><span style=\"font-size: 14pt;\">\u201c<strong>Todos nosotros somos vulnerables, fr\u00e1giles, d\u00e9biles, y tenemos necesidad de ser curados. Y San Pablo lo dice: &#8216;somos atribulados, somos perseguidos, golpeados&#8217;,<\/strong> como manifestaci\u00f3n de nuestra debilidad, de la debilidad de Pablo, manifestaci\u00f3n del barro. Y esta es nuestra vulnerabilidad\u201d.<\/span><\/p>\n<p>&nbsp;<\/p>\n<p><span style=\"font-size: 14pt;\">\u201cA veces buscamos cubrir la vulnerabilidad, que no se vea; o maquillarla, para que no se vea; o disimular\u2026 el mismo Pablo, al inicio de este cap\u00edtulo dice: \u2018Cuando he ca\u00eddo en el disimulo vergonzoso\u2019. Los disimulos son vergonzosos, siempre. Son hip\u00f3critas\u201d, dijo el Papa.<\/span><\/p>\n<p>&nbsp;<\/p>\n<p><span style=\"font-size: 14pt;\">En la homil\u00eda tambi\u00e9n advirti\u00f3 del peligro de creer \u201cser otra cosa\u201d y pensar que \u201cno tenemos necesidad de sanar y de ser ayudados\u201d. Y decimos: \u2018no estoy hecho de barro\u201d porque tengo \u201cun tesoro que es m\u00edo\u201d.<\/span><\/p>\n<p>&nbsp;<\/p>\n<p><span style=\"font-size: 14pt;\">\u201cEste es el camino hacia la vanidad, la soberbia, la autorreferencialidad de aquellos que no sinti\u00e9ndose barro buscan la salvaci\u00f3n, la plenitud de s\u00ed mismos. Pero la potencia de Dios es aquella que nos salva porque nuestra vulnerabilidad Pablo la reconoce: \u2018Somos atribulados, pero no aplastados\u2019. No aplastados porque la potencia de Dios nos salva.<\/span><\/p>\n<p>&nbsp;<\/p>\n<p><span style=\"font-size: 14pt;\">\u201cSomos puestos en apuros, pero no desesperamos. Hay algo de Dios que nos da esperanza. Somos perseguidos, pero no abandonados; golpeados, pero no aniquilados. Siempre existe esta relaci\u00f3n entre el barro y la potencia, el barro y el tesoro\u201d.<\/span><\/p>\n<p>&nbsp;<\/p>\n<p><span style=\"font-size: 14pt;\">\u201c<strong>Tenemos un tesoro en vasos de barro.<\/strong> Pero la tentaci\u00f3n es siempre la misma: cubrir, disimular, no creer que somos de barro. Esa es la hipocres\u00eda frente a nosotros mismos\u201d, a\u00f1adi\u00f3.<\/span><\/p>\n<p>&nbsp;<\/p>\n<p><span style=\"font-size: 14pt;\">Francisco habl\u00f3 del sacramento de la Confesi\u00f3n \u201ccuando decimos los pecados como si fuese una lista de precios en el mercado\u201d pensando en \u201cblanquear un poco el barro\u201d en lugar de aceptar la debilidad y avergonzarnos.<\/span><\/p>\n<p>&nbsp;<\/p>\n<p><span style=\"font-size: 14pt;\">\u201cY la verg\u00fcenza, esa que se alarga en el coraz\u00f3n para que entre la potencia de Dios, la fuerza de Dios. La verg\u00fcenza de ser de barro y no ser un vaso de plata o de oro. De ser barro. Y si nosotros llegamos a este punto seremos felices. Seremos muy felices. El di\u00e1logo entre la potencia de Dios y el barro: pensemos en el lavatorio de los pies, cuando Jes\u00fas se acerca a Pedro y Pedro le dice: \u2018No, a m\u00ed no Se\u00f1or\u2019.\u00a0 No hab\u00eda entendido Pedro que era de barro, que tiene necesidad de la potencia del Se\u00f1or para ser salvado\u201d.\u00a0<\/span><\/p>\n<p>&nbsp;<\/p>\n","protected":false},"excerpt":{"rendered":"<p>Tweet&#8230;&#8230;&#8230;&#8230;&#8230;. Papa Francisco: Si pensamos que no necesitamos la ayuda de Dios somos unos hip\u00f3critas &#8230;&#8230;&#8230;.. &nbsp; ,,,,,,,,, &nbsp; VATICANO, 16 Jun. 17 \/ 04:17 am (ACI).- El Papa Francisco invit\u00f3 esta ma\u00f1ana a ser \u201cconsciente\u201d de que somos \u201cd\u00e9biles, pecadores\u201d y sin el poder de Dios \u00abno podemos ir adelante\u201d. &nbsp; En la Misa [&hellip;]<\/p>\n","protected":false},"author":1,"featured_media":0,"comment_status":"open","ping_status":"open","sticky":false,"template":"","format":"standard","meta":{"footnotes":""},"categories":[4,7],"tags":[],"class_list":["post-39083","post","type-post","status-publish","format-standard","hentry","category-divulgacion","category-mis-dibujos"],"_links":{"self":[{"href":"http:\/\/www.floracantabrica.com\/index.php?rest_route=\/wp\/v2\/posts\/39083","targetHints":{"allow":["GET"]}}],"collection":[{"href":"http:\/\/www.floracantabrica.com\/index.php?rest_route=\/wp\/v2\/posts"}],"about":[{"href":"http:\/\/www.floracantabrica.com\/index.php?rest_route=\/wp\/v2\/types\/post"}],"author":[{"embeddable":true,"href":"http:\/\/www.floracantabrica.com\/index.php?rest_route=\/wp\/v2\/users\/1"}],"replies":[{"embeddable":true,"href":"http:\/\/www.floracantabrica.com\/index.php?rest_route=%2Fwp%2Fv2%2Fcomments&post=39083"}],"version-history":[{"count":5,"href":"http:\/\/www.floracantabrica.com\/index.php?rest_route=\/wp\/v2\/posts\/39083\/revisions"}],"predecessor-version":[{"id":39088,"href":"http:\/\/www.floracantabrica.com\/index.php?rest_route=\/wp\/v2\/posts\/39083\/revisions\/39088"}],"wp:attachment":[{"href":"http:\/\/www.floracantabrica.com\/index.php?rest_route=%2Fwp%2Fv2%2Fmedia&parent=39083"}],"wp:term":[{"taxonomy":"category","embeddable":true,"href":"http:\/\/www.floracantabrica.com\/index.php?rest_route=%2Fwp%2Fv2%2Fcategories&post=39083"},{"taxonomy":"post_tag","embeddable":true,"href":"http:\/\/www.floracantabrica.com\/index.php?rest_route=%2Fwp%2Fv2%2Ftags&post=39083"}],"curies":[{"name":"wp","href":"https:\/\/api.w.org\/{rel}","templated":true}]}}