{"id":38977,"date":"2017-06-06T22:23:15","date_gmt":"2017-06-06T20:23:15","guid":{"rendered":"http:\/\/www.floracantabrica.com\/?p=38977"},"modified":"2017-06-06T22:23:15","modified_gmt":"2017-06-06T20:23:15","slug":"frases-del-dia-66-17","status":"publish","type":"post","link":"http:\/\/www.floracantabrica.com\/?p=38977","title":{"rendered":"Frases del dia 6,6 .17"},"content":{"rendered":"<p><a href=\"http:\/\/twitter.com\/share?url=http%3A%2F%2Fwww.floracantabrica.com%2F%3Fp%3D38977&amp;count=none&amp;lang=es&amp;via=lorencincoreses&amp;related=Mujerverdosa&amp;text=Frases del dia 6,6 .17 - Flora Cant\u00e1brica\" class=\"twitter-share-button\">Tweet<\/a><\/p><p>&#8230;&#8230;&#8230;&#8230;&#8230;&#8230;&#8230;&#8230;<\/p>\n<p><span style=\"font-size: 14pt;\"><strong>Papa Francisco: \u00bfEres un hip\u00f3crita? Este es el da\u00f1o que provocas<\/strong><\/span><\/p>\n<p>&nbsp;<\/p>\n<p>&#8230;&#8230;&#8230;&#8230;&#8230;&#8230;..<\/p>\n<p><a href=\"http:\/\/www.floracantabrica.com\/wp-content\/uploads\/2017\/05\/image001.png\"><img loading=\"lazy\" decoding=\"async\" class=\"aligncenter size-full wp-image-38864\" src=\"http:\/\/www.floracantabrica.com\/wp-content\/uploads\/2017\/05\/image001.png\" alt=\"image001\" width=\"960\" height=\"720\" srcset=\"http:\/\/www.floracantabrica.com\/wp-content\/uploads\/2017\/05\/image001.png 960w, http:\/\/www.floracantabrica.com\/wp-content\/uploads\/2017\/05\/image001-300x225.png 300w\" sizes=\"auto, (max-width: 960px) 100vw, 960px\" \/><\/a><\/p>\n<p>&nbsp;<\/p>\n<p>&nbsp;<\/p>\n<p><span style=\"font-size: 14pt;\">VATICANO, 06 Jun. 17 \/ 04:48 am (<strong><a href=\"http:\/\/www.aciprensa.com\/\">ACI<\/a><\/strong>).- En la homil\u00eda de la <a href=\"http:\/\/www.aciprensa.com\/Eucaristia\/index.html\">Misa<\/a> celebrada en la Casa Santa Marta, en el Vaticano, el Papa Francisco advirti\u00f3 contra los hip\u00f3critas y llam\u00f3 a estar vigilantes, <strong>pues \u201cel hip\u00f3crita puede destruir una comunidad\u201d cristiana<\/strong>.<\/span><\/p>\n<p>&nbsp;<\/p>\n<p><span style=\"font-size: 14pt;\">\u201c<strong>Un cristiano no puede ser hip\u00f3crita, y un hip\u00f3crita no puede ser cristiano\u201d<\/strong>, advirti\u00f3. \u201cEsto es as\u00ed de claro. Este es el adjetivo que Jes\u00fas usa con esa gente: hip\u00f3crita. Veamos c\u00f3mo proceden. El hip\u00f3crita siempre es un adulador, en tono mayor o en tono menor, pero es un adulador\u201d.<\/span><\/p>\n<p><span style=\"font-size: 14pt;\">As\u00ed, puso como ejemplo cuando los doctores de la Ley quieren poner a prueba a Jes\u00fas y comienzan adul\u00e1ndolo para, a continuaci\u00f3n, hacerle una pregunta para que caiga en una trama: \u201c\u00bfEs justo pagar al C\u00e9sar?\u201d.<\/span><\/p>\n<p>&nbsp;<\/p>\n<p><span style=\"font-size: 14pt;\">\u201cEl hip\u00f3crita tiene esa doble cara \u2013se\u00f1al\u00f3\u2013. Pero Jes\u00fas, conociendo su hipocres\u00eda, dice claramente: \u2018\u00bfPor qu\u00e9 me quer\u00e9is poner a prueba? Dadme un denario, quiero verlo\u2019. A los hip\u00f3critas, Jes\u00fas siempre les responde con la realidad. La realidad es esta, que es lo contrario a la hipocres\u00eda o a la ideolog\u00eda. Y el Se\u00f1or, con sabidur\u00eda, les muestra la realidad: \u2018Dad al C\u00e9sar lo que es del C\u00e9sar \u2013porque la realidad es que el denario ten\u00eda grabado el rostro del C\u00e9sar\u2013 y a Dios lo que es de Dios\u201d.<\/span><\/p>\n<p>&nbsp;<\/p>\n<p><span style=\"font-size: 14pt;\">El Pont\u00edfice continu\u00f3 explicando los elementos que caracterizan al hip\u00f3crita. \u201c<strong>El lenguaje de la hipocres\u00eda es el lenguaje del enga\u00f1o,<\/strong> es el mismo lenguaje de la serpiente que enga\u00f1\u00f3 a Eva\u201d. \u201cDesgarra la personalidad y el alma de una persona. Mata la comunidad. <strong>Cuando hay un hip\u00f3crita en la comunidad, hay un peligro muy grande<\/strong>\u201d, advirti\u00f3.<\/span><\/p>\n<p>&nbsp;<\/p>\n<p>&nbsp;<\/p>\n<p><span style=\"font-size: 14pt;\">En contra, anim\u00f3 a que \u201cvuestro lenguaje sea \u2018s\u00ed, s\u00ed\u2019, o \u2018no, no\u2019. Lo superfluo procede del maligno\u201d. Francisco lament\u00f3 el mal que hace la hipocres\u00eda a la <a href=\"http:\/\/www.aciprensa.com\/iglesia\/index.html\">Iglesia<\/a> y pidi\u00f3 a los cristianos estar alerta ante \u201caquellos que caen en esa actitud pecaminosa que mata\u201d.<\/span><\/p>\n<p><span style=\"font-size: 14pt;\">\u201cEl hip\u00f3crita es capaz de destruir una comunidad. Est\u00e1 hablando dulcemente, y al mismo tiempo est\u00e1 juzgando feamente a una persona. El hip\u00f3crita es un asesino. Su lenguaje es el mismo lenguaje del diablo que propaga esa lengua b\u00edfida en la comunidad para destruirla\u201d.<\/span><\/p>\n<p>&nbsp;<\/p>\n<p><span style=\"font-size: 14pt;\">El Santo Padre finaliz\u00f3 la homil\u00eda aconsejando c\u00f3mo responder al hip\u00f3crita: \u201ccuando comience con la adulaci\u00f3n se le responde con la realidad. Que no venga con esas historias, la realidad es esta. Lo mismo cuando vienen con la ideolog\u00eda: la realidad es esta\u201d.<\/span><\/p>\n<p><span style=\"font-size: 14pt;\">\u00a0<\/span><\/p>\n","protected":false},"excerpt":{"rendered":"<p>Tweet&#8230;&#8230;&#8230;&#8230;&#8230;&#8230;&#8230;&#8230; Papa Francisco: \u00bfEres un hip\u00f3crita? Este es el da\u00f1o que provocas &nbsp; &#8230;&#8230;&#8230;&#8230;&#8230;&#8230;.. &nbsp; &nbsp; VATICANO, 06 Jun. 17 \/ 04:48 am (ACI).- En la homil\u00eda de la Misa celebrada en la Casa Santa Marta, en el Vaticano, el Papa Francisco advirti\u00f3 contra los hip\u00f3critas y llam\u00f3 a estar vigilantes, pues \u201cel hip\u00f3crita puede [&hellip;]<\/p>\n","protected":false},"author":1,"featured_media":0,"comment_status":"open","ping_status":"open","sticky":false,"template":"","format":"standard","meta":{"footnotes":""},"categories":[1,4,7],"tags":[],"class_list":["post-38977","post","type-post","status-publish","format-standard","hentry","category-flora","category-divulgacion","category-mis-dibujos"],"_links":{"self":[{"href":"http:\/\/www.floracantabrica.com\/index.php?rest_route=\/wp\/v2\/posts\/38977","targetHints":{"allow":["GET"]}}],"collection":[{"href":"http:\/\/www.floracantabrica.com\/index.php?rest_route=\/wp\/v2\/posts"}],"about":[{"href":"http:\/\/www.floracantabrica.com\/index.php?rest_route=\/wp\/v2\/types\/post"}],"author":[{"embeddable":true,"href":"http:\/\/www.floracantabrica.com\/index.php?rest_route=\/wp\/v2\/users\/1"}],"replies":[{"embeddable":true,"href":"http:\/\/www.floracantabrica.com\/index.php?rest_route=%2Fwp%2Fv2%2Fcomments&post=38977"}],"version-history":[{"count":1,"href":"http:\/\/www.floracantabrica.com\/index.php?rest_route=\/wp\/v2\/posts\/38977\/revisions"}],"predecessor-version":[{"id":38978,"href":"http:\/\/www.floracantabrica.com\/index.php?rest_route=\/wp\/v2\/posts\/38977\/revisions\/38978"}],"wp:attachment":[{"href":"http:\/\/www.floracantabrica.com\/index.php?rest_route=%2Fwp%2Fv2%2Fmedia&parent=38977"}],"wp:term":[{"taxonomy":"category","embeddable":true,"href":"http:\/\/www.floracantabrica.com\/index.php?rest_route=%2Fwp%2Fv2%2Fcategories&post=38977"},{"taxonomy":"post_tag","embeddable":true,"href":"http:\/\/www.floracantabrica.com\/index.php?rest_route=%2Fwp%2Fv2%2Ftags&post=38977"}],"curies":[{"name":"wp","href":"https:\/\/api.w.org\/{rel}","templated":true}]}}