{"id":38971,"date":"2017-06-04T22:29:01","date_gmt":"2017-06-04T20:29:01","guid":{"rendered":"http:\/\/www.floracantabrica.com\/?p=38971"},"modified":"2017-06-04T22:29:01","modified_gmt":"2017-06-04T20:29:01","slug":"frases-del-dia-4617","status":"publish","type":"post","link":"http:\/\/www.floracantabrica.com\/?p=38971","title":{"rendered":"FRASES DEL DIA 4,6,17"},"content":{"rendered":"<p><a href=\"http:\/\/twitter.com\/share?url=http%3A%2F%2Fwww.floracantabrica.com%2F%3Fp%3D38971&amp;count=none&amp;lang=es&amp;via=lorencincoreses&amp;related=Mujerverdosa&amp;text=FRASES DEL DIA 4,6,17 - Flora Cant\u00e1brica\" class=\"twitter-share-button\">Tweet<\/a><\/p><p>,,,,,,,,,<\/p>\n<p>&nbsp;<\/p>\n<p><a href=\"http:\/\/www.floracantabrica.com\/wp-content\/uploads\/2017\/05\/image001.png\"><img loading=\"lazy\" decoding=\"async\" class=\"aligncenter size-full wp-image-38864\" src=\"http:\/\/www.floracantabrica.com\/wp-content\/uploads\/2017\/05\/image001.png\" alt=\"image001\" width=\"960\" height=\"720\" srcset=\"http:\/\/www.floracantabrica.com\/wp-content\/uploads\/2017\/05\/image001.png 960w, http:\/\/www.floracantabrica.com\/wp-content\/uploads\/2017\/05\/image001-300x225.png 300w\" sizes=\"auto, (max-width: 960px) 100vw, 960px\" \/><\/a>,,,,,,,,,<\/p>\n<p>&nbsp;<\/p>\n<p><span style=\"font-size: 14pt;\"><strong>El Esp\u00edritu Santo convierte hombres temerosos en valientes cristianos, asegura el Papa<\/strong><\/span><\/p>\n<p>&nbsp;<\/p>\n<p>&nbsp;<\/p>\n<p><span style=\"font-size: 14pt;\">ATICANO, 03 Jun. 17 \/ 01:28 pm (<strong><a href=\"http:\/\/www.aciprensa.com\/\">ACI<\/a><\/strong>).- Durante la Vigilia Ecum\u00e9nica de Pentecost\u00e9s, el Papa Francisco asegur\u00f3 que \u201cla obra del Esp\u00edritu Santo transforma hombres cerrados a causa del miedo en valientes testigos de Jes\u00fas\u201d, como hizo por ejemplo con el ap\u00f3stol Pedro, quien hab\u00eda negado tres veces a Cristo.<\/span><\/p>\n<p>&nbsp;<\/p>\n<p><span style=\"font-size: 14pt;\">El Santo Padre presidi\u00f3 la vigilia en el Circo M\u00e1ximo de Roma y en la que participaron m\u00e1s de 30 mil personas, la gran mayor\u00eda miembros de la Renovaci\u00f3n Carism\u00e1tica Cat\u00f3lica Mundial que este 2017 celebra su 50\u00b0 aniversario de fundaci\u00f3n.<\/span><\/p>\n<p>&nbsp;<\/p>\n<p>&nbsp;<\/p>\n<p>&nbsp;<\/p>\n<p><span style=\"font-size: 14pt;\">Las celebraciones por el Jubileo de Oro de la Renovaci\u00f3n Carism\u00e1tica se iniciaron en la\u00a0<a href=\"http:\/\/www.aciprensa.com\/santasede\/index.html\">Santa Sede<\/a>\u00a0el 31 de mayo con simposios, visitas a los centros de oraci\u00f3n, entre otras actividades, y culminar\u00e1n ma\u00f1ana con la\u00a0<a href=\"http:\/\/www.aciprensa.com\/Eucaristia\/index.html\">Misa<\/a>\u00a0de Pentecost\u00e9s que presidir\u00e1 el Pont\u00edfice.<\/span><\/p>\n<p>&nbsp;<\/p>\n<p><span style=\"font-size: 14pt;\">Ante los miles de fieles y miembros de otras confesiones cristianas, el Santo Padre record\u00f3 el pasaje de los Hechos de los Ap\u00f3stoles que narra la llegada del Esp\u00edritu Santo al cen\u00e1culo, donde estaban reunidos los disc\u00edpulos de Jes\u00fas. \u201cHoy estamos aqu\u00ed como en un cen\u00e1culo pero a\u00a0<a href=\"http:\/\/www.aciprensa.com\/Docum\/cat-cielo.htm\">cielo<\/a>\u00a0abierto porque no tenemos miedo. A cielo abierto, con el coraz\u00f3n abierto a la promesa del Padre. Todos reunidos, todos aquellos que profesamos que Jes\u00fas es el Se\u00f1or\u201d, afirm\u00f3.<\/span><\/p>\n<p>&nbsp;<\/p>\n<p><span style=\"font-size: 14pt;\">El Pont\u00edfice record\u00f3 que la misi\u00f3n de los disc\u00edpulos de Jes\u00fas es anunciar la Buena Nueva del Evangelio a todos los pueblos y que la paz es posible. Esto, afirm\u00f3, \u201ces posible si estamos en paz entre nosotros\u201d los cristianos, pero no lo ser\u00e1 si \u201cacentuamos las\u00a0 diferencias y estamos en guerra entre nosotros\u201d.<\/span><\/p>\n<p>&nbsp;<\/p>\n<p><span style=\"font-size: 14pt;\">El Papa se\u00f1al\u00f3 que \u201ces obvio que tenemos diferencias, pero deseamos ser una diversidad reconciliada\u201d. En ese sentido, record\u00f3 que la Renovaci\u00f3n Carism\u00e1tica Cat\u00f3lica, a la que llam\u00f3 \u201cuna corriente de gracia del Esp\u00edritu\u201d, \u201cnaci\u00f3 ecum\u00e9nica porque el Esp\u00edritu Santo es el que crea la unidad\u201d.<\/span><\/p>\n<p>&nbsp;<\/p>\n<p><span style=\"font-size: 14pt;\">En ese sentido, el Santo Padre se\u00f1al\u00f3 que se escogi\u00f3 el Circo M\u00e1ximo para celebrar la Vigilia de Pentecost\u00e9s \u201cporque aqu\u00ed durante las persecuciones fueron martirizados muchos cristianos, por la diversi\u00f3n de aquellos que estaban mirando\u201d.<\/span><\/p>\n<p>&nbsp;<\/p>\n<p><span style=\"font-size: 14pt;\">\u201c<strong>Hoy existen m\u00e1s m\u00e1rtires que ayer. Aquellos que matan a los cristianos, no les preguntan si eres ortodoxo, cat\u00f3lico, evang\u00e9lico, luterano o calvinista. No. \u2018T\u00fa eres cristiano\u2019 y enseguida lo degollan. Y esto es el ecumenismo de la sangre\u201d, expres<\/strong>\u00f3.<\/span><\/p>\n<p>&nbsp;<\/p>\n<p><span style=\"font-size: 14pt;\"><strong>Francisco dijo que \u201choy es m\u00e1s urgente que antes la unidad de los cristianos<\/strong>. Unidos pero por obra del Esp\u00edritu Santo (\u2026), y juntos tratar de explicar las diferencias, pero en camino\u201d porque el Esp\u00edritu necesita el camino.<\/span><\/p>\n<p>&nbsp;<\/p>\n<p><span style=\"font-size: 14pt;\">\u00a0<\/span><\/p>\n","protected":false},"excerpt":{"rendered":"<p>Tweet,,,,,,,,, &nbsp; ,,,,,,,,, &nbsp; El Esp\u00edritu Santo convierte hombres temerosos en valientes cristianos, asegura el Papa &nbsp; &nbsp; ATICANO, 03 Jun. 17 \/ 01:28 pm (ACI).- Durante la Vigilia Ecum\u00e9nica de Pentecost\u00e9s, el Papa Francisco asegur\u00f3 que \u201cla obra del Esp\u00edritu Santo transforma hombres cerrados a causa del miedo en valientes testigos de Jes\u00fas\u201d, como [&hellip;]<\/p>\n","protected":false},"author":1,"featured_media":0,"comment_status":"open","ping_status":"open","sticky":false,"template":"","format":"standard","meta":{"footnotes":""},"categories":[4,7],"tags":[],"class_list":["post-38971","post","type-post","status-publish","format-standard","hentry","category-divulgacion","category-mis-dibujos"],"_links":{"self":[{"href":"http:\/\/www.floracantabrica.com\/index.php?rest_route=\/wp\/v2\/posts\/38971","targetHints":{"allow":["GET"]}}],"collection":[{"href":"http:\/\/www.floracantabrica.com\/index.php?rest_route=\/wp\/v2\/posts"}],"about":[{"href":"http:\/\/www.floracantabrica.com\/index.php?rest_route=\/wp\/v2\/types\/post"}],"author":[{"embeddable":true,"href":"http:\/\/www.floracantabrica.com\/index.php?rest_route=\/wp\/v2\/users\/1"}],"replies":[{"embeddable":true,"href":"http:\/\/www.floracantabrica.com\/index.php?rest_route=%2Fwp%2Fv2%2Fcomments&post=38971"}],"version-history":[{"count":2,"href":"http:\/\/www.floracantabrica.com\/index.php?rest_route=\/wp\/v2\/posts\/38971\/revisions"}],"predecessor-version":[{"id":38973,"href":"http:\/\/www.floracantabrica.com\/index.php?rest_route=\/wp\/v2\/posts\/38971\/revisions\/38973"}],"wp:attachment":[{"href":"http:\/\/www.floracantabrica.com\/index.php?rest_route=%2Fwp%2Fv2%2Fmedia&parent=38971"}],"wp:term":[{"taxonomy":"category","embeddable":true,"href":"http:\/\/www.floracantabrica.com\/index.php?rest_route=%2Fwp%2Fv2%2Fcategories&post=38971"},{"taxonomy":"post_tag","embeddable":true,"href":"http:\/\/www.floracantabrica.com\/index.php?rest_route=%2Fwp%2Fv2%2Ftags&post=38971"}],"curies":[{"name":"wp","href":"https:\/\/api.w.org\/{rel}","templated":true}]}}