{"id":38948,"date":"2017-07-05T14:13:49","date_gmt":"2017-07-05T12:13:49","guid":{"rendered":"http:\/\/www.floracantabrica.com\/?p=38948"},"modified":"2017-07-05T14:13:49","modified_gmt":"2017-07-05T12:13:49","slug":"biogeography-of-spain-46-estudio-ecologico-del-cervuno-nardus-stricta-en-la-cordillera-cantabrica","status":"publish","type":"post","link":"http:\/\/www.floracantabrica.com\/?p=38948","title":{"rendered":"Biogeography of Spain.46.Estudio Ecol\u00f3gico del \u00abCervuno\u00bb (Nardus stricta ) en la Cordillera Cant\u00e1brica"},"content":{"rendered":"<p><a href=\"http:\/\/twitter.com\/share?url=http%3A%2F%2Fwww.floracantabrica.com%2F%3Fp%3D38948&amp;count=none&amp;lang=es&amp;via=lorencincoreses&amp;related=Mujerverdosa&amp;text=Biogeography of Spain.46.Estudio Ecol\u00f3gico del \"Cervuno\" (Nardus stricta ) en la Cordillera Cant\u00e1brica - Flora Cant\u00e1brica\" class=\"twitter-share-button\">Tweet<\/a><\/p><p>&#8212;&#8212;&#8212;&#8212;&#8212;&#8212;-<\/p>\n<div id=\"articleTitle\">\n<h3><span style=\"font-size: 14pt;\">Estudio Ecol\u00f3gico del \u00abCervuno\u00bb (Nardus stricta h) en la Cordillera Cant\u00e1brica<\/span><\/h3>\n<\/div>\n<div id=\"authorString\"><span style=\"font-size: 14pt;\"><em>M. Mayor L\u00f3pez, T. E. D\u00edaz Gonz\u00e1lez, J. A. Fern\u00e1ndez Prieto, J. J. Lastra Men\u00e9ndez<\/em><\/span><\/div>\n<div id=\"articleFullText\"><span style=\"font-size: 14pt;\"><strong>Texto completo: <\/strong><a class=\"file\" href=\"http:\/\/polired.upm.es\/index.php\/pastos\/article\/view\/676\/677\" target=\"_parent\">PDF<\/a><\/span><\/div>\n<div>\u00a0&#8230;&#8230;&#8230;&#8230;&#8230;.<\/div>\n<div>\u00a0<a href=\"http:\/\/www.floracantabrica.com\/wp-content\/uploads\/2017\/05\/image0011.jpg\"><img loading=\"lazy\" decoding=\"async\" class=\"aligncenter size-full wp-image-38736\" src=\"http:\/\/www.floracantabrica.com\/wp-content\/uploads\/2017\/05\/image0011.jpg\" alt=\"image001\" width=\"567\" height=\"773\" srcset=\"http:\/\/www.floracantabrica.com\/wp-content\/uploads\/2017\/05\/image0011.jpg 567w, http:\/\/www.floracantabrica.com\/wp-content\/uploads\/2017\/05\/image0011-220x300.jpg 220w\" sizes=\"auto, (max-width: 567px) 100vw, 567px\" \/><\/a><\/div>\n","protected":false},"excerpt":{"rendered":"<p>Tweet&#8212;&#8212;&#8212;&#8212;&#8212;&#8212;- Estudio Ecol\u00f3gico del \u00abCervuno\u00bb (Nardus stricta h) en la Cordillera Cant\u00e1brica M. Mayor L\u00f3pez, T. E. D\u00edaz Gonz\u00e1lez, J. A. Fern\u00e1ndez Prieto, J. J. Lastra Men\u00e9ndez Texto completo: PDF \u00a0&#8230;&#8230;&#8230;&#8230;&#8230;. \u00a0<\/p>\n","protected":false},"author":1,"featured_media":0,"comment_status":"open","ping_status":"open","sticky":false,"template":"","format":"standard","meta":{"footnotes":""},"categories":[1],"tags":[],"class_list":["post-38948","post","type-post","status-publish","format-standard","hentry","category-flora"],"_links":{"self":[{"href":"http:\/\/www.floracantabrica.com\/index.php?rest_route=\/wp\/v2\/posts\/38948","targetHints":{"allow":["GET"]}}],"collection":[{"href":"http:\/\/www.floracantabrica.com\/index.php?rest_route=\/wp\/v2\/posts"}],"about":[{"href":"http:\/\/www.floracantabrica.com\/index.php?rest_route=\/wp\/v2\/types\/post"}],"author":[{"embeddable":true,"href":"http:\/\/www.floracantabrica.com\/index.php?rest_route=\/wp\/v2\/users\/1"}],"replies":[{"embeddable":true,"href":"http:\/\/www.floracantabrica.com\/index.php?rest_route=%2Fwp%2Fv2%2Fcomments&post=38948"}],"version-history":[{"count":2,"href":"http:\/\/www.floracantabrica.com\/index.php?rest_route=\/wp\/v2\/posts\/38948\/revisions"}],"predecessor-version":[{"id":38950,"href":"http:\/\/www.floracantabrica.com\/index.php?rest_route=\/wp\/v2\/posts\/38948\/revisions\/38950"}],"wp:attachment":[{"href":"http:\/\/www.floracantabrica.com\/index.php?rest_route=%2Fwp%2Fv2%2Fmedia&parent=38948"}],"wp:term":[{"taxonomy":"category","embeddable":true,"href":"http:\/\/www.floracantabrica.com\/index.php?rest_route=%2Fwp%2Fv2%2Fcategories&post=38948"},{"taxonomy":"post_tag","embeddable":true,"href":"http:\/\/www.floracantabrica.com\/index.php?rest_route=%2Fwp%2Fv2%2Ftags&post=38948"}],"curies":[{"name":"wp","href":"https:\/\/api.w.org\/{rel}","templated":true}]}}