{"id":38880,"date":"2017-05-26T22:38:00","date_gmt":"2017-05-26T20:38:00","guid":{"rendered":"http:\/\/www.floracantabrica.com\/?p=38880"},"modified":"2017-05-26T22:38:00","modified_gmt":"2017-05-26T20:38:00","slug":"frases-del-dia-26517","status":"publish","type":"post","link":"http:\/\/www.floracantabrica.com\/?p=38880","title":{"rendered":"Frases del dia 26,5,17"},"content":{"rendered":"<p><a href=\"http:\/\/twitter.com\/share?url=http%3A%2F%2Fwww.floracantabrica.com%2F%3Fp%3D38880&amp;count=none&amp;lang=es&amp;via=lorencincoreses&amp;related=Mujerverdosa&amp;text=Frases del dia 26,5,17 - Flora Cant\u00e1brica\" class=\"twitter-share-button\">Tweet<\/a><\/p><p>&#8230;&#8230;&#8230;<\/p>\n<p>&nbsp;<\/p>\n<p>&nbsp;<\/p>\n<p>&nbsp;<\/p>\n<p>&nbsp;<\/p>\n<p>&nbsp;<\/p>\n<p>&#8230;&#8230;&#8230;&#8230;&#8230;.<\/p>\n<p><span style=\"font-size: 14pt;\"><strong>Cu\u00e1les son los 3 ejes para el camino del cristiano? El Papa Francisco lo explica<\/strong><\/span><\/p>\n<p>&nbsp;<\/p>\n<p><a href=\"http:\/\/www.floracantabrica.com\/wp-content\/uploads\/2017\/05\/image002.gif\"><img loading=\"lazy\" decoding=\"async\" class=\"aligncenter size-full wp-image-38862\" src=\"http:\/\/www.floracantabrica.com\/wp-content\/uploads\/2017\/05\/image002.gif\" alt=\"image002\" width=\"480\" height=\"360\" \/><\/a><\/p>\n<p>&nbsp;<\/p>\n<p><span style=\"font-size: 14pt;\">VATICANO, 26 May. 17 \/ 04:54 am (<strong><a href=\"http:\/\/www.aciprensa.com\/\">ACI<\/a><\/strong>).- El Papa Francisco advirti\u00f3, en la homil\u00eda de la <a href=\"http:\/\/www.aciprensa.com\/Eucaristia\/index.html\">Misa<\/a> celebrada este viernes en la Casa Santa Marta, en el Vaticano, que no sirve de nada dar testimonio de Jes\u00fas si luego se vive como un pagano. Por ello, pidi\u00f3 a los cristianos que sean coherentes.\u00a0<\/span><\/p>\n<p>&nbsp;<\/p>\n<p>&nbsp;<\/p>\n<p><span style=\"font-size: 14pt;\">El Santo Padre se\u00f1al\u00f3 tres palabras que son como puntos de referencia en el camino cristiano. La primera palabra es la \u201cmemoria\u201d. \u201c<strong>Para ser un buen cristiano es necesario siempre tener memoria del primer encuentro con Jes\u00fa<\/strong>s o de los sucesivos encuentros\u201d.\u00a0<\/span><\/p>\n<p><span style=\"font-size: 14pt;\">El Papa cit\u00f3 el mandato de Jes\u00fas resucitado a los disc\u00edpulos de ir a Galilea, donde se produjo el primer encuentro con el Se\u00f1or. \u201cCada uno de nosotros tiene su propia Galilea\u201d, asegur\u00f3 el Pont\u00edfice.\u00a0<\/span><\/p>\n<p>&nbsp;<\/p>\n<p>&nbsp;<\/p>\n<p><span style=\"font-size: 14pt;\"><strong>La segunda palabra, o punto de referencia para todo cristiano, se\u00f1alado por Francisco, es la \u201coraci\u00f3n\u201d<\/strong>. La oraci\u00f3n es la v\u00eda para entrar en comunicaci\u00f3n con el Se\u00f1or, asegur\u00f3. \u201cF\u00edsicamente, el Se\u00f1or se alej\u00f3, pero permanece siempre conectado con nosotros para interceder por nosotros. Hace ver al Padre las heridas, el precio pagado por nosotros, por nuestra salvaci\u00f3n. Debemos pedir la gracia de contemplar el <a href=\"http:\/\/www.aciprensa.com\/Docum\/cat-cielo.htm\">cielo<\/a>, la gracia de la oraci\u00f3n, la relaci\u00f3n con Jes\u00fas en la oraci\u00f3n en este momento de escucha\u201d.<\/span><\/p>\n<p>&nbsp;<\/p>\n<p>&nbsp;<\/p>\n<p><span style=\"font-size: 14pt;\">\u201c<strong>Despu\u00e9s hay un tercer punto de referencia \u2013continu\u00f3 el Papa\u2013: el mundo, la misi\u00f3n.<\/strong> Jes\u00fas, antes de irse, dice a los disc\u00edpulos: \u2018Id al mundo entero y anunciad el Evangelio\u2019. Ir: el lugar del cristiano es el mundo para anunciar la Palabra de Jes\u00fas, para decir que hemos sido salvados, que \u00c9l ha venido para dar la gracia, para llevarnos a todos con \u00c9l ante el Padre\u201d.<\/span><\/p>\n<p>&nbsp;<\/p>\n<p>&nbsp;<\/p>\n<p><span style=\"font-size: 14pt;\">Seg\u00fan explic\u00f3 Francisco, \u201cun cristiano debe moverse en estas tres dimensiones y pedir la gracia de la memoria: \u2018Que no me olvide del momento en el que T\u00fa me elegiste, que no me olvide del momento en el que nos encontramos\u2019. Eso es lo que hay que decirle al Se\u00f1or\u201d.<\/span><\/p>\n<p>&nbsp;<\/p>\n<p>&nbsp;<\/p>\n<p><span style=\"font-size: 14pt;\">\u201cDespu\u00e9s, rezar, mirar al Cielo porque \u00c9l est\u00e1 para interceder, all\u00ed. \u00c9l intercede por nosotros. Y por \u00faltimo, ir en misi\u00f3n: no quiere decir que todos debamos ir al extranjero, sino hacer la misi\u00f3n y dar testimonio del Evangelio, y hacer saber a la gente c\u00f3mo es Jes\u00fas\u201d.<\/span><\/p>\n<p>&nbsp;<\/p>\n<p><span style=\"font-size: 14pt;\">En este sentido, subray\u00f3 la importancia de la coherencia de <a href=\"http:\/\/www.aciprensa.com\/vida\">vida<\/a> cristiana: \u201cEsa misi\u00f3n debe hacerse con el testimonio y con la Palabra, porque si yo explico c\u00f3mo es Jes\u00fas, y c\u00f3mo es la vida cristiana, y luego vivo como un pagano, entonces no sirve de nada. La misi\u00f3n no funciona\u201d.<\/span><\/p>\n<p>&nbsp;<\/p>\n<p>&nbsp;<\/p>\n<p><span style=\"font-size: 14pt;\">Vivir seg\u00fan esos tres ejes de vida cristiana, asegur\u00f3 el Santo Padre, proporciona la alegr\u00eda que busca toda persona. Para explicarlo, se remiti\u00f3 a esta frase del Evangelio: \u201cEse d\u00eda, el d\u00eda en que viv\u00e1is as\u00ed la vida cristiana, lo sabr\u00e9is todo y nadie os podr\u00e1 quitar vuestra alegr\u00eda\u201d.<\/span><\/p>\n<p>&nbsp;<\/p>\n<p>&nbsp;<\/p>\n<p><span style=\"font-size: 14pt;\">\u201cNadie \u2013asegur\u00f3 el Papa\u2013, porque entonces tendr\u00e9is la memoria del encuentro con Jes\u00fas, la certeza de que Jes\u00fas est\u00e1 en el cielo y que intercede por nosotros en este mismo momento. Entonces tendr\u00e9 el coraje de rezar y de decir a los dem\u00e1s, de dar testimonio con la vida, de que el Se\u00f1or ha resucitado, que est\u00e1 vivo\u201d.<\/span><\/p>\n<p>&nbsp;<\/p>\n<p><span style=\"font-size: 14pt;\">\u201cMemoria, oraci\u00f3n y misi\u00f3n\u201d, concluy\u00f3 el Obispo de Roma: \u201cQue el Se\u00f1or nos de la gracia de comprender esta topograf\u00eda de la vida cristiana y de andar adelante con alegr\u00eda, con esa alegr\u00eda que nadie podr\u00e1 quitarnos\u201d.<\/span><\/p>\n","protected":false},"excerpt":{"rendered":"<p>Tweet&#8230;&#8230;&#8230; &nbsp; &nbsp; &nbsp; &nbsp; &nbsp; &#8230;&#8230;&#8230;&#8230;&#8230;. Cu\u00e1les son los 3 ejes para el camino del cristiano? El Papa Francisco lo explica &nbsp; &nbsp; VATICANO, 26 May. 17 \/ 04:54 am (ACI).- El Papa Francisco advirti\u00f3, en la homil\u00eda de la Misa celebrada este viernes en la Casa Santa Marta, en el Vaticano, que no [&hellip;]<\/p>\n","protected":false},"author":1,"featured_media":0,"comment_status":"open","ping_status":"open","sticky":false,"template":"","format":"standard","meta":{"footnotes":""},"categories":[4,7],"tags":[],"class_list":["post-38880","post","type-post","status-publish","format-standard","hentry","category-divulgacion","category-mis-dibujos"],"_links":{"self":[{"href":"http:\/\/www.floracantabrica.com\/index.php?rest_route=\/wp\/v2\/posts\/38880","targetHints":{"allow":["GET"]}}],"collection":[{"href":"http:\/\/www.floracantabrica.com\/index.php?rest_route=\/wp\/v2\/posts"}],"about":[{"href":"http:\/\/www.floracantabrica.com\/index.php?rest_route=\/wp\/v2\/types\/post"}],"author":[{"embeddable":true,"href":"http:\/\/www.floracantabrica.com\/index.php?rest_route=\/wp\/v2\/users\/1"}],"replies":[{"embeddable":true,"href":"http:\/\/www.floracantabrica.com\/index.php?rest_route=%2Fwp%2Fv2%2Fcomments&post=38880"}],"version-history":[{"count":2,"href":"http:\/\/www.floracantabrica.com\/index.php?rest_route=\/wp\/v2\/posts\/38880\/revisions"}],"predecessor-version":[{"id":38882,"href":"http:\/\/www.floracantabrica.com\/index.php?rest_route=\/wp\/v2\/posts\/38880\/revisions\/38882"}],"wp:attachment":[{"href":"http:\/\/www.floracantabrica.com\/index.php?rest_route=%2Fwp%2Fv2%2Fmedia&parent=38880"}],"wp:term":[{"taxonomy":"category","embeddable":true,"href":"http:\/\/www.floracantabrica.com\/index.php?rest_route=%2Fwp%2Fv2%2Fcategories&post=38880"},{"taxonomy":"post_tag","embeddable":true,"href":"http:\/\/www.floracantabrica.com\/index.php?rest_route=%2Fwp%2Fv2%2Ftags&post=38880"}],"curies":[{"name":"wp","href":"https:\/\/api.w.org\/{rel}","templated":true}]}}