{"id":3817,"date":"2010-01-22T00:31:55","date_gmt":"2010-01-21T22:31:55","guid":{"rendered":"http:\/\/www.floracantabrica.com\/?p=3817"},"modified":"2010-01-22T12:21:40","modified_gmt":"2010-01-22T10:21:40","slug":"cambio-climatico-error-en-el-himalaya","status":"publish","type":"post","link":"http:\/\/www.floracantabrica.com\/?p=3817","title":{"rendered":"Cambio climatico. Error en el Himalaya"},"content":{"rendered":"<p><a href=\"http:\/\/twitter.com\/share?url=http%3A%2F%2Fwww.floracantabrica.com%2F%3Fp%3D3817&amp;count=none&amp;lang=es&amp;via=lorencincoreses&amp;related=Mujerverdosa&amp;text=Cambio climatico. Error en el Himalaya - Flora Cant\u00e1brica\" class=\"twitter-share-button\">Tweet<\/a><\/p><p>\u00a0<span style=\"font-size: medium;\">Mat\u00edas Mayor L\u00f3pez<\/span><\/p>\n<p><span style=\"font-size: medium;\">&#8230;&#8230;&#8230;&#8230;.<\/span><\/p>\n<p><span style=\"font-size: medium;\">\u00a0<\/span><\/p>\n<p><a href=\"http:\/\/www.floracantabrica.com\/wp-content\/uploads\/2010\/01\/DibujoCCCCCCCCCCCCCCCCCCyyyy.bmp\"><img decoding=\"async\" class=\"aligncenter size-full wp-image-3818\" title=\"DibujoCCCCCCCCCCCCCCCCCCyyyy\" src=\"http:\/\/www.floracantabrica.com\/wp-content\/uploads\/2010\/01\/DibujoCCCCCCCCCCCCCCCCCCyyyy.bmp\" alt=\"DibujoCCCCCCCCCCCCCCCCCCyyyy\" \/><\/a><\/p>\n<p>&#8230;&#8230;&#8230;&#8230;.<\/p>\n<p><a href=\"http:\/\/www.floracantabrica.com\/wp-content\/uploads\/2010\/01\/Dibujoddddddnnnnn.bmp\"><img decoding=\"async\" class=\"aligncenter size-full wp-image-3819\" title=\"Dibujoddddddnnnnn\" src=\"http:\/\/www.floracantabrica.com\/wp-content\/uploads\/2010\/01\/Dibujoddddddnnnnn.bmp\" alt=\"Dibujoddddddnnnnn\" \/><\/a><\/p>\n<p>&#8230;&#8230;&#8230;<span style=\"font-size: medium;\">Nota<\/span><\/p>\n<p><span style=\"font-size: medium;\">En diciembre publiqu\u00e9 en mi pagina web,un comentario sobre el IPCC,que adjunto<\/span><\/p>\n<p><span style=\"font-size: medium;\">&#8230;&#8230;.<\/span><\/p>\n<p><span style=\"font-size: medium;\"><a href=\"http:\/\/www.floracantabrica.com\/wp-content\/uploads\/2010\/01\/DibujoZZZZZZZZZZZZZZZZZZZZZ.bmp\"><img decoding=\"async\" class=\"aligncenter size-full wp-image-3825\" title=\"DibujoZZZZZZZZZZZZZZZZZZZZZ\" src=\"http:\/\/www.floracantabrica.com\/wp-content\/uploads\/2010\/01\/DibujoZZZZZZZZZZZZZZZZZZZZZ.bmp\" alt=\"DibujoZZZZZZZZZZZZZZZZZZZZZ\" \/><\/a><\/span><\/p>\n<p><span style=\"font-size: small;\"><strong>Al detectar el problema del cambio clim\u00e1tico mundial<\/strong>, la Organizaci\u00f3n Meteorol\u00f3gica<\/span><\/p>\n<p><span style=\"font-size: small;\">Mundial (OMM) y el Programa de las Naciones Unidas para el Medio Ambiente<\/span><\/p>\n<p><span style=\"font-size: small;\">(PNUMA) <strong>crearon el Grupo Intergubernamental de Expertos sobre el Cambio<\/strong><\/span><\/p>\n<p><span style=\"font-size: small;\"><strong>Clim\u00e1tico (IPCC) en 1988<\/strong>. Se trata de un grupo abierto a todos los Miembros de las<\/span><\/p>\n<p><span style=\"font-size: small;\">Naciones Unidas y de la OMM.<\/span><\/p>\n<p><span style=\"font-size: small;\">\u00a0<\/span><\/p>\n<p><span style=\"font-size: small;\"><strong>La funci\u00f3n del IPCC consiste en analizar<\/strong>, de forma exhaustiva, objetiva, abierta y<\/span><\/p>\n<p><span style=\"font-size: small;\">transparente, <strong>la informaci\u00f3n cient\u00edfica,<\/strong> t\u00e9cnica y socioecon\u00f3mica relevante para<\/span><\/p>\n<p><span style=\"font-size: small;\">entender los elementos cient\u00edficos del riesgo que supone el cambio clim\u00e1tico<\/span><\/p>\n<p><span style=\"font-size: small;\">provocado por las actividades humanas, sus posibles repercusiones y las<\/span><\/p>\n<p><span style=\"font-size: small;\">posibilidades de adaptaci\u00f3n y atenuaci\u00f3n del mismo. <strong>El IPCC no realiza<\/strong><\/span><\/p>\n<p><span style=\"font-size: small;\"><strong>investigaciones <\/strong>ni controla datos relativos al clima u otros par\u00e1metros<\/span><\/p>\n<p><span style=\"font-size: small;\">pertinentes, sino que basa su evaluaci\u00f3n principalmente en la literatura<\/span><\/p>\n<p><span style=\"font-size: small;\">cient\u00edfica y t\u00e9cnica revisada por hom\u00f3logos y publicada.<\/span><\/p>\n<p><span style=\"font-size: small;\">\u00a0<\/span><\/p>\n<p><strong><span style=\"font-size: small;\">Una de las principales actividades del IPCC es hacer una evaluaci\u00f3n<\/span><\/strong><\/p>\n<p><span style=\"font-size: small;\"><strong>peri\u00f3dica de los conocimientos sobre el cambio clim\u00e1tico<\/strong>.<\/span><\/p>\n<p><span style=\"font-size: small;\">\u00a0<\/span><\/p>\n<p><span style=\"font-size: small;\">Se\u00f1alamos a continuaci\u00f3n las\u00a0 <strong>REFERENCIAS DEL RESUMEN PARA <\/strong><\/span><\/p>\n<p><strong><span style=\"font-size: small;\">RESPONSABLES DE POL\u00cdTICAS (RRP) \u00a0hechas por el IPCC en el 2007<\/span><\/strong><\/p>\n<p><strong><span style=\"font-size: small;\">Recogeremos solamente aquellas referencias\u00a0 que son f\u00e1ciles <\/span><\/strong><\/p>\n<p><strong><span style=\"font-size: small;\">de entender por los no expertos, pues el tema de Cambio <\/span><\/strong><\/p>\n<p><strong><span style=\"font-size: small;\">Clim\u00e1tico es muy complejo y \u00a0por lo tanto es natural<\/span><\/strong><\/p>\n<p><strong><span style=\"font-size: small;\">que surjan mucho interrogantes. Influyen much\u00edsimos <\/span><\/strong><\/p>\n<p><strong><span style=\"font-size: small;\">factores que exigen medidas interdisciplinarias para su estudio.<\/span><\/strong><\/p>\n<p><strong><span style=\"font-size: small;\">\u00a0<\/span><\/strong><\/p>\n<p><strong><span style=\"font-size: medium;\">Quiero comentar que\u00a0 como Investigador en Biogeograf\u00eda <\/span><\/strong><\/p>\n<p><strong><span style=\"font-size: medium;\">Vegetal por m\u00e1s de 40 a\u00f1os, (en un Proyecto sobre el <\/span><\/strong><\/p>\n<p><strong><span style=\"font-size: medium;\">Cambio clim\u00e1tico, siendome concedido por el Rector<\/span><\/strong><\/p>\n<p><strong><span style=\"font-size: medium;\">\u00a0de la Universidad de Oviedo el Prof.V\u00e1zquez 2007) :<\/span><\/strong><\/p>\n<p><strong><span style=\"font-size: medium;\">\u00a0cuando\u00a0 encontr\u00e9 en Asturias, en la Sierra del Aramo ,<\/span><\/strong><\/p>\n<p><strong><span style=\"font-size: medium;\">una especie vegetal de marcado car\u00e1cter mediterr\u00e1neo, <\/span><\/strong><\/p>\n<p><strong><span style=\"font-size: medium;\">Fumana procumbens, pens\u00e9 sinceramente, que ten\u00eda <\/span><\/strong><\/p>\n<p><strong><span style=\"font-size: medium;\">una prueba del realidad del cambio clim\u00e1tico, pero sin embargo, <\/span><\/strong><\/p>\n<p><strong><span style=\"font-size: medium;\">quiero ser prudente , y espero poder hallar alguna especie <\/span><\/strong><\/p>\n<p><strong><span style=\"font-size: medium;\">similar que apoye m\u00e1s mi convicci\u00f3n. Esto es un resultado\u00a0<\/span><\/strong><\/p>\n<p><strong><span style=\"font-size: medium;\">\u00a0que pod\u00edamos decir peque\u00f1o, pero que sumado a otros m\u00e1s , <\/span><\/strong><\/p>\n<p><strong><span style=\"font-size: medium;\">pod\u00eda ayudar a conocer mejor el Cambio clim\u00e1tico\u2026y esto <\/span><\/strong><\/p>\n<p><strong><span style=\"font-size: medium;\">si que es grande.<\/span><\/strong><\/p>\n<p><strong><span style=\"font-size: medium;\">\u00a0<\/span><\/strong><\/p>\n<p><strong><span style=\"font-size: large;\">Referencias del IPCC :<\/span><\/strong><\/p>\n<p><strong><span style=\"font-size: large;\">\u00a0<\/span><\/strong><\/p>\n<p><em><strong>Un conjunto de observaciones cada vez mayor, describe la <\/strong><\/em><\/p>\n<p><em><strong>imagen global de un mundo en fase de calentamiento y de otros<\/strong><\/em><\/p>\n<p><em><strong>cambios en el sistema clim\u00e1tico.<\/strong><\/em><\/p>\n<p>\u00a0<\/p>\n<p><em>La temperatura media mundial de la superficie ha aumentado<\/em><\/p>\n<p><em>de 0,6\u00b0C aproximadamente en el siglo XX<\/em><\/p>\n<p>\u00a0<\/p>\n<p><em>Las temperaturas han aumentado durante los cuatro \u00faltimos<\/em><\/p>\n<p><em>decenios en los 8 kil\u00f3metros inferiores de la atm\u00f3sfera<\/em><\/p>\n<p>\u00a0<\/p>\n<p><em>La extensi\u00f3n del hielo y de la capa de nieve ha disminuido<\/em><\/p>\n<p><em>El nivel medio del mar en todo el mundo ha subido y el<\/em><\/p>\n<p><em>contenido de calor de los oc\u00e9anos ha aumentado<\/em><\/p>\n<p>\u00a0<\/p>\n<p><em><strong>Las emisiones de gases de efecto invernadero y de aerosoles<\/strong><\/em><\/p>\n<p><em><strong>debidas a las actividades humanas siguen modificando la<\/strong><\/em><\/p>\n<p><em><strong>atm\u00f3sfera de diversas formas que se prev\u00e9 que afectar\u00e1n al clima<\/strong><\/em><\/p>\n<p>\u00a0<\/p>\n<p><em><strong>Hay nuevas pruebas m\u00e1s fehacientes de que la mayor parte <\/strong><\/em><\/p>\n<p><em><strong>del calentamiento observado en los \u00faltimos 50 a\u00f1os se debe <\/strong><\/em><\/p>\n<p><em><strong>a las actividades humanas<\/strong><\/em><\/p>\n<p>\u00a0<\/p>\n<p><em><strong>La influencia humana seguir\u00e1 cambiando la composici\u00f3n <\/strong><\/em><\/p>\n<p><em><strong>atmosf\u00e9rica durante el siglo XXI<\/strong><\/em><\/p>\n<p><em><strong>Se prev\u00e9 que la temperatura media y el nivel del mar <\/strong><\/em><\/p>\n<p><em><strong>mundiales suban<\/strong><\/em><\/p>\n<p>\u00a0<\/p>\n<p><strong>Las emisiones mundiales de \u00a0\u00a0Gases de efecto invernadero (GEI) <\/strong><\/p>\n<p><strong>causadas por actividades<\/strong><\/p>\n<p><strong>humanas han aumentado, desde la era preindustrial, en un 70% <\/strong><\/p>\n<p><strong>entre 1970 y 2004<\/strong><\/p>\n<p>\u00a0<\/p>\n<p>Entre 1970 y 2004, el aumento m\u00e1s importante de las emisiones<\/p>\n<p>\u00a0<\/p>\n<p>\u00a0<\/p>\n<p>\u00a0<\/p>\n<p>\u00a0<\/p>\n<p>\u00a0<\/p>\n<p>\u00a0<\/p>\n<p>\u00a0<\/p>\n<p><img loading=\"lazy\" decoding=\"async\" title=\"slide0002_image002\" src=\"http:\/\/www.floracantabrica.com\/wp-content\/uploads\/2009\/12\/slide0002_image0023.jpg\" alt=\"slide0002_image002\" width=\"571\" height=\"297\" \/><\/p>\n<p>&#8230;&#8230;&#8230;&#8230;&#8230;&#8230;&#8230;&#8230;&#8230;&#8230;&#8230;&#8230;&#8230;&#8230;&#8230;&#8230;&#8230;&#8230;&#8230;&#8230;&#8230;&#8230;&#8230;&#8230;&#8230;&#8230;&#8230;&#8230;&#8230;&#8230;&#8230;&#8230;&#8230;&#8230;&#8230;&#8230;&#8230;&#8230;&#8230;&#8230;&#8230;&#8230;&#8230;<\/p>\n<p><strong><em>Figura 1. a) Emisiones mundiales anuales de GEI antrop\u00f3genos <\/em><\/strong><\/p>\n<p><strong><em>entre 1970 y 2004.5 b) Parte proporcional de diferentes GEI <\/em><\/strong><\/p>\n<p><strong><em>antrop\u00f3genos en las emisiones totales en el a\u00f1o 2004, <\/em><\/strong><\/p>\n<p><strong><em>en t\u00e9rminos de CO2-eq. c) Parte proporcional de diversos <\/em><\/strong><\/p>\n<p><strong><em>sectores en las emisiones totales de GEI antrop\u00f3genos en 2004, <\/em><\/strong><\/p>\n<p><strong><em>en t\u00e9rminos de CO2-eq. (En silvicultura se incluye la deforestaci\u00f3n.) <\/em><\/strong><\/p>\n<p>Las actividades humanas generan emisiones de cuatro GEI<\/p>\n<p>de larga permanencia: CO2, metano, \u00f3xido nitroso y<\/p>\n<p>\u00a0halocarbonos (grupo de gases que contienen fl\u00faor, cloro o bromo).<\/p>\n<p>\u00a0&#8230;&#8230;&#8230;&#8230;&#8230;&#8230;&#8230;&#8230;&#8230;&#8230;&#8230;&#8230;&#8230;&#8230;&#8230;&#8230;&#8230;&#8230;&#8230;&#8230;&#8230;&#8230;&#8230;&#8230;&#8230;&#8230;&#8230;&#8230;&#8230;&#8230;&#8230;&#8230;&#8230;&#8230;&#8230;&#8230;&#8230;..<\/p>\n<p><img loading=\"lazy\" decoding=\"async\" title=\"slide0002_image002\" src=\"http:\/\/www.floracantabrica.com\/wp-content\/uploads\/2009\/12\/slide0002_image00219.jpg\" alt=\"slide0002_image002\" width=\"439\" height=\"613\" \/><\/p>\n<p><span style=\"font-size: large;\">Pastoreo en Mali<\/span><\/p>\n<p><span style=\"font-size: large;\">\u00a0&#8230;&#8230;&#8230;&#8230;&#8230;&#8230;&#8230;&#8230;&#8230;&#8230;&#8230;&#8230;&#8230;&#8230;&#8230;&#8230;&#8230;&#8230;&#8230;&#8230;&#8230;&#8230;&#8230;&#8230;&#8230;..<\/span><\/p>\n<p><span style=\"font-size: large;\"><img loading=\"lazy\" decoding=\"async\" title=\"slide0002_image002\" src=\"http:\/\/www.floracantabrica.com\/wp-content\/uploads\/2009\/12\/slide0002_image00220.jpg\" alt=\"slide0002_image002\" width=\"382\" height=\"533\" \/><\/span><\/p>\n<p><span style=\"font-size: large;\">Agricultor\u00a0 en Chad<\/span><\/p>\n<p><span style=\"font-size: large;\">&#8230;&#8230;&#8230;&#8230;&#8230;&#8230;&#8230;&#8230;&#8230;&#8230;&#8230;&#8230;&#8230;&#8230;&#8230;&#8230;&#8230;&#8230;&#8230;.<\/span><\/p>\n<p><span style=\"font-size: large;\">\u00a0<img loading=\"lazy\" decoding=\"async\" title=\"slide0002_image002\" src=\"http:\/\/www.floracantabrica.com\/wp-content\/uploads\/2009\/12\/slide0002_image00222.jpg\" alt=\"slide0002_image002\" width=\"379\" height=\"529\" \/><\/span><\/p>\n<p><span style=\"font-size: large;\">Agricultor en el Himalaya<\/span><\/p>\n<p><span style=\"font-size: large;\">&#8230;&#8230;&#8230;&#8230;&#8230;&#8230;&#8230;&#8230;&#8230;&#8230;&#8230;&#8230;&#8230;&#8230;&#8230;&#8230;&#8230;&#8230;&#8230;&#8230;&#8230;&#8230;&#8230;..<\/span><\/p>\n<p><span style=\"font-size: large;\">\u00a0<\/span><\/p>\n","protected":false},"excerpt":{"rendered":"<p>Tweet\u00a0Mat\u00edas Mayor L\u00f3pez &#8230;&#8230;&#8230;&#8230;. \u00a0 &#8230;&#8230;&#8230;&#8230;. &#8230;&#8230;&#8230;Nota En diciembre publiqu\u00e9 en mi pagina web,un comentario sobre el IPCC,que adjunto &#8230;&#8230;. Al detectar el problema del cambio clim\u00e1tico mundial, la Organizaci\u00f3n Meteorol\u00f3gica Mundial (OMM) y el Programa de las Naciones Unidas para el Medio Ambiente (PNUMA) crearon el Grupo Intergubernamental de Expertos sobre el Cambio Clim\u00e1tico [&hellip;]<\/p>\n","protected":false},"author":1,"featured_media":0,"comment_status":"open","ping_status":"open","sticky":false,"template":"","format":"standard","meta":{"footnotes":""},"categories":[1],"tags":[],"class_list":["post-3817","post","type-post","status-publish","format-standard","hentry","category-flora"],"_links":{"self":[{"href":"http:\/\/www.floracantabrica.com\/index.php?rest_route=\/wp\/v2\/posts\/3817","targetHints":{"allow":["GET"]}}],"collection":[{"href":"http:\/\/www.floracantabrica.com\/index.php?rest_route=\/wp\/v2\/posts"}],"about":[{"href":"http:\/\/www.floracantabrica.com\/index.php?rest_route=\/wp\/v2\/types\/post"}],"author":[{"embeddable":true,"href":"http:\/\/www.floracantabrica.com\/index.php?rest_route=\/wp\/v2\/users\/1"}],"replies":[{"embeddable":true,"href":"http:\/\/www.floracantabrica.com\/index.php?rest_route=%2Fwp%2Fv2%2Fcomments&post=3817"}],"version-history":[{"count":6,"href":"http:\/\/www.floracantabrica.com\/index.php?rest_route=\/wp\/v2\/posts\/3817\/revisions"}],"predecessor-version":[{"id":3822,"href":"http:\/\/www.floracantabrica.com\/index.php?rest_route=\/wp\/v2\/posts\/3817\/revisions\/3822"}],"wp:attachment":[{"href":"http:\/\/www.floracantabrica.com\/index.php?rest_route=%2Fwp%2Fv2%2Fmedia&parent=3817"}],"wp:term":[{"taxonomy":"category","embeddable":true,"href":"http:\/\/www.floracantabrica.com\/index.php?rest_route=%2Fwp%2Fv2%2Fcategories&post=3817"},{"taxonomy":"post_tag","embeddable":true,"href":"http:\/\/www.floracantabrica.com\/index.php?rest_route=%2Fwp%2Fv2%2Ftags&post=3817"}],"curies":[{"name":"wp","href":"https:\/\/api.w.org\/{rel}","templated":true}]}}