{"id":37641,"date":"2022-01-13T15:50:08","date_gmt":"2022-01-13T13:50:08","guid":{"rendered":"http:\/\/www.floracantabrica.com\/?p=37641"},"modified":"2022-01-13T15:50:08","modified_gmt":"2022-01-13T13:50:08","slug":"frases-del-dia-42","status":"publish","type":"post","link":"http:\/\/www.floracantabrica.com\/?p=37641","title":{"rendered":"Frases del dia"},"content":{"rendered":"<p><a href=\"http:\/\/twitter.com\/share?url=http%3A%2F%2Fwww.floracantabrica.com%2F%3Fp%3D37641&amp;count=none&amp;lang=es&amp;via=lorencincoreses&amp;related=Mujerverdosa&amp;text=Frases del dia - Flora Cant\u00e1brica\" class=\"twitter-share-button\">Tweet<\/a><\/p><p>,,,,,,,,,,,,,,,,,,,,,,,,,,,,,,,<\/p>\n<p>&nbsp;<\/p>\n<p><span style=\"font-size: 18pt;\">Entrevista al Papa Francisco\u00a0\u00a0 <span style=\"font-size: 36pt;\">V<\/span><\/span><\/p>\n<p>&#8230;&#8230;&#8230;&#8230;&#8230;&#8230;&#8230;&#8230;..<\/p>\n<ol>\n<li><span style=\"font-size: 14pt;\">Lleva 25 a\u00f1os sin ver la televisi\u00f3n y seg\u00fan tengo entendido los periodistas nunca fueron santo de su devoci\u00f3n, pero se ha reinventado todo el sistema de comunicaci\u00f3n del Vaticano, profesionalizando y elev\u00e1ndolo incluso a la categor\u00eda de dicasterio. \u00bfTanta importancia tienen para el Papa los medios de comunicaci\u00f3n? \u00bfEste inter\u00e9s es porque cree que existe una amenaza a la libertad de prensa? Y las redes sociales, \u00bfpueden causar un perjuicio a la libertad del individuo?<\/span><\/li>\n<\/ol>\n<p>&nbsp;<\/p>\n<ol>\n<li><span style=\"font-size: 14pt;\">Yo no veo televisi\u00f3n simplemente porque en un momento sent\u00ed que Dios me pidi\u00f3 eso; un 16 de julio del 90 hice esa promesa, y no me falta. Solamente fui al centro televisivo que estaba al lado del arzobispado a ver una o dos pel\u00edculas que me interesaban, que me pod\u00edan servir para el mensaje. Y eso que a m\u00ed el cine me gustaba mucho y hab\u00eda estudiado bastante cine, sobre todo el de la posguerra italiano, el realismo italiano, y el polaco Wajda, Kurosawa, algunos franceses&#8230; Pero no ver televisi\u00f3n no me quit\u00f3 comunicarme. No ver la televisi\u00f3n fue una opci\u00f3n personal, nada m\u00e1s. Pero la comunicaci\u00f3n es divina. Dios se comunica. Dios se comunic\u00f3 con nosotros a trav\u00e9s de la historia. Dios no qued\u00f3 aislado. Es un Dios que se comunica, y nos habl\u00f3, y nos acompa\u00f1\u00f3, y nos ret\u00f3, y nos hizo cambiar de ruta, y nos sigue acompa\u00f1ando. No se puede entender la teolog\u00eda cat\u00f3lica sin la comunicaci\u00f3n de Dios. Dios no est\u00e1 est\u00e1tico all\u00e1 y mira a ver c\u00f3mo se divierten los hombres o c\u00f3mo se destruyen. Dios se involucr\u00f3, y se involucr\u00f3 comunic\u00e1ndose con la palabra y con su carne. O sea que yo parto de ah\u00ed. Le tengo un poco de miedo cuando los medios de comunicaci\u00f3n no pueden expresarse con la \u00e9tica que les es propia. Por ejemplo, hay modos de comunicarse que no ayudan, que <em>desayudan<\/em> a la unidad. Pongo un ejemplo sencillo. Una familia que est\u00e1 cenando y no hablan, o miran la televisi\u00f3n o los chicos est\u00e1n con su tel\u00e9fono mandando mensajes a otros que est\u00e1n fuera. Cuando la comunicaci\u00f3n pierde lo carnal, lo humano, y se vuelve l\u00edquida, es peligrosa. Que se comunique en familia, y se comunique la gente, y tambi\u00e9n de la otra manera, es muy importante. El mundo virtual de comunicaci\u00f3n es riqu\u00edsimo, pero corres el riesgo si no vives una comunicaci\u00f3n humana, normal, \u00a1de tocar! Lo concreto de la comunicaci\u00f3n es lo que va a hacer que lo virtual de la comunicaci\u00f3n vaya por buen camino. O sea, lo concreto es innegociable en todo. No somos \u00e1ngeles, somos personas de lo concreto. La comunicaci\u00f3n es clave y tiene que ir adelante. Hay peligros como en todas las cosas. Hay que ajustarlos, pero la comunicaci\u00f3n es divina. Y hay defectos. Yo he hablado de los pecados de la comunicaci\u00f3n, en una conferencia en ADEPA, en Buenos Aires, la asociaci\u00f3n que agrupa a los editores de Argentina. Y los presidentes me invitaron a una cena donde tuve que dar la conferencia esta. Ah\u00ed marqu\u00e9 los pecados de la comunicaci\u00f3n, y les dije: no caigan en esto, porque lo que ustedes tienen en sus manos en un gran tesoro. Hoy en d\u00eda comunicarse es divino, siempre fue divino porque Dios se comunica, y es humano, porque Dios se comunic\u00f3 humanamente. As\u00ed que funcionalmente hay un dicasterio, obviamente, para dar cauce a todo esto. Pero es una cosa funcional el dicasterio. No es porque es importante hoy comunicarse, no. \u00a1Porque es esencial a la persona humana la comunicaci\u00f3n, porque tambi\u00e9n es esencial a Dios!<\/span><\/li>\n<\/ol>\n<p>&nbsp;<\/p>\n<ol>\n<li><span style=\"font-size: 14pt;\"><a href=\"http:\/\/internacional.elpais.com\/internacional\/2014\/12\/17\/actualidad\/1418837510_239458.html\">La maquinaria diplom\u00e1tica del Vaticano<\/a> funciona a pleno rendimiento. Tanto Barack Obama como Ra\u00fal Castro agradecieron p\u00fablicamente su labor en el acercamiento. Hay sin embargo otros casos como el de Venezuela, Colombia o el de Oriente Pr\u00f3ximo que siguen bloqueados. En el primer caso, incluso, las partes critican la mediaci\u00f3n. \u00bfTeme que la imagen del Vaticano se resienta? \u00bfCu\u00e1les son sus instrucciones en estos casos?<\/span><\/li>\n<\/ol>\n<p>&nbsp;<\/p>\n<p>&nbsp;<\/p>\n<ol>\n<li><span style=\"font-size: 14pt;\">Yo le pido al Se\u00f1or la gracia de no tomar ninguna medida por imagen. Sino por honestidad, por servicio, esos son los criterios. Maquillarse un poco no creo que haga bien. Que a veces se pueden cometer errores, se va a resentir la imagen, bueno, eso es una consecuencia, pero uno lo hizo con buena voluntad. Luego la historia juzgar\u00e1 las cosas. Y despu\u00e9s hay un principio, que para m\u00ed es claro, que es el que tiene que regir en toda la acci\u00f3n pastoral pero tambi\u00e9n en la diplomacia vaticana: mediadores, no intermediarios. O sea, hacer puentes, y no muros. \u00bfCu\u00e1l es la diferencia entre el mediador y el intermediario? El intermediario es el que tiene por ejemplo una oficina de compra y venta de inmuebles, busca qui\u00e9n quiere vender una casa y qui\u00e9n quiere comprar una casa, se ponen de acuerdo, cobra la comisi\u00f3n, hizo un buen servicio, pero gana siempre algo, y tiene derecho porque es su trabajo. El mediador es aquel que se pone al servicio de las partes y hace que ganen las partes aunque \u00e9l pierda. La diplomacia vaticana tiene que ser mediadora, no intermediaria. Si, a lo largo de la historia, la diplomacia vaticana hizo una maniobra o un encuentro y se llen\u00f3 el bolsillo, pues cometi\u00f3 un pecado muy grave, grav\u00edsimo. El mediador hace puentes, que no son para \u00e9l, son para que caminen los otros. Y no cobra peaje. Hizo el puente y se fue. Para m\u00ed esa es la imagen de la diplomacia vaticana. Mediadores y no intermediarios. Hacedores de puentes.<\/span><\/li>\n<\/ol>\n<p>&nbsp;<\/p>\n<ol>\n<li><span style=\"font-size: 14pt;\">\u00bfEsa diplomacia vaticana se puede extender a China pronto?<\/span><\/li>\n<li><span style=\"font-size: 14pt;\">De hecho, hay una comisi\u00f3n que hace a\u00f1os est\u00e1 trabajando con China y que se re\u00fane cada tres meses, una vez aqu\u00ed y otra en Pek\u00edn. Y hay mucho di\u00e1logo con China. China tiene siempre ese halo de misterio que es fascinante. Hace dos o tres meses, con la exposici\u00f3n del museo vaticano en Pek\u00edn, estaban felices. Y ellos vienen el a\u00f1o que viene ac\u00e1 al Vaticano con sus cosas, sus museos.<\/span><\/li>\n<li><span style=\"font-size: 14pt;\">\u00bfY va a ir pronto a China?<\/span><\/li>\n<\/ol>\n<p>&nbsp;<\/p>\n<p>&nbsp;<\/p>\n<ol>\n<li><span style=\"font-size: 14pt;\">Yo, cuando me inviten. Lo saben ellos. Adem\u00e1s, en China las iglesias est\u00e1n llenas. Se puede practicar la religi\u00f3n en China.<\/span><\/li>\n<li><span style=\"font-size: 14pt;\">Tanto en Europa como en Am\u00e9rica, las consecuencias de una crisis que no acaba, el aumento de la desigualdad, la ausencia de liderazgos s\u00f3lidos est\u00e1n dando paso a formaciones pol\u00edticas que est\u00e1n recogiendo el malestar de los ciudadanos. Algunas de ellas \u2013las que se dan en llamar <a href=\"http:\/\/politica.elpais.com\/politica\/2016\/11\/14\/actualidad\/1479150607_282338.html\">antisistema o populistas<\/a>\u2014 aprovechan el miedo de la ciudadan\u00eda a un futuro incierto para construir un mensaje de xenofobia, de odio hacia el extranjero. El caso de Trump es el m\u00e1s llamativo, pero ah\u00ed est\u00e1n tambi\u00e9n los casos de Austria e incluso Suiza. \u00bfEst\u00e1 preocupado por este fen\u00f3meno?<\/span><\/li>\n<\/ol>\n<p>&nbsp;<\/p>\n<p>&nbsp;<\/p>\n<p>&nbsp;<\/p>\n<ol>\n<li><span style=\"font-size: 14pt;\">Es lo que llaman los populismos. Que es una palabra equ\u00edvoca porque en Am\u00e9rica Latina el populismo tiene otro significado. All\u00ed significa el protagonismo de los pueblos, por ejemplo los movimientos populares. Se organizan entre ellos\u2026 es otra cosa. Cuando o\u00eda populismo ac\u00e1 no entend\u00eda mucho, me perd\u00eda hasta que me di cuenta de que eran significados distintos seg\u00fan los lugares. Claro, las crisis provocan miedos, alertas. Para m\u00ed el ejemplo m\u00e1s t\u00edpico de los populismos en el sentido europeo de la palabra es el 33 alem\u00e1n. Despu\u00e9s de [Paul von] Hindenburg, la crisis del 30, Alemania destrozada, busca levantarse, busca su identidad, busca un l\u00edder, alguien que le devuelva la identidad y hay un muchachito que se llama Adolf Hitler y dice \u201cyo puedo, yo puedo\u201d. Y toda Alemania vota a Hitler. Hitler no rob\u00f3 el poder, fue votado por su pueblo, y despu\u00e9s destruy\u00f3 a su pueblo. Ese es el peligro. En momentos de crisis, no funciona el discernimiento y para m\u00ed es una referencia continua. Busquemos un salvador que nos devuelva la identidad y defend\u00e1monos con muros, con alambres, con lo que sea, de los otros pueblos que nos puedan quitar la identidad. Y eso es muy grave. Por eso siempre procuro decir: dialoguen entre ustedes, dialoguen entre ustedes. Pero el caso de Alemania en el 33 es t\u00edpico, un pueblo que estaba en esa crisis, que busc\u00f3 su identidad y apareci\u00f3 este l\u00edder carism\u00e1tico que prometi\u00f3 darles una identidad, y les dio una identidad distorsionada y ya sabemos lo que pas\u00f3. \u00bfLas fronteras pueden ser controladas? S\u00ed, cada pa\u00eds tiene derecho a controlar sus fronteras, qui\u00e9n entra y qui\u00e9n sale, y los pa\u00edses que est\u00e1n en peligro \u2013de terrorismo o cosas por el estilo&#8211; tienen m\u00e1s derecho a controlarlas m\u00e1s, pero ning\u00fan pa\u00eds tiene derecho a privar a sus ciudadanos del di\u00e1logo con sus vecinos.<\/span><\/li>\n<\/ol>\n<p>&nbsp;<\/p>\n<p>&nbsp;<\/p>\n<p><span style=\"font-size: 14pt;\">Visita de Barack Obama a Francisco en Roma el 27 de marzo de 2014. STEFANO DAL POZZOLO\/CONTRASTO\/VA Vatican Pool<\/span><\/p>\n<p>&nbsp;<\/p>\n<p>&nbsp;<\/p>\n<p>&nbsp;<\/p>\n<ol>\n<li><span style=\"font-size: 14pt;\">\u00bfY observa, Santo Padre, signos en la Europa de hoy similares a los de esa Alemania del 33?<\/span><\/li>\n<li><span style=\"font-size: 14pt;\">No soy un t\u00e9cnico en eso, pero sobre la Europa de hoy me remito a los tres discursos que di. Los dos de Estrasburgo y el tercero cuando el premio Carlomagno, que fue el \u00fanico premio que acept\u00e9 porque insistieron mucho por el momento que viv\u00eda Europa, y como servicio lo acept\u00e9. Esos tres discursos dicen lo que yo pienso sobre Europa.<\/span><\/li>\n<li><span style=\"font-size: 14pt;\">\u00bfEs la corrupci\u00f3n el peor pecado de nuestro tiempo?<\/span><\/li>\n<\/ol>\n<p>&nbsp;<\/p>\n<p>&nbsp;<\/p>\n<ol>\n<li><span style=\"font-size: 14pt;\">Es un gran pecado. Pero creo que no debemos atribuirnos la exclusividad en la Historia. Siempre ha existido corrupci\u00f3n. Siempre. Ac\u00e1. Si uno lee la historia de los papas se encuentra con cada esc\u00e1ndalo&#8230; Por nombrar mi casa, sin meterme en la del vecino. Tengo varios ejemplos de pa\u00edses vecinos donde hubo corrupci\u00f3n en la historia, pero me quedo con los m\u00edos. Ac\u00e1 hubo corrupci\u00f3n. Pesadita, eh. Basta pensar en el Papa Alejandro VI, en esa \u00e9poca, y do\u00f1a Lucrecia con sus \u201ctecitos\u201d [envenenados].<\/span><\/li>\n<li><span style=\"font-size: 14pt;\">\u00bfQu\u00e9 le llega de Espa\u00f1a? \u00bfQu\u00e9 le llega en cuanto a la recepci\u00f3n que en Espa\u00f1a tiene su mensaje, su misi\u00f3n, su trabajo\u2026?<\/span><\/li>\n<li><span style=\"font-size: 14pt;\">Hoy de Espa\u00f1a me acaban de llegar unos polvorones y un turr\u00f3n de Jijona que los tengo ah\u00ed para convidar a los muchachos.<\/span><\/li>\n<li><span style=\"font-size: 14pt;\">Espa\u00f1a es un pa\u00eds donde el debate sobre laicidad y religiosidad es un debate que todav\u00eda est\u00e1 vivo, como usted sabe\u2026<\/span><\/li>\n<li><span style=\"font-size: 14pt;\">Est\u00e1 vivo, muy vivo\u2026<\/span><\/li>\n<li><span style=\"font-size: 14pt;\">\u00bfY qu\u00e9 opina de eso? \u00bfPuede el proceso de laicidad acabar dejando a la Iglesia cat\u00f3lica en una situaci\u00f3n marginal?<\/span><\/li>\n<li><span style=\"font-size: 14pt;\">Di\u00e1logo. Es el consejo que doy a cualquier pa\u00eds. Por favor, di\u00e1logo. Como hermanos, si se animan, o al menos como civilizados. No se insulten. No se condenen antes de dialogar. Si despu\u00e9s del di\u00e1logo quieren insultarse, bueno, pero por lo menos dialogar. Si despu\u00e9s del di\u00e1logo se quieren condenar, bueno\u2026 Pero primero di\u00e1logo. Hoy d\u00eda, con el desarrollo humano que hay, no se puede concebir una pol\u00edtica sin di\u00e1logo. Y eso vale para Espa\u00f1a y para todos. As\u00ed que si usted me pide un consejo para los espa\u00f1oles, dialoguen. Si hay problemas, dialoguen primero.<\/span><\/li>\n<li><span style=\"font-size: 14pt;\">Desde Latinoam\u00e9rica, l\u00f3gicamente, se siguen sus palabras y sus decisiones con especial atenci\u00f3n: \u00bfC\u00f3mo ve el continente? \u00bfC\u00f3mo ve su tierra?<\/span><\/li>\n<\/ol>\n<p>&nbsp;<\/p>\n<p>&nbsp;<\/p>\n<p>&nbsp;<\/p>\n<ol>\n<li><span style=\"font-size: 14pt;\">El problema es que Latinoam\u00e9rica est\u00e1 sufriendo los efectos \u2014que marqu\u00e9 mucho en la <em>Laudato si\u2019 \u2014<\/em>de un sistema econ\u00f3mico en cuyo centro est\u00e1 el dios dinero, y entonces se cae en las pol\u00edticas de exclusi\u00f3n muy grande. Y se sufre mucho. Y, evidentemente, hoy d\u00eda Latinoam\u00e9rica est\u00e1 sufriendo un fuerte embate de liberalismo econ\u00f3mico fuerte, de ese que yo condeno en <em>Evangelii gaudium<\/em> cuando digo que \u201cesta econom\u00eda mata\u201d. Mata de hambre, mata de falta de cultura. La emigraci\u00f3n no es solo de \u00c1frica a Lampedusa o a Lesbos. La emigraci\u00f3n es tambi\u00e9n desde Panam\u00e1 a la frontera de M\u00e9xico con EE UU. La gente emigra buscando. Porque los sistemas liberales no dan posibilidades de trabajo y favorecen delincuencias. En Latinoam\u00e9rica est\u00e1 el problema de los c\u00e1rteles de la droga, que s\u00ed, existen, porque esa droga se consume en EE UU y en Europa. La fabrican para ac\u00e1, para los ricos, y pierden la vida en eso. Y est\u00e1n los que se prestan a eso. En nuestra patria tenemos una palabra para calificarlos: los <em>cipayos<\/em>. Es una palabra cl\u00e1sica, literaria, que est\u00e1 en nuestro poema nacional. El <em>cipayo<\/em> es aquel que vende la patria a la potencia extranjera que le pueda dar m\u00e1s beneficio. Y en nuestra historia argentina, por ejemplo, siempre hay alg\u00fan pol\u00edtico <em>cipayo<\/em>. O alguna postura pol\u00edtica <em>cipaya<\/em>. Siempre la ha habido en la historia. As\u00ed que Latinoam\u00e9rica tiene que rearmarse con formaciones de pol\u00edticos que realmente den a Latinoam\u00e9rica la fuerza de los pueblos. Para m\u00ed el ejemplo m\u00e1s grande es el de Paraguay de posguerra. Pierde la guerra de la triple alianza y pr\u00e1cticamente el pa\u00eds queda en manos de las mujeres. Y la mujer paraguaya siente que tiene que levantar el pa\u00eds, defender la fe, defender su cultura y defender su lengua, y lo logr\u00f3. La mujer paraguaya no es <em>cipaya<\/em>, defendi\u00f3 lo suyo. A costa de lo que fuera, pero lo defendi\u00f3, y repobl\u00f3 el pa\u00eds. Para m\u00ed es la mujer m\u00e1s gloriosa de Am\u00e9rica. Ah\u00ed tiene un caso de una actitud que no se entreg\u00f3. Hay heroicidad. En Buenos Aires hay un barrio, a la orilla del R\u00edo de la Plata, cuyas calles tienen nombres de mujeres patriotas, que lucharon por la independencia, lucharon por la patria. La mujer tiene m\u00e1s sentido. Quiz\u00e1 exagero. Bueno, si exagero que me corrijan. Pero tiene m\u00e1s sentido de defender la patria porque es madre. Es menos <em>cipaya<\/em>. Tiene menos peligro de caer en el <em>cipayismo<\/em>.<\/span><\/li>\n<\/ol>\n<p>&nbsp;<\/p>\n<p>&nbsp;<\/p>\n<p>&nbsp;<\/p>\n<ol>\n<li><span style=\"font-size: 14pt;\">Por eso duele tanto <a href=\"http:\/\/elpais.com\/tag\/dia_internacional_eliminacion_violencia_contra_la_mujer\/a\/\">la violencia contra las mujeres,<\/a> que es una lacra, en Latinoam\u00e9rica y en tantos sitios\u2026<\/span><\/li>\n<li><span style=\"font-size: 14pt;\">En todos lados. En Europa\u2026 En Italia, por ejemplo, he visitado organizaciones de rescate de chicas prostitutas que son explotadas por europeos. Una me dec\u00eda que fue tra\u00edda de Eslovaquia en el ba\u00fal de un auto para poder pasarla. Y le dicen: ten\u00e9s que traer tanto hoy, y si no traes eso, cobr\u00e1s. Le pegan\u2026 \u00bfEn Roma? En Roma. La situaci\u00f3n de esas mujeres ac\u00e1, \u00a1en Roma!, es de terror. En esa casa que visit\u00e9 yo hab\u00eda una que le hab\u00edan cortado la oreja. Las torturan cuando no re\u00fanen el dinero suficiente. Y las tienen agarradas porque las asustan, les dicen que les van a matar a los padres. Albanesas, nigerianas, incluso italianas. Una cosa muy linda es que estas asociaciones se dedican a ir por las calles, se acercan a ellas y, en vez de decirles \u201ccu\u00e1nto cobr\u00e1s, cu\u00e1nto cost\u00e1s\u201d, les preguntan: \u00ab\u00bfCu\u00e1nto sufr\u00eds?\u00bb \u00a1La primera vez que alguien les pregunta por el sufrimiento! Y las llevan a una colonia segura para que se recuperen. Yo visit\u00e9 una de esas colonias con chicas recuperadas el a\u00f1o pasado y hab\u00eda dos hombres, eran voluntarios. Y una me dijo: yo lo encontr\u00e9 a \u00e9l. Se hab\u00eda casado con el hombre que le hab\u00eda salvado y estaban deseando tener un hijo. Y otra: este es mi novio, nos vamos a casar. El usufructo de la mujer es de las cosas m\u00e1s desastrosas que suceden, tambi\u00e9n aqu\u00ed, en Roma. La esclavitud de la mujer.<\/span><\/li>\n<\/ol>\n<p>&nbsp;<\/p>\n<p>&nbsp;<\/p>\n<ol>\n<li><span style=\"font-size: 14pt;\">\u00bfNo cree que despu\u00e9s del intento fallido de la teolog\u00eda de la liberaci\u00f3n, la Iglesia ha perdido muchas posiciones en beneficio de otras confesiones e incluso sectas? \u00bfA qu\u00e9 se debe?<\/span><\/li>\n<li><span style=\"font-size: 14pt;\">La <a href=\"http:\/\/sociedad.elpais.com\/sociedad\/2014\/08\/04\/actualidad\/1407181648_906668.html\">teolog\u00eda de la liberaci\u00f3n<\/a> fue una cosa positiva en Am\u00e9rica Latina. Fue condenada por el Vaticano la parte que opt\u00f3 por el an\u00e1lisis marxista de la realidad. El cardenal Ratzinger hizo dos instrucciones cuando era perfecto de la Doctrina de la Fe. Una muy clara sobre el an\u00e1lisis marxista de la realidad. Y la segunda retomando aspectos positivos. La teolog\u00eda de la liberaci\u00f3n tuvo aspectos positivos y tambi\u00e9n tuvo desviaciones, sobre todo en la parte del an\u00e1lisis marxista de la realidad.<\/span><\/li>\n<\/ol>\n<p>&nbsp;<\/p>\n<p>&nbsp;<\/p>\n<p><span style=\"font-size: 14pt;\"><strong><em>Que el Mediterr\u00e1neo se haya convertido en un cementerio nos tiene que hacer pensar.<\/em><\/strong><\/span><\/p>\n<ol>\n<li><span style=\"font-size: 14pt;\">Sus relaciones con Argentina. El Vaticano se ha convertido de tres a\u00f1os para ac\u00e1 en un lugar de peregrinaje de los pol\u00edticos de distintos partidos. \u00bfSe ha sentido utilizado?<\/span><\/li>\n<li><span style=\"font-size: 14pt;\">Ah, s\u00ed. Algunos me dicen \u201cnos tomamos una foto de recuerdo, y le prometo que va a ser para m\u00ed y no la voy a publicar\u201d. Y antes de salir por la puerta ya la ha publicado. [Sonr\u00ede] Bueno, si le hace feliz usarla el problema es suyo. Se disminuye la calidad de esa persona. El que usa tiene poca altura. Y qu\u00e9 voy a hacer. El problema es de \u00e9l, no m\u00edo. Vienen muchos argentinos a la audiencia general. En Argentina siempre hubo mucho turismo, pero ahora pasar a una audiencia general del Papa es casi obligatorio. [Risas] Despu\u00e9s los que vienen ac\u00e1 y que son amigos \u2014yo viv\u00ed 76 a\u00f1os en Argentina \u2014, a veces mi familia, algunos sobrinos. Pero, usado, s\u00ed; hay gente que me ha usado, ha usado fotos, como si yo hubiese dicho cosas y cuando me preguntan, siempre respondo: no es problema m\u00edo, no hice declaraciones, si lo dijo \u00e9l, es problema de \u00e9l. Pero no entro en el juego del uso. All\u00e1 \u00e9l con su conciencia.<\/span><\/li>\n<\/ol>\n<p>&nbsp;<\/p>\n<p>&nbsp;<\/p>\n<p>&nbsp;<\/p>\n<p>&nbsp;<\/p>\n<p>&nbsp;<\/p>\n<ol>\n<li><span style=\"font-size: 14pt;\">Un tema recurrente es el del papel de los laicos y, sobre todo, de las mujeres en la Iglesia. Su deseo es que tengan mayores cuotas de influencia e incluso de decisi\u00f3n. Esos son sus deseos. \u00bfHasta d\u00f3nde cree que puede llegar?<\/span><\/li>\n<li><span style=\"font-size: 14pt;\">El <a href=\"http:\/\/internacional.elpais.com\/internacional\/2016\/05\/12\/actualidad\/1463061839_041604.html\">papel de la mujer<\/a> no hay que buscarlo tanto por la funcionalidad, porque as\u00ed vamos a terminar convirtiendo a la mujer, o al movimiento de la mujer en la Iglesia, en un machismo con faldas. No. Es mucho m\u00e1s importante que una reivindicaci\u00f3n funcional. El camino de lo funcional est\u00e1 bien. La subdirectora de la sala de prensa vaticana es una mujer, la directora de los Museos Vaticanos es una mujer\u2026 S\u00ed, lo funcional est\u00e1 bien. Pero a m\u00ed lo que me interesa es que la mujer nos d\u00e9 su pensamiento, porque la Iglesia es femenina, es \u201cla\u201d Iglesia, no es \u00abel\u00bb Iglesia, y es \u201cla\u201d esposa de Jesucristo, y ese es el fundamento teologal de la mujer. Y cuando me preguntan \u201cs\u00ed, pero la mujer podr\u00eda tener m\u00e1s\u2026\u201d \u00bfPero qu\u00e9 era m\u00e1s importante el d\u00eda de Pentecost\u00e9s, la Virgen o los ap\u00f3stoles? La Virgen. Lo funcional nos puede traicionar en el poner a la mujer en su sitio. Que hay que ponerla \u2014s\u00ed, porque todav\u00eda falta mucho \u2014, y trabajar para que pueda dar a la Iglesia la originalidad de su ser y de su pensamiento.<\/span><\/li>\n<\/ol>\n<p>&nbsp;<\/p>\n<p>&nbsp;<\/p>\n<p>&nbsp;<\/p>\n<p><span style=\"font-size: 14pt;\">El Papa, con Fidel Castro en una visita a La Habana en septiembre de 2015. Alex Castro AP<\/span><\/p>\n<ol>\n<li><span style=\"font-size: 14pt;\">En algunos de sus viajes, se dirig\u00eda a los religiosos, tanto de la curia romana como de las jerarqu\u00edas locales o incluso a curas y monjas, para pedirles m\u00e1s compromiso, m\u00e1s cercan\u00eda, incluso mejor humor. \u00bfDe qu\u00e9 manera cree que se reciben esos consejos, esos cari\u00f1osos tirones de oreja?<\/span><\/li>\n<\/ol>\n<p>&nbsp;<\/p>\n<p>&nbsp;<\/p>\n<ol>\n<li><span style=\"font-size: 14pt;\">En lo que m\u00e1s insisto es en la vecindad, en la cercan\u00eda. Y es bien recibido por lo general. Siempre hay grupos un poco m\u00e1s fundamentalistas, en todos los pa\u00edses, en Argentina los hay. Son grupos peque\u00f1os, yo los respeto, son gente buena que prefiere vivir as\u00ed su religi\u00f3n. Yo predico lo que siento que el Se\u00f1or me pide predicar.<\/span><\/li>\n<li><span style=\"font-size: 14pt;\">En Europa cada vez se ven m\u00e1s curas y monjas procedentes del llamado tercer mundo. \u00bfA qu\u00e9 se debe este fen\u00f3meno?<\/span><\/li>\n<\/ol>\n<p>&nbsp;<\/p>\n<p>&nbsp;<\/p>\n<ol>\n<li><span style=\"font-size: 14pt;\">Hace 150 a\u00f1os en Am\u00e9rica Latina se ve\u00edan cada vez m\u00e1s curas y monjas europeos, y en \u00c1frica lo mismo y en Asia lo mismo. Las iglesias j\u00f3venes fueron creciendo. En Europa lo que pasa es que no hay natalidad. Italia est\u00e1 bajo cero. Francia es la que creo que est\u00e1 m\u00e1s adelante por todas las leyes de apoyo a la natalidad. Pero no hay natalidad. El bienestar italiano de hace unos a\u00f1os ac\u00e1 cort\u00f3 la natalidad. Preferimos ir de vacaciones, tenemos un perrito, un gatito\u2026No hay natalidad, y si no hay natalidad no hay vocaciones.<\/span><\/li>\n<li><span style=\"font-size: 14pt;\">En sus consistorios, ha creado cardenales de los cinco continentes. \u00bfC\u00f3mo le gustar\u00eda que fuese el c\u00f3nclave que elija a su sucesor? \u00bfCree que ver\u00e1 el pr\u00f3ximo c\u00f3nclave?<\/span><\/li>\n<li><span style=\"font-size: 14pt;\">Que sea cat\u00f3lico. Un c\u00f3nclave cat\u00f3lico que elija a mi sucesor.<\/span><\/li>\n<\/ol>\n<p>&nbsp;<\/p>\n<p><span style=\"font-size: 14pt;\"><strong>P.-<\/strong> \u00bfY lo ver\u00e1?<\/span><\/p>\n<ol>\n<li><span style=\"font-size: 14pt;\">Eso no lo s\u00e9. Que Dios lo decida. Cuando yo sienta que no pueda m\u00e1s, ya mi gran maestro Benedicto me ense\u00f1\u00f3 c\u00f3mo hay que hacerlo. Y si Dios me lleva antes, lo ver\u00e9 desde el otro lado. Espero que no desde el infierno\u2026 Pero que sea un c\u00f3nclave cat\u00f3lico.<\/span><\/li>\n<li><span style=\"font-size: 14pt;\">Se le ve muy contento de ser Papa.<\/span><\/li>\n<\/ol>\n<p><span style=\"font-size: 14pt;\">\u00a0<\/span><\/p>\n<p><span style=\"font-size: 14pt;\">\u00a0<\/span><\/p>\n","protected":false},"excerpt":{"rendered":"<p>Tweet,,,,,,,,,,,,,,,,,,,,,,,,,,,,,,, &nbsp; Entrevista al Papa Francisco\u00a0\u00a0 V &#8230;&#8230;&#8230;&#8230;&#8230;&#8230;&#8230;&#8230;.. Lleva 25 a\u00f1os sin ver la televisi\u00f3n y seg\u00fan tengo entendido los periodistas nunca fueron santo de su devoci\u00f3n, pero se ha reinventado todo el sistema de comunicaci\u00f3n del Vaticano, profesionalizando y elev\u00e1ndolo incluso a la categor\u00eda de dicasterio. \u00bfTanta importancia tienen para el Papa los medios [&hellip;]<\/p>\n","protected":false},"author":1,"featured_media":0,"comment_status":"open","ping_status":"open","sticky":false,"template":"","format":"standard","meta":{"footnotes":""},"categories":[4],"tags":[],"class_list":["post-37641","post","type-post","status-publish","format-standard","hentry","category-divulgacion"],"_links":{"self":[{"href":"http:\/\/www.floracantabrica.com\/index.php?rest_route=\/wp\/v2\/posts\/37641","targetHints":{"allow":["GET"]}}],"collection":[{"href":"http:\/\/www.floracantabrica.com\/index.php?rest_route=\/wp\/v2\/posts"}],"about":[{"href":"http:\/\/www.floracantabrica.com\/index.php?rest_route=\/wp\/v2\/types\/post"}],"author":[{"embeddable":true,"href":"http:\/\/www.floracantabrica.com\/index.php?rest_route=\/wp\/v2\/users\/1"}],"replies":[{"embeddable":true,"href":"http:\/\/www.floracantabrica.com\/index.php?rest_route=%2Fwp%2Fv2%2Fcomments&post=37641"}],"version-history":[{"count":2,"href":"http:\/\/www.floracantabrica.com\/index.php?rest_route=\/wp\/v2\/posts\/37641\/revisions"}],"predecessor-version":[{"id":37643,"href":"http:\/\/www.floracantabrica.com\/index.php?rest_route=\/wp\/v2\/posts\/37641\/revisions\/37643"}],"wp:attachment":[{"href":"http:\/\/www.floracantabrica.com\/index.php?rest_route=%2Fwp%2Fv2%2Fmedia&parent=37641"}],"wp:term":[{"taxonomy":"category","embeddable":true,"href":"http:\/\/www.floracantabrica.com\/index.php?rest_route=%2Fwp%2Fv2%2Fcategories&post=37641"},{"taxonomy":"post_tag","embeddable":true,"href":"http:\/\/www.floracantabrica.com\/index.php?rest_route=%2Fwp%2Fv2%2Ftags&post=37641"}],"curies":[{"name":"wp","href":"https:\/\/api.w.org\/{rel}","templated":true}]}}