{"id":3750,"date":"2010-01-20T14:03:42","date_gmt":"2010-01-20T12:03:42","guid":{"rendered":"http:\/\/www.floracantabrica.com\/?p=3750"},"modified":"2012-11-16T15:20:08","modified_gmt":"2012-11-16T13:20:08","slug":"etnopaisaje-concepto","status":"publish","type":"post","link":"http:\/\/www.floracantabrica.com\/?p=3750","title":{"rendered":"ETNOPAISAJE.CONCEPTO"},"content":{"rendered":"<p><a href=\"http:\/\/twitter.com\/share?url=http%3A%2F%2Fwww.floracantabrica.com%2F%3Fp%3D3750&amp;count=none&amp;lang=es&amp;via=lorencincoreses&amp;related=Mujerverdosa&amp;text=ETNOPAISAJE.CONCEPTO - Flora Cant\u00e1brica\" class=\"twitter-share-button\">Tweet<\/a><\/p><p><strong>Etnopaisaje <\/strong><\/p>\n<p>Al tratar de definir\u00a0\u00a0 el\u00a0 concepto de etnopaisaje, necesariamente tenemos que acudir\u00a0 a los dos componente que lo componen: etno y paisaje<\/p>\n<p>El prefijo ETNOS hace referencia a los aspectos humanos y conocimientos<\/p>\n<p>espec\u00edficos \u00a0de pueblos o etnias, es decir a los \u201cconocimientos\u201d de agrupaciones naturales de individuos de igual cultura. Estos conocimientos se hacen de forma perceptible en el paisaje que contemplamos y por lo tanto se\u00a0 pueden poner en evidencian mediante una fotograf\u00eda o dibujo.<\/p>\n<p>Un examen fotogr\u00e1fico del paisaje, nos permite a trav\u00e9s de las fotograf\u00edas realizadas en distintas \u00e9pocas ver como se aplicaron los conocimientos espec\u00edficos de pueblos o etnias a lo largo de la historia.<\/p>\n<p>En un fotograf\u00eda del pasado podemos ver como una tierra de labranza se deja un a\u00f1o sin cultivar (en barbecho) para que descanse, con el fin de no esquilmar sus recursos nutritivos.<\/p>\n<p>Una fotograf\u00eda de ahora con el cielo azul sin nubes, nos deja una \u00a0ligera silueta blanquecina, que se va desvaneciendo lentamente, es \u00a0el paso de un avi\u00f3n por un sitio concreto y a una hora determinada.<\/p>\n<p>Si consideramos el paisaje en la acepci\u00f3n m\u00e1s sencilla, lo que percibimos con la vista,. esta claro que a\u00a0 trav\u00e9s de las fotograf\u00edas, podemos captar el etnopaisaje , es decir, \u00a0la cultura de los pueblos. As\u00ed, \u00a0se pude apreciar que en las postguerra civil espa\u00f1ola, \u00a0todas las labores agr\u00edcolas se hac\u00edan, sin m\u00e1quina, a mano, tanto la siembra del grano \u00a0, como la siega y recogida de la cosecha. Se pude ver la evoluci\u00f3n no solo en los utensilios de labranza, sin tambi\u00e9n en su forma de vestir y calzar.<\/p>\n<p>Nosotros tambi\u00e9n ahora en la fotograf\u00eda moderna captamos esas enormes extensiones que ocupan las plantaciones de ma\u00edz forrajero,\u00a0 y podemos comprobar el aspecto en que queda\u00a0 el suelo una vez que la maquinaria\u00a0 las ha cortado. Se comprueba tambi\u00e9n a trav\u00e9s de la fotograf\u00eda que\u00a0 estas superficies dedicadas al cultivo del ma\u00edz forrajero, eran anteriormente pastizales seminaturales con una alta biodiversidad\u2026\u2026<\/p>\n<p>&#8230;&#8230;&#8230;&#8230;&#8230;&#8230;&#8230;&#8230;&#8230;&#8230;&#8230;&#8230;&#8230;&#8230;&#8230;<\/p>\n<p><img loading=\"lazy\" decoding=\"async\" title=\"slide0002_image002\" src=\"http:\/\/www.floracantabrica.com\/wp-content\/uploads\/2010\/01\/slide0002_image00216.jpg\" alt=\"slide0002_image002\" width=\"581\" height=\"387\" \/><\/p>\n<p>&#8212;&#8212;&#8212;&#8212;&#8212;&#8212;&#8212;&#8212;&#8212;&#8212;&#8212;&#8212;&#8212;&#8212;&#8212;&#8212;&#8212;&#8212;&#8212;&#8212;&#8212;&#8212;-<\/p>\n<p>En la fotograf\u00eda se pude observar que la nieve lleg\u00f3 cerca de la autov\u00eda del Cant\u00e1brico. Como se aprecia en el rotulo azul, indica el desv\u00edo hacia \u00a0Navia<\/p>\n<p>&#8212;&#8212;&#8212;&#8212;&#8212;&#8212;-<\/p>\n<p><a href=\"http:\/\/www.floracantabrica.com\/wp-content\/uploads\/2010\/01\/slide0002_image0029.jpg\"><img loading=\"lazy\" decoding=\"async\" title=\"slide0002_image002\" src=\"http:\/\/www.floracantabrica.com\/wp-content\/uploads\/2010\/01\/slide0002_image0029.jpg\" alt=\"slide0002_image002\" width=\"481\" height=\"320\" \/><\/a><\/p>\n<p>En \u00a0la finca cercada se puede ver como se mantiene todav\u00eda el prado \u00a0y el cultivo de \u00e1rboles frutales<\/p>\n<p>&#8212;&#8212;&#8212;&#8212;&#8212;&#8212;&#8212;&#8212;&#8212;&#8212;&#8212;&#8212;&#8211;<\/p>\n<p><a href=\"http:\/\/www.floracantabrica.com\/wp-content\/uploads\/2010\/01\/slide0002_image00211.jpg\"><img loading=\"lazy\" decoding=\"async\" title=\"slide0002_image002\" src=\"http:\/\/www.floracantabrica.com\/wp-content\/uploads\/2010\/01\/slide0002_image00211.jpg\" alt=\"slide0002_image002\" width=\"503\" height=\"752\" \/><\/a><\/p>\n<p>&#8230;&#8230;&#8230;&#8230;&#8230;&#8230;&#8230;&#8230;&#8230;&#8230;&#8230;&#8230;&#8230;&#8230;&#8230;&#8230;&#8230;&#8230;&#8230;&#8230;&#8230;&#8230;&#8230;&#8230;&#8230;&#8230;&#8230;&#8230;&#8230;&#8230;&#8230;&#8230;&#8230;&#8230;<\/p>\n<p>En esta foto vemos \u00a0un campo sembrado \u00a0de \u201cgrelos\u201d y las huellas del paso de un avi\u00f3n<\/p>\n<p>&#8230;&#8230;&#8230;&#8230;&#8230;&#8230;&#8230;&#8230;&#8230;&#8230;&#8230;<\/p>\n<p><a href=\"http:\/\/www.floracantabrica.com\/wp-content\/uploads\/2009\/10\/slide0002_image0022.jpg\"><img loading=\"lazy\" decoding=\"async\" title=\"slide0002_image002\" src=\"http:\/\/www.floracantabrica.com\/wp-content\/uploads\/2009\/10\/slide0002_image0022.jpg\" alt=\"Plantaci\u00f3n masiva de maiz como forraje,sustituyendo al pasto tradicional\" width=\"516\" height=\"346\" \/><\/a><\/p>\n<p>&#8230;&#8230;&#8230;&#8230;&#8230;&#8230;&#8230;&#8230;&#8230;&#8230;&#8230;&#8230;&#8230;&#8230;<\/p>\n<p>Plantaci\u00f3n maxiva de maiz como forraje sustituyendo\u00a0 a los pastizales tradicionles com mayor biodiversidad<a href=\"http:\/\/www.floracantabrica.com\/wp-content\/uploads\/2010\/01\/slide0002_image00216.jpg\"><\/a><\/p>\n<p>&#8230;&#8230;&#8230;&#8230;&#8230;&#8230;&#8230;&#8230;&#8230;&#8230;&#8230;&#8230;&#8230;<\/p>\n<p><a href=\"http:\/\/www.floracantabrica.com\/wp-content\/uploads\/2010\/01\/slide0002_image00229.jpg\"><img loading=\"lazy\" decoding=\"async\" title=\"slide0002_image002\" src=\"http:\/\/www.floracantabrica.com\/wp-content\/uploads\/2010\/01\/slide0002_image00229.jpg\" alt=\"slide0002_image002\" width=\"471\" height=\"313\" \/><\/a><\/p>\n<p><a href=\"http:\/\/www.floracantabrica.com\/wp-content\/uploads\/2010\/01\/slide0002_image00216.jpg\"><\/a> Aspecto del suelo despues de cortar el maiz forrajero,\u00a0 se aprecian peque\u00f1os fragmenos de las ca\u00f1as<\/p>\n<p>&#8212;&#8212;&#8212;&#8212;&#8212;&#8212;&#8212;&#8212;-<\/p>\n<p><a href=\"http:\/\/www.floracantabrica.com\/wp-content\/uploads\/2010\/01\/slide0002_image00230.jpg\"><img loading=\"lazy\" decoding=\"async\" title=\"slide0002_image002\" src=\"http:\/\/www.floracantabrica.com\/wp-content\/uploads\/2010\/01\/slide0002_image00230.jpg\" alt=\"slide0002_image002\" width=\"512\" height=\"341\" \/><\/a><\/p>\n<p>&#8212;&#8212;&#8212;-<\/p>\n<p>Campo de ma\u00edz cortado, y bordeado por sauces y abedules<\/p>\n<p>&#8230;&#8230;&#8230;&#8230;&#8230;&#8230;&#8230;&#8230;&#8230;&#8230;&#8230;&#8230;&#8230;&#8230;&#8230;&#8230;&#8230;&#8230;&#8230;&#8230;<\/p>\n<p><a href=\"http:\/\/www.floracantabrica.com\/wp-content\/uploads\/2010\/01\/slide0002_image00231.jpg\"><img loading=\"lazy\" decoding=\"async\" title=\"slide0002_image002\" src=\"http:\/\/www.floracantabrica.com\/wp-content\/uploads\/2010\/01\/slide0002_image00231.jpg\" alt=\"slide0002_image002\" width=\"490\" height=\"326\" \/><\/a><\/p>\n<p>&#8212;&#8212;&#8212;&#8212;-<\/p>\n<p>Foto tomada desde el Mirador de Coa\u00f1a, donde se ve el Embalse de Arb\u00f3n, \u00a0todav\u00eda praderas seminaturales, con abundantes plantaciones de eucaliptos, \u00a0que alternan con peque\u00f1as manchas de bosquetes de carbayos<\/p>\n<p>&#8212;&#8212;&#8212;&#8212;&#8212;&#8212;&#8212;&#8212;&#8212;&#8212;&#8212;&#8212;-<\/p>\n<p><a href=\"http:\/\/www.floracantabrica.com\/wp-content\/uploads\/2010\/01\/slide0002_image00232.jpg\"><img loading=\"lazy\" decoding=\"async\" title=\"slide0002_image002\" src=\"http:\/\/www.floracantabrica.com\/wp-content\/uploads\/2010\/01\/slide0002_image00232.jpg\" alt=\"slide0002_image002\" width=\"512\" height=\"341\" \/><\/a><\/p>\n<p>&#8230;&#8230;&#8230;&#8230;<\/p>\n<p>Antiguo caser\u00edo, con naranjos y pradera seminatural<\/p>\n<p>&#8230;&#8230;&#8230;&#8230;&#8230;&#8230;&#8230;&#8230;&#8230;..<a href=\"http:\/\/www.floracantabrica.com\/wp-content\/uploads\/2010\/01\/slide0002_image00233.jpg\"><img loading=\"lazy\" decoding=\"async\" title=\"slide0002_image002\" src=\"http:\/\/www.floracantabrica.com\/wp-content\/uploads\/2010\/01\/slide0002_image00233.jpg\" alt=\"slide0002_image002\" width=\"546\" height=\"364\" \/><\/a><\/p>\n<p>&#8230;&#8230;&#8230;&#8230;&#8230;<\/p>\n<p>Brezal- tojal en el Mirador de Coa\u00f1a (Parque Hist\u00f3rico del Navia), repoblado por pinos<\/p>\n<p>&#8230;&#8230;&#8230;&#8230;&#8230;&#8230;<\/p>\n<p><a href=\"http:\/\/www.floracantabrica.com\/wp-content\/uploads\/2010\/01\/Dibujobbbbbbbbbbbbbbbbbb.bmp\"><img decoding=\"async\" class=\"aligncenter size-full wp-image-3947\" title=\"Dibujobbbbbbbbbbbbbbbbbb\" src=\"http:\/\/www.floracantabrica.com\/wp-content\/uploads\/2010\/01\/Dibujobbbbbbbbbbbbbbbbbb.bmp\" alt=\"Dibujobbbbbbbbbbbbbbbbbb\" \/><\/a><\/p>\n<p>&#8230;&#8230;&#8230;&#8230;&#8230;&#8230;&#8230;<\/p>\n<p><a href=\"http:\/\/www.floracantabrica.com\/wp-content\/uploads\/2010\/01\/Dibujoccccccccccccccc.bmp\"><img decoding=\"async\" class=\"aligncenter size-full wp-image-3948\" title=\"Dibujoccccccccccccccc\" src=\"http:\/\/www.floracantabrica.com\/wp-content\/uploads\/2010\/01\/Dibujoccccccccccccccc.bmp\" alt=\"Dibujoccccccccccccccc\" \/><\/a><\/p>\n<p>&#8230;&#8230;&#8230;&#8230;&#8230;..<\/p>\n<p><a href=\"http:\/\/www.floracantabrica.com\/wp-content\/uploads\/2010\/01\/slide0002_image00297.jpg\"><img loading=\"lazy\" decoding=\"async\" class=\"aligncenter size-full wp-image-3949\" title=\"slide0002_image002\" src=\"http:\/\/www.floracantabrica.com\/wp-content\/uploads\/2010\/01\/slide0002_image00297.jpg\" alt=\"slide0002_image002\" width=\"501\" height=\"518\" srcset=\"http:\/\/www.floracantabrica.com\/wp-content\/uploads\/2010\/01\/slide0002_image00297.jpg 501w, http:\/\/www.floracantabrica.com\/wp-content\/uploads\/2010\/01\/slide0002_image00297-290x300.jpg 290w\" sizes=\"auto, (max-width: 501px) 100vw, 501px\" \/><\/a><\/p>\n<p>&#8230;&#8230;&#8230;&#8230;&#8230;&#8230;<\/p>\n<p><span style=\"font-size: large;\">Ciudades precolombinas<\/span><\/p>\n<p><span style=\"font-size: large;\"> <\/span><\/p>\n<p><a href=\"http:\/\/www.floracantabrica.com\/wp-content\/uploads\/2010\/01\/slide0002_image00243.jpg\"><img loading=\"lazy\" decoding=\"async\" title=\"slide0002_image002\" src=\"http:\/\/www.floracantabrica.com\/wp-content\/uploads\/2010\/01\/slide0002_image00243.jpg\" alt=\"slide0002_image002\" width=\"521\" height=\"372\" \/><\/a><\/p>\n<p>&#8230;&#8230;&#8230;&#8230;&#8230;&#8230;&#8230;&#8230;&#8230;<\/p>\n<p><strong>Pastores asoleyando los \u00fatiles pa facer quesu. Tresviso, Cantabria. Picos d&#8217;Europa. 1931<\/strong><\/p>\n<p>Pastores en los Picos de Europa, en camino de la elaboraci\u00f3n artesanal del queso<\/p>\n<p>&#8212;&#8212;&#8212;-<\/p>\n<p><a href=\"http:\/\/www.floracantabrica.com\/wp-content\/uploads\/2010\/01\/slide0002_image00244.jpg\"><img loading=\"lazy\" decoding=\"async\" title=\"slide0002_image002\" src=\"http:\/\/www.floracantabrica.com\/wp-content\/uploads\/2010\/01\/slide0002_image00244.jpg\" alt=\"slide0002_image002\" width=\"518\" height=\"370\" \/><\/a><\/p>\n<p>&#8230;&#8230;&#8230;..<\/p>\n<p>Caser\u00edo rural del Norte de Espa\u00f1a, la hierba todav\u00eda es almacenada en el interior de la vivienda, por un ventanal<\/p>\n<p>&#8212;&#8212;&#8211;<\/p>\n<p><a href=\"http:\/\/www.floracantabrica.com\/wp-content\/uploads\/2010\/01\/slide0002_image00245.jpg\"><img loading=\"lazy\" decoding=\"async\" title=\"slide0002_image002\" src=\"http:\/\/www.floracantabrica.com\/wp-content\/uploads\/2010\/01\/slide0002_image00245.jpg\" alt=\"slide0002_image002\" width=\"524\" height=\"374\" \/><\/a><\/p>\n<p><span style=\"font-size: small;\">Pastores en la Cordillera Cant\u00e1brica<\/span><\/p>\n<p><span style=\"font-size: small;\">&#8230;&#8230;&#8230;&#8230;&#8230;&#8230;&#8230;&#8230;&#8230;&#8230;..<\/span><\/p>\n<p><span style=\"font-size: small;\"><a href=\"http:\/\/www.floracantabrica.com\/wp-content\/uploads\/2010\/01\/slide0002_image00246.jpg\"><img loading=\"lazy\" decoding=\"async\" title=\"slide0002_image002\" src=\"http:\/\/www.floracantabrica.com\/wp-content\/uploads\/2010\/01\/slide0002_image00246.jpg\" alt=\"slide0002_image002\" width=\"484\" height=\"676\" \/><\/a><\/span><\/p>\n<p><span style=\"font-size: medium;\">Caba\u00f1a de Pastores en la Cordillera\u00a0 Cant\u00e1brica<\/span><\/p>\n<p><span style=\"font-size: medium;\">&#8230;&#8230;&#8230;&#8230;..<\/span><\/p>\n<p><span style=\"font-size: medium;\"><a href=\"http:\/\/www.floracantabrica.com\/wp-content\/uploads\/2010\/01\/slide0002_image00247.jpg\"><img loading=\"lazy\" decoding=\"async\" title=\"slide0002_image002\" src=\"http:\/\/www.floracantabrica.com\/wp-content\/uploads\/2010\/01\/slide0002_image00247.jpg\" alt=\"slide0002_image002\" width=\"507\" height=\"362\" \/><\/a><\/span><\/p>\n<p><span style=\"font-size: medium;\">El Horreo forma parte de nuesta cultura rural <\/span><\/p>\n<p><span style=\"font-size: medium;\"> <\/span><\/p>\n<p><span style=\"font-size: medium;\">&#8212;&#8212;&#8212;-<\/span><\/p>\n<p><strong>&#8230;&#8230;&#8230;<\/strong><\/p>\n<p><a href=\"http:\/\/www.floracantabrica.com\/wp-content\/uploads\/2010\/01\/slide0002_image00256.jpg\"><img loading=\"lazy\" decoding=\"async\" title=\"slide0002_image002\" src=\"http:\/\/www.floracantabrica.com\/wp-content\/uploads\/2010\/01\/slide0002_image00256.jpg\" alt=\"slide0002_image002\" width=\"455\" height=\"636\" \/><\/a><\/p>\n<p>&#8230;&#8230;&#8230;&#8230;&#8230;..<\/p>\n<p><span style=\"font-size: medium;\">Segador de hierba con guada\u00f1a ( Picos de Europa)<\/span><\/p>\n<p><span style=\"font-size: medium;\">&#8230;&#8230;&#8230;..<\/span><\/p>\n<p><span style=\"font-size: medium;\"><a href=\"http:\/\/www.floracantabrica.com\/wp-content\/uploads\/2010\/01\/slide0002_image00257.jpg\"><img loading=\"lazy\" decoding=\"async\" title=\"slide0002_image002\" src=\"http:\/\/www.floracantabrica.com\/wp-content\/uploads\/2010\/01\/slide0002_image00257.jpg\" alt=\"slide0002_image002\" width=\"504\" height=\"703\" \/><\/a><\/span><\/p>\n<p><span style=\"font-size: medium;\">&#8212;&#8212;&#8212;-<\/span><\/p>\n<p><span style=\"font-size: medium;\">Casa rural del norte de Espa\u00f1a<\/span><\/p>\n<p><span style=\"font-size: medium;\">&#8212;&#8211;<\/span><\/p>\n<p><span style=\"font-size: medium;\"><a href=\"http:\/\/www.floracantabrica.com\/wp-content\/uploads\/2010\/01\/slide0002_image00258.jpg\"><img loading=\"lazy\" decoding=\"async\" title=\"slide0002_image002\" src=\"http:\/\/www.floracantabrica.com\/wp-content\/uploads\/2010\/01\/slide0002_image00258.jpg\" alt=\"slide0002_image002\" width=\"578\" height=\"412\" \/><\/a><\/span><\/p>\n<p><span style=\"font-size: medium;\">&#8212;&#8212;&#8212;<\/span><\/p>\n<p><span style=\"font-size: medium;\">Poblado de Cabrales (Asturias) pavimentado<\/span><\/p>\n<p><span style=\"font-size: medium;\">&#8230;&#8230;&#8230;<\/span><\/p>\n<p><span style=\"font-size: medium;\"><a href=\"http:\/\/www.floracantabrica.com\/wp-content\/uploads\/2010\/01\/slide0002_image00259.jpg\"><img loading=\"lazy\" decoding=\"async\" title=\"slide0002_image002\" src=\"http:\/\/www.floracantabrica.com\/wp-content\/uploads\/2010\/01\/slide0002_image00259.jpg\" alt=\"slide0002_image002\" width=\"527\" height=\"376\" \/><\/a><\/span><\/p>\n<p><span style=\"font-size: medium;\"> <\/span><\/p>\n<p><span style=\"font-size: medium;\">Agricultores peruanos.<\/span><\/p>\n<p><span style=\"font-size: medium;\">&#8230;&#8230;..<\/span><\/p>\n<p><span style=\"font-size: medium;\"> <strong><span style=\"font-size: large;\">Bibliograf\u00eda<\/span><\/strong><\/span><\/p>\n<p><span style=\"font-size: medium;\"> <\/span><\/p>\n<p><span style=\"font-size: medium;\"> <\/span>Funtowicz \u00a0SO\u00a0 y JR Ravetz, 1992, tres tipos de evaluaci\u00f3n de riesgos y el surgimiento de la ciencia post-normal, en Krimsky S. y Golding, D. (eds.), Social <em>Theories of Risk,<\/em> Westport (CN), Praeger, pp. 251-273 251-273<\/p>\n<p>Funtowicz\u00a0\u00a0 SO and JR Ravetz, 1990: Uncertainty and Quality in Science for Policy, Kluwer Academic Publishers, Dordrecht , NL, 1990. \u00a0\u00a0Funtowicz \u00a0SO y JR Ravetz, 1990: La incertidumbre y la calidad de la Ciencia para la pol\u00edtica, Kluwer Academic Publishers, Dordrecht, NL, 1990.<\/p>\n<p>-Funtowicz\u00a0\u00a0\u00a0 SO\u00a0 and JR Ravetz, 1993: Science for the post-normal age, <em>Futures<\/em> 25:7, 739-755. \u00a0\u00a0Funtowicz \u00a0SO y JR Ravetz, 1993: Ciencia para la era post-normal, <em>Futures<\/em> 25:7, 739- 755.<\/p>\n<p>Toledo, V.M. 2007. H\u00e1bitat: del Riesgo a la Sustentabilidad. Libro Cat\u00e1logo de la Exposici\u00f3n H\u00e1bitat. Foro Mundial de las Culturas. Monterrey, Nuevo Le\u00f3n.<\/p>\n<p>Toledo, V.M. y N. Barrera-Bassols 2008. La Memoria Biocultural: la importancia ecol\u00f3gica de las sabidur\u00edas tradicionales. Icaria Editorial, Barcelona. 230 pp. ISBN 978-84-9888-001-4.<\/p>\n<p><span style=\"font-size: small;\">Estudios sobre senderos, paisajes y cultura en la comarca de Lena (Asturias)<\/span><\/p>\n<p><cite><a href=\"http:\/\/www.xuliocs.com\"><span style=\"font-size: medium;\"><\/span><\/a><\/cite><\/p>\n<p><cite><strong><span style=\"font-size: medium;\">&#8230;&#8230;&#8230;&#8230;&#8230;&#8230;&#8230;&#8230;&#8230;&#8230;&#8230;&#8230;&#8230;&#8230;&#8230;&#8230;&#8230;&#8230;&#8230;&#8230;&#8230;&#8230;&#8230;&#8230;&#8230;&#8230;&#8230;&#8230;&#8230;&#8230;&#8230;<\/span><\/strong><\/cite><\/p>\n","protected":false},"excerpt":{"rendered":"<p>TweetEtnopaisaje Al tratar de definir\u00a0\u00a0 el\u00a0 concepto de etnopaisaje, necesariamente tenemos que acudir\u00a0 a los dos componente que lo componen: etno y paisaje El prefijo ETNOS hace referencia a los aspectos humanos y conocimientos espec\u00edficos \u00a0de pueblos o etnias, es decir a los \u201cconocimientos\u201d de agrupaciones naturales de individuos de igual cultura. Estos conocimientos se [&hellip;]<\/p>\n","protected":false},"author":1,"featured_media":0,"comment_status":"open","ping_status":"open","sticky":false,"template":"","format":"standard","meta":{"footnotes":""},"categories":[5],"tags":[],"class_list":["post-3750","post","type-post","status-publish","format-standard","hentry","category-etnopaisaje"],"_links":{"self":[{"href":"http:\/\/www.floracantabrica.com\/index.php?rest_route=\/wp\/v2\/posts\/3750","targetHints":{"allow":["GET"]}}],"collection":[{"href":"http:\/\/www.floracantabrica.com\/index.php?rest_route=\/wp\/v2\/posts"}],"about":[{"href":"http:\/\/www.floracantabrica.com\/index.php?rest_route=\/wp\/v2\/types\/post"}],"author":[{"embeddable":true,"href":"http:\/\/www.floracantabrica.com\/index.php?rest_route=\/wp\/v2\/users\/1"}],"replies":[{"embeddable":true,"href":"http:\/\/www.floracantabrica.com\/index.php?rest_route=%2Fwp%2Fv2%2Fcomments&post=3750"}],"version-history":[{"count":7,"href":"http:\/\/www.floracantabrica.com\/index.php?rest_route=\/wp\/v2\/posts\/3750\/revisions"}],"predecessor-version":[{"id":3755,"href":"http:\/\/www.floracantabrica.com\/index.php?rest_route=\/wp\/v2\/posts\/3750\/revisions\/3755"}],"wp:attachment":[{"href":"http:\/\/www.floracantabrica.com\/index.php?rest_route=%2Fwp%2Fv2%2Fmedia&parent=3750"}],"wp:term":[{"taxonomy":"category","embeddable":true,"href":"http:\/\/www.floracantabrica.com\/index.php?rest_route=%2Fwp%2Fv2%2Fcategories&post=3750"},{"taxonomy":"post_tag","embeddable":true,"href":"http:\/\/www.floracantabrica.com\/index.php?rest_route=%2Fwp%2Fv2%2Ftags&post=3750"}],"curies":[{"name":"wp","href":"https:\/\/api.w.org\/{rel}","templated":true}]}}