{"id":37498,"date":"2017-01-13T20:51:48","date_gmt":"2017-01-13T18:51:48","guid":{"rendered":"http:\/\/www.floracantabrica.com\/?p=37498"},"modified":"2022-01-20T14:59:17","modified_gmt":"2022-01-20T12:59:17","slug":"frases-del-dia-13117","status":"publish","type":"post","link":"http:\/\/www.floracantabrica.com\/?p=37498","title":{"rendered":"Frases del dia 13,1,17"},"content":{"rendered":"<p><a href=\"http:\/\/twitter.com\/share?url=http%3A%2F%2Fwww.floracantabrica.com%2F%3Fp%3D37498&amp;count=none&amp;lang=es&amp;via=lorencincoreses&amp;related=Mujerverdosa&amp;text=Frases del dia 13,1,17 - Flora Cant\u00e1brica\" class=\"twitter-share-button\">Tweet<\/a><\/p><p>,,,,,,,,,,,,,,,,,,,,,,<\/p>\n<p><span style=\"font-size: 14pt;\"><strong>Esto es lo que el Papa Francisco pide a j\u00f3venes en una carta por el pr\u00f3ximo S\u00ednodo<\/strong><\/span><\/p>\n<p>&nbsp;<\/p>\n<p><span style=\"font-size: 14pt;\"><strong>\u2026\u2026<\/strong><\/span><\/p>\n<p><a href=\"http:\/\/www.floracantabrica.com\/wp-content\/uploads\/2017\/01\/image00253.jpg\"><img loading=\"lazy\" decoding=\"async\" class=\"aligncenter size-full wp-image-37461\" src=\"http:\/\/www.floracantabrica.com\/wp-content\/uploads\/2017\/01\/image00253.jpg\" alt=\"image002\" width=\"567\" height=\"776\" srcset=\"http:\/\/www.floracantabrica.com\/wp-content\/uploads\/2017\/01\/image00253.jpg 567w, http:\/\/www.floracantabrica.com\/wp-content\/uploads\/2017\/01\/image00253-219x300.jpg 219w\" sizes=\"auto, (max-width: 567px) 100vw, 567px\" \/><\/a><\/p>\n<p>&nbsp;<\/p>\n<p><span style=\"font-size: 14pt;\"><strong>\u2026\u2026<\/strong><\/span><\/p>\n<p><span style=\"font-size: 14pt;\">VATICANO, 13 Ene. 17 \/ 06:41 am (<strong><a href=\"http:\/\/www.aciprensa.com\/\">ACI<\/a><\/strong>).- \u201cHe querido que ustedes ocupen el centro de la atenci\u00f3n porque los llevo en el coraz\u00f3n\u201d. Con esa afirmaci\u00f3n, referida al tema de la pr\u00f3xima Asamblea General Ordinaria del S\u00ednodo de los Obispos, que llevar\u00e1 por tema \u201cLos j\u00f3venes, la fe y el discernimiento vocacional\u201d, el Papa Francisco hace una acuciante exhortaci\u00f3n a las nuevas generaciones en vistas al S\u00ednodo que tendr\u00e1 lugar en octubre de 2018.<\/span><\/p>\n<p>&nbsp;<\/p>\n<p><span style=\"font-size: 14pt;\">\u00a0<\/span><\/p>\n<p><span style=\"font-size: 14pt;\">En una carta escrita por el Santo Padre a los j\u00f3venes, con motivo de la <a href=\"https:\/\/www.aciprensa.com\/noticias\/texto-carta-del-papa-francisco-a-los-jovenes-por-el-sinodo-de-los-obispos-2018-53333\/\">presentaci\u00f3n del Documento Preparatorio del S\u00ednodo<\/a>\u00a0este viernes 13 de enero, los anima a <strong>no tener miedo y ponerse en camino hacia aquello que Dios les pide<\/strong>.<\/span><\/p>\n<p>&nbsp;<\/p>\n<p><span style=\"font-size: 14pt;\">[<strong>Puede leer:\u00a0<a href=\"https:\/\/www.aciprensa.com\/noticias\/texto-documento-preparatorio-para-el-sinodo-de-los-obispos-2018-sobre-los-jovenes-14547\/\">Documento preparatorio para el S\u00ednodo de los Obispos 2018 sobre los j\u00f3venes<\/a><\/strong>]<\/span><\/p>\n<p>&nbsp;<\/p>\n<p><span style=\"font-size: 14pt;\">En su carta, el Pont\u00edfice hace referencia a las palabras que Dios dirigi\u00f3 a Abraham: \u201cVete de tu tierra, de tu patria y de la casa de tu padre a la tierra que yo te mostrar\u00e9\u201d. Francisco explica que estas palabras est\u00e1n dedicadas hoy a los j\u00f3venes: \u201cson las palabras de un Padre que los invita a \u2018salir\u2019 para lanzarse hacia un futuro no conocido pero prometedor de seguras realizaciones, a cuyo encuentro \u00c9l mismo los acompa\u00f1a\u201d.<\/span><\/p>\n<p>&nbsp;<\/p>\n<p><span style=\"font-size: 14pt;\">En este sentido, el Papa invita a los j\u00f3venes \u201ca <strong>escuchar la voz de Dios que resuena en el coraz\u00f3n de cada uno<\/strong> a trav\u00e9s del soplo vital del Esp\u00edritu Santo\u201d.<\/span><\/p>\n<p>&nbsp;<\/p>\n<p><span style=\"font-size: 14pt;\">Explica que cuando Dios le dice a Abraham que se marche \u201cno le ped\u00eda huir de los suyos o del mundo. Su invitaci\u00f3n fue una fuerte provocaci\u00f3n para que dejase todo y se encaminase hacia una tierra nueva\u201d.<\/span><\/p>\n<p>&nbsp;<\/p>\n<p><span style=\"font-size: 14pt;\">Francisco exhorta a los j\u00f3venes a que se planteen si dicha tierra, \u201c\u00bfno es acaso para ustedes aquella sociedad m\u00e1s justa y fraterna que desean profundamente y que quieren construir hasta las periferias del mundo?\u201d.<\/span><\/p>\n<p>&nbsp;<\/p>\n<p><span style=\"font-size: 14pt;\">\u201cSin embargo, hoy, la expresi\u00f3n \u2018Vete\u2019 asume un significado diverso: el de la prevaricaci\u00f3n, de la injusticia y de la guerra. Muchos j\u00f3venes entre ustedes est\u00e1n sometidos al chantaje de la violencia y se ven obligados a huir de la tierra natal. El grito de ellos sube a Dios, como el de Israel esclavo de la opresi\u00f3n del Fara\u00f3n\u201d, se\u00f1ala.<\/span><\/p>\n<p>&nbsp;<\/p>\n<p><span style=\"font-size: 14pt;\">En esta carta, el Santo Padre recuerda las palabras de Jes\u00fas cuando contestaba a las personas que le preguntaban d\u00f3nde viv\u00eda: \u201cvenid y lo ver\u00e9is\u201d.<\/span><\/p>\n<p>&nbsp;<\/p>\n<p><span style=\"font-size: 14pt;\">Dice el Papa: \u201c<strong>tambi\u00e9n a ustedes Jes\u00fas dirige su mirada y los invita a ir hacia \u00c9l<\/strong>. \u00bfHan encontrado esta mirada, queridos j\u00f3venes? \u00bfHan escuchado esta voz? \u00bfHan sentido este impulso a ponerse en camino? Estoy seguro de que, si bien el ruido y el aturdimiento parecen reinar en el mundo, esta llamada contin\u00faa a resonar en el coraz\u00f3n da cada uno para abrirlo a la alegr\u00eda plena\u201d.<\/span><\/p>\n<p>&nbsp;<\/p>\n<p><span style=\"font-size: 14pt;\">Sin embargo, el Obispo de Roma recuerda que es necesario \u201cel acompa\u00f1amiento de gu\u00edas expertos\u201d para \u201cemprender un itinerario de discernimiento para descubrir el proyecto de Dios en la propia <a href=\"http:\/\/www.aciprensa.com\/vida\">vida<\/a>\u201d.<\/span><\/p>\n<p>&nbsp;<\/p>\n<p><span style=\"font-size: 14pt;\">\u201cIncluso cuando el camino se encuentre marcado por la precariedad y la ca\u00edda, <strong>Dios, que es rico en misericordia, tender\u00e1 su mano para levantarlos<\/strong>\u201d.<\/span><\/p>\n<p>&nbsp;<\/p>\n<p><span style=\"font-size: 14pt;\">El Papa concluye su carta animando a los j\u00f3venes a <strong>no tener miedo \u201cde escuchar al Esp\u00edritu que les sugiere opciones audaces<\/strong>\u201d, porque \u201cun mundo mejor se construye tambi\u00e9n gracias a ustedes, que siempre desean cambiar y ser generosos\u201d. \u201c<strong>No pierdan tiempo cuando la conciencia les pida arriesgar para seguir al Maestro<\/strong>\u201d.<\/span><\/p>\n<p>&nbsp;<\/p>\n<p><span style=\"font-size: 14pt;\">Finalmente asegura que \u201ctambi\u00e9n la <a href=\"http:\/\/www.aciprensa.com\/iglesia\/index.html\">Iglesia<\/a> desea ponerse a la escucha de la voz, de la sensibilidad, de la fe de cada uno; as\u00ed como tambi\u00e9n de las dudas y las cr\u00edticas. Hagan sentir a todos el grito de ustedes, d\u00e9jenlo resonar en las comunidades y h\u00e1ganlo llegar a los pastores<\/span><\/p>\n<p>&#8230;&#8230;&#8230;&#8230;&#8230;.<\/p>\n<p><span style=\"font-size: 14pt;\">\u00a0<\/span><\/p>\n","protected":false},"excerpt":{"rendered":"<p>Tweet,,,,,,,,,,,,,,,,,,,,,, Esto es lo que el Papa Francisco pide a j\u00f3venes en una carta por el pr\u00f3ximo S\u00ednodo &nbsp; \u2026\u2026 &nbsp; \u2026\u2026 VATICANO, 13 Ene. 17 \/ 06:41 am (ACI).- \u201cHe querido que ustedes ocupen el centro de la atenci\u00f3n porque los llevo en el coraz\u00f3n\u201d. Con esa afirmaci\u00f3n, referida al tema de la pr\u00f3xima [&hellip;]<\/p>\n","protected":false},"author":1,"featured_media":0,"comment_status":"open","ping_status":"open","sticky":false,"template":"","format":"standard","meta":{"footnotes":""},"categories":[4,7],"tags":[],"class_list":["post-37498","post","type-post","status-publish","format-standard","hentry","category-divulgacion","category-mis-dibujos"],"_links":{"self":[{"href":"http:\/\/www.floracantabrica.com\/index.php?rest_route=\/wp\/v2\/posts\/37498","targetHints":{"allow":["GET"]}}],"collection":[{"href":"http:\/\/www.floracantabrica.com\/index.php?rest_route=\/wp\/v2\/posts"}],"about":[{"href":"http:\/\/www.floracantabrica.com\/index.php?rest_route=\/wp\/v2\/types\/post"}],"author":[{"embeddable":true,"href":"http:\/\/www.floracantabrica.com\/index.php?rest_route=\/wp\/v2\/users\/1"}],"replies":[{"embeddable":true,"href":"http:\/\/www.floracantabrica.com\/index.php?rest_route=%2Fwp%2Fv2%2Fcomments&post=37498"}],"version-history":[{"count":2,"href":"http:\/\/www.floracantabrica.com\/index.php?rest_route=\/wp\/v2\/posts\/37498\/revisions"}],"predecessor-version":[{"id":37501,"href":"http:\/\/www.floracantabrica.com\/index.php?rest_route=\/wp\/v2\/posts\/37498\/revisions\/37501"}],"wp:attachment":[{"href":"http:\/\/www.floracantabrica.com\/index.php?rest_route=%2Fwp%2Fv2%2Fmedia&parent=37498"}],"wp:term":[{"taxonomy":"category","embeddable":true,"href":"http:\/\/www.floracantabrica.com\/index.php?rest_route=%2Fwp%2Fv2%2Fcategories&post=37498"},{"taxonomy":"post_tag","embeddable":true,"href":"http:\/\/www.floracantabrica.com\/index.php?rest_route=%2Fwp%2Fv2%2Ftags&post=37498"}],"curies":[{"name":"wp","href":"https:\/\/api.w.org\/{rel}","templated":true}]}}