{"id":37489,"date":"2017-01-12T22:39:29","date_gmt":"2017-01-12T20:39:29","guid":{"rendered":"http:\/\/www.floracantabrica.com\/?p=37489"},"modified":"2017-01-12T22:39:51","modified_gmt":"2017-01-12T20:39:51","slug":"frases-del-dia-20","status":"publish","type":"post","link":"http:\/\/www.floracantabrica.com\/?p=37489","title":{"rendered":"Frases del dia 12,1 .17"},"content":{"rendered":"<p><a href=\"http:\/\/twitter.com\/share?url=http%3A%2F%2Fwww.floracantabrica.com%2F%3Fp%3D37489&amp;count=none&amp;lang=es&amp;via=lorencincoreses&amp;related=Mujerverdosa&amp;text=Frases del dia 12,1 .17 - Flora Cant\u00e1brica\" class=\"twitter-share-button\">Tweet<\/a><\/p><p>,,,,,,,,,,,,,,,,,,,,,,,,,,,,,<\/p>\n<p><span style=\"font-size: 14pt;\"><strong>Papa Francisco: Si hoy morimos, \u00bftenemos el coraz\u00f3n abierto al Se\u00f1or?<\/strong><\/span><\/p>\n<p><span style=\"font-size: 14pt;\">,,,,,,,,,,<\/span><\/p>\n<p>&nbsp;<\/p>\n<p><a href=\"http:\/\/www.floracantabrica.com\/wp-content\/uploads\/2017\/01\/image00256.jpg\"><img loading=\"lazy\" decoding=\"async\" class=\"aligncenter size-full wp-image-37464\" src=\"http:\/\/www.floracantabrica.com\/wp-content\/uploads\/2017\/01\/image00256.jpg\" alt=\"image002\" width=\"567\" height=\"784\" srcset=\"http:\/\/www.floracantabrica.com\/wp-content\/uploads\/2017\/01\/image00256.jpg 567w, http:\/\/www.floracantabrica.com\/wp-content\/uploads\/2017\/01\/image00256-216x300.jpg 216w\" sizes=\"auto, (max-width: 567px) 100vw, 567px\" \/><\/a><\/p>\n<p>&nbsp;<\/p>\n<p><span style=\"font-size: 14pt;\">,,,,,<\/span><\/p>\n<p><span style=\"font-size: 14pt;\">VATICANO, 12 Ene. 17 \/ 06:37 am (<strong><a href=\"http:\/\/www.aciprensa.com\/\">ACI<\/a><\/strong>).- El Papa Francisco reflexion\u00f3, en su homil\u00eda de la <a href=\"http:\/\/www.aciprensa.com\/Eucaristia\/index.html\">Misa<\/a> celebrada en la Casa Santa Marta, sobre esta frase de la carta a los hebreos: \u201c<strong>Si o\u00eds hoy su voz, no endurezc\u00e1is vuestros corazones<\/strong>\u201d. El \u201choy\u201d y el \u201ccoraz\u00f3n\u201d centraron la ense\u00f1anza del Santo Padre.<\/span><\/p>\n<p><span style=\"font-size: 14pt;\">Ese \u201choy\u201d del que habla la carta es \u201cnuestra <a href=\"http:\/\/www.aciprensa.com\/vida\">vida<\/a>\u201d, explic\u00f3 el Papa. Se trata de un \u201choy\u201d \u201cdespu\u00e9s del cual no habr\u00e1 un recomenzar, un ma\u00f1ana. Un hoy en el cual hemos recibido el amor de Dios, la promesa de Dios de encontrarlo. Un hoy en el que tenemos la oportunidad de renovar nuestra alianza con la fidelidad de Dios\u201d.<\/span><\/p>\n<p>&nbsp;<\/p>\n<p>&nbsp;<\/p>\n<p><span style=\"font-size: 14pt;\">\u201c<strong>\u00bfTenemos el coraz\u00f3n abierto al Se\u00f1or en nuestro \u2018hoy\u2019?<\/strong>\u201d, pregunt\u00f3. Por eso, el Pont\u00edfice resalt\u00f3 la importancia de rechazar la tentaci\u00f3n de dejar las cosas para ma\u00f1ana, \u201cla tentaci\u00f3n del ma\u00f1ana que no se har\u00e1\u201d.<\/span><\/p>\n<p>&nbsp;<\/p>\n<p>&nbsp;<\/p>\n<p><span style=\"font-size: 14pt;\">En este sentido record\u00f3 la par\u00e1bola de las diez v\u00edrgenes, cinco de las cuales no hab\u00edan llevado con ellas el aceite para las l\u00e1mparas, por lo que tuvieron que salir a comprarlo, y cuando regresaron encontraron la puerta cerrada.<\/span><\/p>\n<p>&nbsp;<\/p>\n<p><span style=\"font-size: 14pt;\">\u201cEsto no lo digo para asustarlos \u2013explic\u00f3 Francisco\u2013, sino, simplemente para decir que <strong>nuestra vida es un hoy: hoy o nunca<\/strong>. Pienso en ello. El ma\u00f1ana ser\u00e1 el ma\u00f1ana eterno, sin poniente, con el Se\u00f1or para siempre, si soy fiel en este hoy. La petici\u00f3n que les hago es la que hace el Esp\u00edritu Santo: \u2018\u00bfC\u00f3mo vivo en este hoy?\u2019\u201d.<\/span><\/p>\n<p>&nbsp;<\/p>\n<p><span style=\"font-size: 14pt;\">En cuanto a la segunda palabra sobre la que reflexion\u00f3: el \u201ccoraz\u00f3n\u201d, el Papa dijo que con \u00e9l \u201cencontramos al Se\u00f1or\u201d.<\/span><\/p>\n<p>&nbsp;<\/p>\n<p><span style=\"font-size: 14pt;\">\u201c<strong>En nuestros corazones es donde se juega el \u2018hoy\u2019<\/strong>. \u00bfEst\u00e1 nuestro coraz\u00f3n abierto al Se\u00f1or? A m\u00ed siempre me impresiona cuando encuentro a una persona anciana, muchas veces un sacerdote o una hermana, que me dice: \u2018Padre, rece por mi perseverancia final\u2019. \u2018Pero has hecho el bien toda la vida, cada d\u00eda de tu hoy lo has dedicado al servicio en el Se\u00f1or. \u00bfDe qu\u00e9 tienes miedo?\u2019. \u2018No, no. Mi vida no se ha desperdiciado, quiero vivirla plenamente. Rece para que el hoy llegue pleno, con el coraz\u00f3n fuerte en la fe y no arruinado por el pecado, el vicio o la corrupci\u00f3n\u2019\u201d.<\/span><\/p>\n<p>&nbsp;<\/p>\n<p>&nbsp;<\/p>\n<p><span style=\"font-size: 14pt;\">\u201c<strong>El \u2018hoy\u2019 no se repite: la vida es esta. Y el coraz\u00f3n debe estar abierto<\/strong>, abierto al Se\u00f1or, no cerrado, no duro, no endurecido, no sin fe, no perverso, no seducido por el pecado\u201d.<\/span><\/p>\n<p>&nbsp;<\/p>\n<p>&nbsp;<\/p>\n<p><span style=\"font-size: 14pt;\">El Papa se remont\u00f3 a los tiempos en que Jes\u00fas predicaba y puso a los doctores de la ley que persegu\u00edan al Se\u00f1or como ejemplo de personas con el coraz\u00f3n cerrado. \u201cEl Se\u00f1or ha encontrado a muchos con el coraz\u00f3n cerrado: los doctores de la ley, toda aquella gente que lo persegu\u00eda, que lo pon\u00eda a prueba para condenarlo\u2026, y finalmente lo lograron\u201d.<\/span><\/p>\n<p>&nbsp;<\/p>\n<p><span style=\"font-size: 14pt;\">El Santo Padre pidi\u00f3 mirarse uno mismo y comprobar si estamos abiertos al Se\u00f1or: \u201cvolvamos a casa con esas dos palabras. \u00bfC\u00f3mo es mi hoy? <strong>Nuestra puesta de sol puede producirse hoy mismo, este d\u00eda<\/strong>, o dentro de muchos d\u00edas. Pero, \u00bfc\u00f3mo es mi hoy en la presencia del Se\u00f1or?\u201d.<\/span><\/p>\n<p>&nbsp;<\/p>\n<p>&nbsp;<\/p>\n<p><span style=\"font-size: 14pt;\">\u201c\u00bfC\u00f3mo est\u00e1 mi coraz\u00f3n? \u00bfPermanece abierto? \u00bfPermanece firme en la fe? \u00bfSe deja conducir por el amor del Se\u00f1or? Con estas dos preguntas pedimos al Se\u00f1or la gracia de la cual cada uno de nosotros estamos necesitados\u201d, cuestion\u00f3 finalmente.<\/span><\/p>\n<p>&nbsp;<\/p>\n<p>&nbsp;<\/p>\n<p><span style=\"font-size: 14pt;\"><strong><em>Evangelio comentado por el Papa en su homil\u00eda:<\/em><\/strong><\/span><\/p>\n<p>&nbsp;<\/p>\n<p><span style=\"font-size: 14pt;\">Marcos 1:40-45<\/span><br \/>\n<span style=\"font-size: 14pt;\"> 40 Se le acerca un leproso suplic\u00e1ndole y, puesto de rodillas, le dice: \u00abSi quieres, puedes limpiarme.\u00bb<\/span><br \/>\n<span style=\"font-size: 14pt;\"> 41 Compadecido de \u00e9l, extendi\u00f3 su mano, le toc\u00f3 y le dijo: \u00abQuiero; queda limpio.\u00bb<\/span><br \/>\n<span style=\"font-size: 14pt;\"> 42 Y al instante, le desapareci\u00f3 la lepra y qued\u00f3 limpio.<\/span><br \/>\n<span style=\"font-size: 14pt;\"> 43 Le despidi\u00f3 al instante prohibi\u00e9ndole severamente:<\/span><br \/>\n<span style=\"font-size: 14pt;\"> 44 \u00abMira, no digas nada a nadie, sino vete, mu\u00e9strate al sacerdote y haz por tu purificaci\u00f3n la ofrenda que prescribi\u00f3 Mois\u00e9s para que les sirva de testimonio.\u00bb<\/span><br \/>\n<span style=\"font-size: 14pt;\"> 45 Pero \u00e9l, as\u00ed que se fue, se puso a pregonar con entusiasmo y a divulgar la noticia, de modo que ya no pod\u00eda Jes\u00fas presentarse en p\u00fablico en ninguna ciudad, sino que se quedaba a las afueras, en lugares solitarios. Y acud\u00edan a \u00e9l de todas partes.<\/span><\/p>\n<p><span style=\"font-size: 14pt;\">\u00a0<\/span><\/p>\n","protected":false},"excerpt":{"rendered":"<p>Tweet,,,,,,,,,,,,,,,,,,,,,,,,,,,,, Papa Francisco: Si hoy morimos, \u00bftenemos el coraz\u00f3n abierto al Se\u00f1or? ,,,,,,,,,, &nbsp; &nbsp; ,,,,, VATICANO, 12 Ene. 17 \/ 06:37 am (ACI).- El Papa Francisco reflexion\u00f3, en su homil\u00eda de la Misa celebrada en la Casa Santa Marta, sobre esta frase de la carta a los hebreos: \u201cSi o\u00eds hoy su voz, no [&hellip;]<\/p>\n","protected":false},"author":1,"featured_media":0,"comment_status":"open","ping_status":"open","sticky":false,"template":"","format":"standard","meta":{"footnotes":""},"categories":[4,7],"tags":[],"class_list":["post-37489","post","type-post","status-publish","format-standard","hentry","category-divulgacion","category-mis-dibujos"],"_links":{"self":[{"href":"http:\/\/www.floracantabrica.com\/index.php?rest_route=\/wp\/v2\/posts\/37489","targetHints":{"allow":["GET"]}}],"collection":[{"href":"http:\/\/www.floracantabrica.com\/index.php?rest_route=\/wp\/v2\/posts"}],"about":[{"href":"http:\/\/www.floracantabrica.com\/index.php?rest_route=\/wp\/v2\/types\/post"}],"author":[{"embeddable":true,"href":"http:\/\/www.floracantabrica.com\/index.php?rest_route=\/wp\/v2\/users\/1"}],"replies":[{"embeddable":true,"href":"http:\/\/www.floracantabrica.com\/index.php?rest_route=%2Fwp%2Fv2%2Fcomments&post=37489"}],"version-history":[{"count":4,"href":"http:\/\/www.floracantabrica.com\/index.php?rest_route=\/wp\/v2\/posts\/37489\/revisions"}],"predecessor-version":[{"id":37493,"href":"http:\/\/www.floracantabrica.com\/index.php?rest_route=\/wp\/v2\/posts\/37489\/revisions\/37493"}],"wp:attachment":[{"href":"http:\/\/www.floracantabrica.com\/index.php?rest_route=%2Fwp%2Fv2%2Fmedia&parent=37489"}],"wp:term":[{"taxonomy":"category","embeddable":true,"href":"http:\/\/www.floracantabrica.com\/index.php?rest_route=%2Fwp%2Fv2%2Fcategories&post=37489"},{"taxonomy":"post_tag","embeddable":true,"href":"http:\/\/www.floracantabrica.com\/index.php?rest_route=%2Fwp%2Fv2%2Ftags&post=37489"}],"curies":[{"name":"wp","href":"https:\/\/api.w.org\/{rel}","templated":true}]}}