{"id":37470,"date":"2017-01-11T23:11:04","date_gmt":"2017-01-11T21:11:04","guid":{"rendered":"http:\/\/www.floracantabrica.com\/?p=37470"},"modified":"2017-01-11T23:11:04","modified_gmt":"2017-01-11T21:11:04","slug":"frases-del-dia-11117","status":"publish","type":"post","link":"http:\/\/www.floracantabrica.com\/?p=37470","title":{"rendered":"Frases del dia 11,1,17"},"content":{"rendered":"<p><a href=\"http:\/\/twitter.com\/share?url=http%3A%2F%2Fwww.floracantabrica.com%2F%3Fp%3D37470&amp;count=none&amp;lang=es&amp;via=lorencincoreses&amp;related=Mujerverdosa&amp;text=Frases del dia 11,1,17 - Flora Cant\u00e1brica\" class=\"twitter-share-button\">Tweet<\/a><\/p><p>,,,,,,,,,,,,,,,,,,,,,,,,<\/p>\n<p><span style=\"font-size: 14pt;\"><strong>3 pilares de la autoridad de Jes\u00fas explicados por el Papa Francisco<\/strong><\/span><\/p>\n<p><span style=\"font-size: 14pt;\"><strong>,\u2026\u2026\u2026<\/strong><\/span><\/p>\n<p>&nbsp;<\/p>\n<p><a href=\"http:\/\/www.floracantabrica.com\/wp-content\/uploads\/2017\/01\/image00257.jpg\"><img loading=\"lazy\" decoding=\"async\" class=\"aligncenter size-full wp-image-37465\" src=\"http:\/\/www.floracantabrica.com\/wp-content\/uploads\/2017\/01\/image00257.jpg\" alt=\"image002\" width=\"567\" height=\"816\" srcset=\"http:\/\/www.floracantabrica.com\/wp-content\/uploads\/2017\/01\/image00257.jpg 567w, http:\/\/www.floracantabrica.com\/wp-content\/uploads\/2017\/01\/image00257-208x300.jpg 208w\" sizes=\"auto, (max-width: 567px) 100vw, 567px\" \/><\/a><\/p>\n<p>&nbsp;<\/p>\n<p><span style=\"font-size: 14pt;\"><strong>\u2026\u2026<\/strong><\/span><\/p>\n<p><span style=\"font-size: 14pt;\">VATICANO, 10 Ene. 17 \/ 06:35 am (<strong><a href=\"http:\/\/www.aciprensa.com\/\">ACI<\/a><\/strong>).- En su homil\u00eda en la <a href=\"http:\/\/www.aciprensa.com\/Eucaristia\/index.html\">Misa<\/a> celebrada esta ma\u00f1ana en la Casa Santa Marta, el Papa Francisco explic\u00f3 cu\u00e1les eran los pilares sobre los que se sostiene la autoridad de Jes\u00fas: su actitud de servicio a las personas, su cercan\u00eda al pueblo y su coherencia.<\/span><\/p>\n<p>&nbsp;<\/p>\n<p><span style=\"font-size: 14pt;\">Estas caracter\u00edsticas de Jes\u00fas, dijo el Papa, se contrapon\u00edan a la actitud de los fariseos y doctores de la ley, que carec\u00edan de autoridad ante el pueblo precisamente por su comportamiento hip\u00f3crita y principesco.<\/span><\/p>\n<p><span style=\"font-size: 14pt;\"><strong>1.- El servicio<\/strong><\/span><\/p>\n<p>&nbsp;<\/p>\n<p>&nbsp;<\/p>\n<p><span style=\"font-size: 14pt;\">Seg\u00fan informa Radio Vaticana, en su homil\u00eda el Santo Padre explic\u00f3 que \u201cJes\u00fas serv\u00eda a la gente, explicaba las cosas de forma que la gente las entendiera bien. Estaba al servicio de las personas. Ten\u00eda una actitud de servidor, y eso le daba autoridad\u201d.<\/span><\/p>\n<p>&nbsp;<\/p>\n<p><span style=\"font-size: 14pt;\">\u201cPor el contrario, las personas escuchaban y respetaban a los doctores de la ley, pero no sent\u00edan que tuvieran autoridad sobre ellos, porque ten\u00edan unas maneras de pr\u00edncipes: \u2018Nosotros somos los maestros, los pr\u00edncipes, y nosotros les ense\u00f1amos a ustedes. No somos sus servidores: nosotros mandamos, ustedes obedecen\u2019. Jes\u00fas nunca se hizo pasar por un pr\u00edncipe, siempre era el servidor de todos, y esto es lo que le daba autoridad\u201d.<\/span><\/p>\n<p><span style=\"font-size: 14pt;\"><strong>2.- La cercan\u00eda<\/strong><\/span><\/p>\n<p>&nbsp;<\/p>\n<p><span style=\"font-size: 14pt;\">El Pont\u00edfice destac\u00f3 que \u201cJes\u00fas no ten\u00eda alergia a la gente: tocaba a los leprosos, a los enfermos\u2026, no le produc\u00eda rechazo\u201d. Por el contrario, los fariseos despreciaban a \u201cla pobre gente ignorante\u201d.<\/span><\/p>\n<p>&nbsp;<\/p>\n<p><span style=\"font-size: 14pt;\">Estos fariseos y doctores de la ley \u201cestaban apartados de la gente, no eran cercanos a las personas; Jes\u00fas permanec\u00eda cercano a la gente, y eso le daba autoridad. Aquellos doctores ten\u00edan una autoridad clerical, es decir, su autoridad se basaba en el clericalismo\u201d.<\/span><\/p>\n<p>&nbsp;<\/p>\n<p><span style=\"font-size: 14pt;\">Francisco se refiri\u00f3 luego al ejemplo de uno de sus predecesores: \u201cme gusta mucho cuando leo la cercan\u00eda con la gente que mostraba el Beato Pablo VI. En el n\u00famero 48 de <a href=\"http:\/\/w2.vatican.va\/content\/paul-vi\/es\/apost_exhortations\/documents\/hf_p-vi_exh_19751208_evangelii-nuntiandi.html\"><em>Evangelli Nuntiandi<\/em><\/a> se muestra el coraz\u00f3n del pastor cercano: esa era la autoridad de aquel Papa, la cercan\u00eda\u201d.<\/span><\/p>\n<p>&nbsp;<\/p>\n<p><span style=\"font-size: 14pt;\">La <em>Evangelii Nuntiandi<\/em> es una exhortaci\u00f3n apost\u00f3lica de 1975, escrita por el Papa Pablo VI, sobre la evangelizaci\u00f3n en el mundo contempor\u00e1neo, que mantiene su vigencia hasta hoy.<\/span><\/p>\n<p>&nbsp;<\/p>\n<p><span style=\"font-size: 14pt;\">En el n\u00famero 48 de este documento, el Papa Pablo VI hace una aguda\u00a0<strong>reflexi\u00f3n sobre la religiosidad popular<\/strong> y sus expresiones, explicando tambi\u00e9n su importancia y desaf\u00edos.<\/span><\/p>\n<p>&nbsp;<\/p>\n<p><span style=\"font-size: 14pt;\">Pablo VI se\u00f1ala, entre otras cosas, que \u201chay que ser sensible a ella, saber percibir sus dimensiones interiores y sus valores innegables, estar dispuesto a ayudarla a superar sus riesgos de desviaci\u00f3n. Bien orientada, esta religiosidad popular puede ser cada vez m\u00e1s, para nuestras masas populares, un verdadero encuentro con Dios en Jesucristo\u201d.<\/span><\/p>\n<p>&nbsp;<\/p>\n<p><span style=\"font-size: 14pt;\"><strong>3.- La coherencia<\/strong><\/span><\/p>\n<p>&nbsp;<\/p>\n<p>&nbsp;<\/p>\n<p><span style=\"font-size: 14pt;\">Por \u00faltimo, el Papa Francisco contrapuso la coherencia de Jes\u00fas con la hipocres\u00eda de los fariseos: \u201cJes\u00fas viv\u00eda aquello que predicaba. Era como una unidad, una armon\u00eda que hac\u00eda lo que pensaba y mostraba una armon\u00eda plena entre aquello que pensaba, sent\u00eda y hac\u00eda\u201d.<\/span><\/p>\n<p>&nbsp;<\/p>\n<p>&nbsp;<\/p>\n<p><span style=\"font-size: 14pt;\">\u201cEn cambio -prosigui\u00f3 el Pont\u00edfice- los fariseos y doctores no eran coherentes, y su personalidad estaba dividida hasta el punto de que Jes\u00fas recomienda a sus disc\u00edpulos: \u2018Haced lo que os dicen, pero no lo que hacen\u2019. Les recomienda eso porque dec\u00edan una cosa y hac\u00edan otra. \u00a1Incoherencia! Eran incoherentes\u201d.<\/span><\/p>\n<p>&nbsp;<\/p>\n<p>&nbsp;<\/p>\n<p><span style=\"font-size: 14pt;\">\u201cY el adjetivo que Jes\u00fas les dedica tantas veces es el de hip\u00f3critas. \u00a1Y se entiende que uno que se considera pr\u00edncipe, que tiene una actitud clerical, que es un hip\u00f3crita, no tiene autoridad! Y esta otra, la de Jes\u00fas, es la autoridad que reconoce el pueblo de Dios\u201d, subray\u00f3 Francisco.<\/span><\/p>\n<p><span style=\"font-size: 14pt;\">\u00a0<\/span><\/p>\n","protected":false},"excerpt":{"rendered":"<p>Tweet,,,,,,,,,,,,,,,,,,,,,,,, 3 pilares de la autoridad de Jes\u00fas explicados por el Papa Francisco ,\u2026\u2026\u2026 &nbsp; &nbsp; \u2026\u2026 VATICANO, 10 Ene. 17 \/ 06:35 am (ACI).- En su homil\u00eda en la Misa celebrada esta ma\u00f1ana en la Casa Santa Marta, el Papa Francisco explic\u00f3 cu\u00e1les eran los pilares sobre los que se sostiene la autoridad de [&hellip;]<\/p>\n","protected":false},"author":1,"featured_media":0,"comment_status":"open","ping_status":"open","sticky":false,"template":"","format":"standard","meta":{"footnotes":""},"categories":[4,7],"tags":[],"class_list":["post-37470","post","type-post","status-publish","format-standard","hentry","category-divulgacion","category-mis-dibujos"],"_links":{"self":[{"href":"http:\/\/www.floracantabrica.com\/index.php?rest_route=\/wp\/v2\/posts\/37470","targetHints":{"allow":["GET"]}}],"collection":[{"href":"http:\/\/www.floracantabrica.com\/index.php?rest_route=\/wp\/v2\/posts"}],"about":[{"href":"http:\/\/www.floracantabrica.com\/index.php?rest_route=\/wp\/v2\/types\/post"}],"author":[{"embeddable":true,"href":"http:\/\/www.floracantabrica.com\/index.php?rest_route=\/wp\/v2\/users\/1"}],"replies":[{"embeddable":true,"href":"http:\/\/www.floracantabrica.com\/index.php?rest_route=%2Fwp%2Fv2%2Fcomments&post=37470"}],"version-history":[{"count":2,"href":"http:\/\/www.floracantabrica.com\/index.php?rest_route=\/wp\/v2\/posts\/37470\/revisions"}],"predecessor-version":[{"id":37472,"href":"http:\/\/www.floracantabrica.com\/index.php?rest_route=\/wp\/v2\/posts\/37470\/revisions\/37472"}],"wp:attachment":[{"href":"http:\/\/www.floracantabrica.com\/index.php?rest_route=%2Fwp%2Fv2%2Fmedia&parent=37470"}],"wp:term":[{"taxonomy":"category","embeddable":true,"href":"http:\/\/www.floracantabrica.com\/index.php?rest_route=%2Fwp%2Fv2%2Fcategories&post=37470"},{"taxonomy":"post_tag","embeddable":true,"href":"http:\/\/www.floracantabrica.com\/index.php?rest_route=%2Fwp%2Fv2%2Ftags&post=37470"}],"curies":[{"name":"wp","href":"https:\/\/api.w.org\/{rel}","templated":true}]}}