{"id":37389,"date":"2017-01-09T23:27:50","date_gmt":"2017-01-09T21:27:50","guid":{"rendered":"http:\/\/www.floracantabrica.com\/?p=37389"},"modified":"2017-01-09T23:27:50","modified_gmt":"2017-01-09T21:27:50","slug":"frases-del-dia-9-1-17","status":"publish","type":"post","link":"http:\/\/www.floracantabrica.com\/?p=37389","title":{"rendered":"Frases del dia 9.1, 17"},"content":{"rendered":"<p><a href=\"http:\/\/twitter.com\/share?url=http%3A%2F%2Fwww.floracantabrica.com%2F%3Fp%3D37389&amp;count=none&amp;lang=es&amp;via=lorencincoreses&amp;related=Mujerverdosa&amp;text=Frases del dia 9.1, 17 - Flora Cant\u00e1brica\" class=\"twitter-share-button\">Tweet<\/a><\/p><p>&#8230;&#8230;&#8230;&#8230;&#8230;&#8230;&#8230;..<\/p>\n<p><span style=\"font-size: 14pt;\"><strong>Papa Francisco propone 3 puntos para poner en el centro de la vida a Jes\u00fas<\/strong><\/span><\/p>\n<p><span style=\"font-size: 14pt;\">\u2026\u2026\u2026\u2026<\/span><\/p>\n<p>&nbsp;<\/p>\n<p><a href=\"http:\/\/www.floracantabrica.com\/wp-content\/uploads\/2016\/11\/image00239.jpg\"><img loading=\"lazy\" decoding=\"async\" class=\"aligncenter size-full wp-image-36742\" src=\"http:\/\/www.floracantabrica.com\/wp-content\/uploads\/2016\/11\/image00239.jpg\" alt=\"image002\" width=\"567\" height=\"506\" srcset=\"http:\/\/www.floracantabrica.com\/wp-content\/uploads\/2016\/11\/image00239.jpg 567w, http:\/\/www.floracantabrica.com\/wp-content\/uploads\/2016\/11\/image00239-300x267.jpg 300w\" sizes=\"auto, (max-width: 567px) 100vw, 567px\" \/><\/a><\/p>\n<p>&nbsp;<\/p>\n<p><span style=\"font-size: 14pt;\">\u2026\u2026..<\/span><\/p>\n<p><span style=\"font-size: 14pt;\">\u00a0<\/span><\/p>\n<p><span style=\"font-size: 14pt;\">VATICANO, 09 Ene. 17 \/ 04:58 am (<strong><a href=\"http:\/\/www.aciprensa.com\/\">ACI<\/a><\/strong>).- Una vez finalizado el tiempo de <a href=\"http:\/\/www.aciprensa.com\/navidad\/index.html\">Navidad<\/a> con la fiesta del Bautismo del Se\u00f1or que se celebr\u00f3 ayer domingo, el Papa Francisco retom\u00f3 la celebraci\u00f3n de la <a href=\"http:\/\/www.aciprensa.com\/Eucaristia\/index.html\">Misa<\/a> en la Casa Santa Marta y record\u00f3 cu\u00e1l es el centro de la <a href=\"http:\/\/www.aciprensa.com\/vida\">vida<\/a> del cristiano. \u201cSiempre est\u00e1 Jes\u00fas, la primera y la \u00faltima Palabra del Padre, el Se\u00f1or del universo, el Salvador del mundo. No hay otro, es el \u00fanico\u201d, afirm\u00f3.<\/span><\/p>\n<p><span style=\"font-size: 14pt;\">En su homil\u00eda de esta ma\u00f1ana, Francisco se\u00f1al\u00f3 <strong>3 puntos<\/strong> \u201cpara asegurarnos de que Jes\u00fas est\u00e1 en el centro de nuestra vida\u201d:<\/span><\/p>\n<p><span style=\"font-size: 14pt;\"><strong>1.- Reconocer a Jes\u00fas<\/strong><\/span><\/p>\n<p><span style=\"font-size: 14pt;\">\u201cEl primero es conocer a Jes\u00fas para reconocerlo\u201d, comenz\u00f3 y a\u00f1adi\u00f3 que en su \u00e8poca muchos lo reconocieron pero tambi\u00e9n muchos \u201clo han perseguido, lo han matado\u201d.<\/span><\/p>\n<p><span style=\"font-size: 14pt;\">\u201c\u00bfA m\u00ed me interesa conocer a Jes\u00fas?, \u00bfo quiz\u00e1s me interesa m\u00e1s la telenovela o las habladur\u00edas o las ambiciones o conocer la vida de los dem\u00e1s?\u201d, cuestion\u00f3 a los fieles durante la homil\u00eda.<\/span><\/p>\n<p><span style=\"font-size: 14pt;\">\u201cPara conocer a Jes\u00fas existe la oraci\u00f3n, el Esp\u00edritu Santo\u201d. \u201cEl Esp\u00edritu Santo hace despu\u00e9s el trabajo. Esta es la semilla. Quien hace germinar y crecer la semilla es el Esp\u00edritu Santo\u201d, explic\u00f3.<\/span><\/p>\n<p><span style=\"font-size: 14pt;\"><strong>2.- Adorar a Jes\u00fas<\/strong><\/span><\/p>\n<p><span style=\"font-size: 14pt;\">Francisco indic\u00f3 que adem\u00e1s de adorar al Se\u00f1or, hay que darle las gracias. \u201cLa oraci\u00f3n de adoraci\u00f3n en silencio\u201d y despu\u00e9s \u201celiminar de nuestro coraz\u00f3n las otras cosas que adoramos, que nos interesan de m\u00e1s. No, solo Dios\u201d. \u201cLas otras cosas sirven si yo soy capaz de adorar solo a Dios\u201d.<\/span><\/p>\n<p><span style=\"font-size: 14pt;\">El Papa a\u00f1adi\u00f3 que \u201cexiste una peque\u00f1a oraci\u00f3n que hacemos, el Gloria \u2018Gloria al Padre, al Hijo y al Esp\u00edritu Santo\u2019, pero muchas veces la decimos como loros\u201d.<\/span><\/p>\n<p><span style=\"font-size: 14pt;\">Entonces, \u201cadorar con las peque\u00f1as oraciones y el silencio ante la grandeza de Dios, adorar a Jes\u00fas y decir: \u2018T\u00fa eres el \u00fanico, t\u00fa eres el principio y el con y contigo quiero permanecer toda la vida, toda la eternidad. T\u00fa eres el \u00fanico\u2019. Y echar fuera las cosas que me impiden adorar a Jes\u00fas\u201d.<\/span><\/p>\n<p><span style=\"font-size: 14pt;\"><strong>3.- Seguir a Jes\u00fas<\/strong><\/span><\/p>\n<p>&nbsp;<\/p>\n<p>&nbsp;<\/p>\n<p><span style=\"font-size: 14pt;\">El \u00faltimo punto propuesto por el Pont\u00edfice es \u201cseguir a Jes\u00fas\u201d. \u201cLa vida cristiana es sencilla, es muy sencilla, pero necesitamos la gracia del Esp\u00edritu Santo para que despierte en nosotros esta querencia de conocer a Jes\u00fas, de adorar a Jes\u00fas y de seguir a Jes\u00fas. Y por esto hemos pedido al inicio de la oraci\u00f3n colecta al Se\u00f1or saber qu\u00e9 tenemos que hacer, tener la fuerza de hacerlo\u201d.<\/span><\/p>\n<p><span style=\"font-size: 14pt;\">Por otro lado, afirm\u00f3 que \u201cJesucristo, que se manifiesta, se hace ver y somos invitados a conocerlo, a reconocerlo, en la vida, en tantas circunstancias de la vida, reconocer a Jes\u00fas: \u2018yo conozco la vida de ese santo, de esa santa o tambi\u00e9n las apariciones de all\u00ed o de all\u00e1\u2019. Esto est\u00e1 bien, lo santos son santos, \u00a1son grandes!\u201d, exclam\u00f3.<\/span><\/p>\n<p><span style=\"font-size: 14pt;\">\u201cLas apariciones no son todas verdaderas \u00bfeh? Los santos son importantes pero el centro es Jesucristo: \u00a1sin Jesucristo no hay santos! Y he aqu\u00ed la pregunta: \u00bfEl centro de mi vida es Jesucristo?, \u00bfCu\u00e1l es mi relaci\u00f3n con Jesucristo?\u201d, pregunt\u00f3.<\/span><\/p>\n<p><span style=\"font-size: 14pt;\">Para terminar, el Papa pidi\u00f3 que \u201cen la simplicidad de cada d\u00eda \u2013porque cada d\u00eda para ser cristianos no son necesarias cosas extra\u00f1as, cosas dif\u00edciles, cosas superfluas, no, es sencillo\u2013 el Se\u00f1or nos d\u00e9 la gracia de conocer a Jes\u00fas, de adorar a Jes\u00fas y de seguir a Jes\u00fas<\/span><\/p>\n<p><span style=\"font-size: 14pt;\">\u00a0<\/span><\/p>\n","protected":false},"excerpt":{"rendered":"<p>Tweet&#8230;&#8230;&#8230;&#8230;&#8230;&#8230;&#8230;.. Papa Francisco propone 3 puntos para poner en el centro de la vida a Jes\u00fas \u2026\u2026\u2026\u2026 &nbsp; &nbsp; \u2026\u2026.. \u00a0 VATICANO, 09 Ene. 17 \/ 04:58 am (ACI).- Una vez finalizado el tiempo de Navidad con la fiesta del Bautismo del Se\u00f1or que se celebr\u00f3 ayer domingo, el Papa Francisco retom\u00f3 la celebraci\u00f3n de [&hellip;]<\/p>\n","protected":false},"author":1,"featured_media":0,"comment_status":"open","ping_status":"open","sticky":false,"template":"","format":"standard","meta":{"footnotes":""},"categories":[4,7],"tags":[],"class_list":["post-37389","post","type-post","status-publish","format-standard","hentry","category-divulgacion","category-mis-dibujos"],"_links":{"self":[{"href":"http:\/\/www.floracantabrica.com\/index.php?rest_route=\/wp\/v2\/posts\/37389","targetHints":{"allow":["GET"]}}],"collection":[{"href":"http:\/\/www.floracantabrica.com\/index.php?rest_route=\/wp\/v2\/posts"}],"about":[{"href":"http:\/\/www.floracantabrica.com\/index.php?rest_route=\/wp\/v2\/types\/post"}],"author":[{"embeddable":true,"href":"http:\/\/www.floracantabrica.com\/index.php?rest_route=\/wp\/v2\/users\/1"}],"replies":[{"embeddable":true,"href":"http:\/\/www.floracantabrica.com\/index.php?rest_route=%2Fwp%2Fv2%2Fcomments&post=37389"}],"version-history":[{"count":1,"href":"http:\/\/www.floracantabrica.com\/index.php?rest_route=\/wp\/v2\/posts\/37389\/revisions"}],"predecessor-version":[{"id":37390,"href":"http:\/\/www.floracantabrica.com\/index.php?rest_route=\/wp\/v2\/posts\/37389\/revisions\/37390"}],"wp:attachment":[{"href":"http:\/\/www.floracantabrica.com\/index.php?rest_route=%2Fwp%2Fv2%2Fmedia&parent=37389"}],"wp:term":[{"taxonomy":"category","embeddable":true,"href":"http:\/\/www.floracantabrica.com\/index.php?rest_route=%2Fwp%2Fv2%2Fcategories&post=37389"},{"taxonomy":"post_tag","embeddable":true,"href":"http:\/\/www.floracantabrica.com\/index.php?rest_route=%2Fwp%2Fv2%2Ftags&post=37389"}],"curies":[{"name":"wp","href":"https:\/\/api.w.org\/{rel}","templated":true}]}}