{"id":3719,"date":"2010-01-19T19:17:43","date_gmt":"2010-01-19T17:17:43","guid":{"rendered":"http:\/\/www.floracantabrica.com\/?p=3719"},"modified":"2010-01-19T19:17:43","modified_gmt":"2010-01-19T17:17:43","slug":"amartya-sen-premio-nobel-de-economia-1998-the-copenhagen-climate-summit","status":"publish","type":"post","link":"http:\/\/www.floracantabrica.com\/?p=3719","title":{"rendered":"Amartya Sen, Premio Nobel de Econom\u00eda 1998. The Copenhagen climate summit"},"content":{"rendered":"<p><a href=\"http:\/\/twitter.com\/share?url=http%3A%2F%2Fwww.floracantabrica.com%2F%3Fp%3D3719&amp;count=none&amp;lang=es&amp;via=lorencincoreses&amp;related=Mujerverdosa&amp;text=  Amartya Sen, Premio Nobel de Econom\u00eda 1998. The Copenhagen climate summit  - Flora Cant\u00e1brica\" class=\"twitter-share-button\">Tweet<\/a><\/p><p><em>Agencia Bolivariana de Noticias (ABN) &#8211;<\/em><em><br \/>\n<em>www.aporrea.org<\/em><\/em><br \/>\n12\/01\/10 &#8211;<\/p>\n<p>\u00a0<\/p>\n<p>\u00a0<\/p>\n<p>Par\u00eds, 12 Ene. ABN.- El Premio Nobel de Econom\u00eda Amartya Sen coincide con el proyecto bolivariano que lleva adelante el presidente venzolano, Hugo Ch\u00e1vez Fr\u00edas, al aseverar este martes que, despu\u00e9s del fracaso de la Cumbre sobre Cambio Clim\u00e1tico de Copenhague, la \u00fanica alternativa de salida a las crisis del mundo pasa por la justicia social.<\/p>\n<p>De acuerdo con una nota de Prensa Latina, en una conferencia magistral en la Universidad de Ciencias Pol\u00edticas de Par\u00eds, el profesor Sen hizo un detallado an\u00e1lisis de las potencialidades de interacci\u00f3n social bajo la libertad real de los pueblos sin da\u00f1ar su soberan\u00eda.<\/p>\n<p>Durante casi dos horas de la ponencia intitulada Justicia y medio ambiente despu\u00e9s de Copenhague, el economista remarc\u00f3 que los principales problemas a los que se enfrenta la salida de la crisis es la falta de respuestas.<\/p>\n<p>&#8216;Hacen falta cambios para modificar el orden econ\u00f3mico vigente a escala mundial y dentro de cada naci\u00f3n. Un cambio de esta naturaleza no se puede hacer a corto plazo, ni siquiera a medio, pero se requiere ir sentando las bases en esa l\u00ednea&#8217;, argument\u00f3.<\/p>\n<p>Al explicar elementos de su libro The Idea of Justice (La Idea de la Justicia, en espa\u00f1ol), Sen sentenci\u00f3 que la justicia no debe buscar la perfecci\u00f3n sino focalizarse en asuntos concretos.<\/p>\n<p>&#8216;La desnutrici\u00f3n, subyugaci\u00f3n de la mujer, falta de atenci\u00f3n m\u00e9dica, analfabetismo, enfermedades y otros, son temas que requieren de la atenci\u00f3n prioritaria de partidos pol\u00edticos, sociedad civil y medios de prensa&#8217;, consider\u00f3.<\/p>\n<p>El tambi\u00e9n fil\u00f3sofo, oriundo de India, precis\u00f3 que el impacto del <strong>calentamiento global<\/strong> de la atm\u00f3sfera es mucho m\u00e1s fuerte en las poblaciones m\u00e1s pobres y, sin embargo, &#8216;a la hora de negociar la cuesti\u00f3n del clima no se tienen en cuenta las inequidades&#8217;.<\/p>\n<p>&#8216;Al hablar de igualdad nos referimos a la igualdad de las oportunidades, de los derechos. Un pa\u00eds con alto Producto Interno Bruto per c\u00e1pita puede ser menos desarrollado que una naci\u00f3n m\u00e1s pobre pero con mejor distribuci\u00f3n de oportunidades&#8217;, sentenci\u00f3.<\/p>\n<p>Adem\u00e1s de los bienes b\u00e1sicos para la subsistencia fisiol\u00f3gica, las personas necesitan otros factores para llevar vidas valiosas: educaci\u00f3n, acceso a la cultura, espacio de participaci\u00f3n pol\u00edtica, confianza en las relaciones familiares y sociales, acot\u00f3.<\/p>\n<p>El profesor Sen insisti\u00f3 en la importancia de la educaci\u00f3n en relaci\u00f3n con el cap\u00edtulo del <strong>cambio clim\u00e1tico.<\/strong> &#8216;Todo es un proceso, claro est\u00e1, en el cual lo primero es dotar al ser humano de la valiosa herramienta de saber leer y escribir&#8217;, apunt\u00f3.<\/p>\n<p>Luego, con esos conocimientos, tendr\u00eda que pensarse en educar al hombre en su entorno, en el contexto de la naturaleza y en la perspectiva de llevar adelante una vida valiosa con posibilidades de acceso a todos los<\/p>\n","protected":false},"excerpt":{"rendered":"<p>TweetAgencia Bolivariana de Noticias (ABN) &#8211; www.aporrea.org 12\/01\/10 &#8211; \u00a0 \u00a0 Par\u00eds, 12 Ene. ABN.- El Premio Nobel de Econom\u00eda Amartya Sen coincide con el proyecto bolivariano que lleva adelante el presidente venzolano, Hugo Ch\u00e1vez Fr\u00edas, al aseverar este martes que, despu\u00e9s del fracaso de la Cumbre sobre Cambio Clim\u00e1tico de Copenhague, la \u00fanica alternativa [&hellip;]<\/p>\n","protected":false},"author":1,"featured_media":0,"comment_status":"open","ping_status":"open","sticky":false,"template":"","format":"standard","meta":{"footnotes":""},"categories":[5],"tags":[],"class_list":["post-3719","post","type-post","status-publish","format-standard","hentry","category-etnopaisaje"],"_links":{"self":[{"href":"http:\/\/www.floracantabrica.com\/index.php?rest_route=\/wp\/v2\/posts\/3719","targetHints":{"allow":["GET"]}}],"collection":[{"href":"http:\/\/www.floracantabrica.com\/index.php?rest_route=\/wp\/v2\/posts"}],"about":[{"href":"http:\/\/www.floracantabrica.com\/index.php?rest_route=\/wp\/v2\/types\/post"}],"author":[{"embeddable":true,"href":"http:\/\/www.floracantabrica.com\/index.php?rest_route=\/wp\/v2\/users\/1"}],"replies":[{"embeddable":true,"href":"http:\/\/www.floracantabrica.com\/index.php?rest_route=%2Fwp%2Fv2%2Fcomments&post=3719"}],"version-history":[{"count":6,"href":"http:\/\/www.floracantabrica.com\/index.php?rest_route=\/wp\/v2\/posts\/3719\/revisions"}],"predecessor-version":[{"id":3725,"href":"http:\/\/www.floracantabrica.com\/index.php?rest_route=\/wp\/v2\/posts\/3719\/revisions\/3725"}],"wp:attachment":[{"href":"http:\/\/www.floracantabrica.com\/index.php?rest_route=%2Fwp%2Fv2%2Fmedia&parent=3719"}],"wp:term":[{"taxonomy":"category","embeddable":true,"href":"http:\/\/www.floracantabrica.com\/index.php?rest_route=%2Fwp%2Fv2%2Fcategories&post=3719"},{"taxonomy":"post_tag","embeddable":true,"href":"http:\/\/www.floracantabrica.com\/index.php?rest_route=%2Fwp%2Fv2%2Ftags&post=3719"}],"curies":[{"name":"wp","href":"https:\/\/api.w.org\/{rel}","templated":true}]}}