{"id":3084,"date":"2009-12-28T16:44:44","date_gmt":"2009-12-28T14:44:44","guid":{"rendered":"http:\/\/www.floracantabrica.com\/?p=3084"},"modified":"2009-12-28T20:38:18","modified_gmt":"2009-12-28T18:38:18","slug":"llamada-de-atencion-a-los-medios-de-comunicacion-por-margarita-fernandez","status":"publish","type":"post","link":"http:\/\/www.floracantabrica.com\/?p=3084","title":{"rendered":"Llamada de atenci\u00f3n a los medios de comunicaci\u00f3n. Por Margarita Fern\u00e1ndez."},"content":{"rendered":"<p><a href=\"http:\/\/twitter.com\/share?url=http%3A%2F%2Fwww.floracantabrica.com%2F%3Fp%3D3084&amp;count=none&amp;lang=es&amp;via=lorencincoreses&amp;related=Mujerverdosa&amp;text=Llamada de atenci\u00f3n a los medios de comunicaci\u00f3n. Por Margarita Fern\u00e1ndez. - Flora Cant\u00e1brica\" class=\"twitter-share-button\">Tweet<\/a><\/p><p>\u00a0<\/p>\n<p>En un peri\u00f3dico de nuestra autonom\u00eda he le\u00eddo que \u201cel alcornoque entra en los Picos de Europa\u201d<\/p>\n<p>Ese es el titular\u2026. Luego en el texto desglosa el tema y dice que \u201cpara que entre el alcornoque en los Picos de Europa , hay que ampliar administrativamente el parque de Picos hacia Cantabria\u201d.<\/p>\n<p>Pues ni lo uno ni lo otro:<\/p>\n<p>El \u201calcornoque siempre estuvo en los Picos de Europa, pues seg\u00fan sabemos los medioambientalistas un macizo monta\u00f1oso es un generador de vida y biodiversidad , una enorme \u201cturbina de transiciones entre distintos habitats \u201c, que no entiende en absoluto de limites pol\u00edtico administrativos, ni por supuesto de maniobras para obtener suculentos beneficios econ\u00f3micos.<\/p>\n<p>Por ejemplo , el \u00a0Parque Hist\u00f3rico \u00a0del \u00a0Navia Porcia tiene el alcornoque por si mismo sin necesidad de modificar fronteras pol\u00edtico administrativas de ning\u00fan tipo.<\/p>\n<p>El asunto del alcornoque\u00a0 me ha tra\u00eddo a la memoria algo que sucedi\u00f3 en una tertulia de tv \u00a0hace a\u00f1os,<\/p>\n<p>en la que participaba\u00a0 un director de peri\u00f3dico nacional(de cuyo nombre no quiero acordarme ) y un presidente auton\u00f3mico hoy procesado (de cuyo nombre tampoco quiero acordarme) y hablando del tema de trasvase de aguas y de los inconvenientes de destrozo medioambiental.<\/p>\n<p>Otro tertuliano\u00a0 dijo: la comunidad cient\u00edfica est\u00e1 en contra (del trasvase)\u00a0 \u2026el director de peri\u00f3dico y el todo poderoso presidente de la comunidad auton\u00f3mica , a d\u00fao y como si les dieran cuerda , se troncharon de risa: jijiji jajaja.<\/p>\n<p>Poco mas ( de momento) tengo que decir\u2026excepto que pedir a los periodistas que hagan un ejercicio de reciclaje\u00a0 y actualicen sus conocimientos \u00a0sobre temas cient\u00edficos\u00a0\u00a0 , adem\u00e1s felicito a los poderes pol\u00edtico administrativos que por fin han comprendido la importancia de la Cordillera Cant\u00e1brica , en su doble vertiente hacia el mar y hacia la meseta y pido a esos mismos poderes pol\u00edtico administrativos que pongan sus ojos en el Parque Hist\u00f3rico del Navia_Porcia\u00a0 que tiene todo lo que hay que tener como entidad biol\u00f3gica<\/p>\n","protected":false},"excerpt":{"rendered":"<p>Tweet\u00a0 En un peri\u00f3dico de nuestra autonom\u00eda he le\u00eddo que \u201cel alcornoque entra en los Picos de Europa\u201d Ese es el titular\u2026. Luego en el texto desglosa el tema y dice que \u201cpara que entre el alcornoque en los Picos de Europa , hay que ampliar administrativamente el parque de Picos hacia Cantabria\u201d. Pues ni [&hellip;]<\/p>\n","protected":false},"author":1,"featured_media":0,"comment_status":"open","ping_status":"open","sticky":false,"template":"","format":"standard","meta":{"footnotes":""},"categories":[4],"tags":[],"class_list":["post-3084","post","type-post","status-publish","format-standard","hentry","category-divulgacion"],"_links":{"self":[{"href":"http:\/\/www.floracantabrica.com\/index.php?rest_route=\/wp\/v2\/posts\/3084","targetHints":{"allow":["GET"]}}],"collection":[{"href":"http:\/\/www.floracantabrica.com\/index.php?rest_route=\/wp\/v2\/posts"}],"about":[{"href":"http:\/\/www.floracantabrica.com\/index.php?rest_route=\/wp\/v2\/types\/post"}],"author":[{"embeddable":true,"href":"http:\/\/www.floracantabrica.com\/index.php?rest_route=\/wp\/v2\/users\/1"}],"replies":[{"embeddable":true,"href":"http:\/\/www.floracantabrica.com\/index.php?rest_route=%2Fwp%2Fv2%2Fcomments&post=3084"}],"version-history":[{"count":6,"href":"http:\/\/www.floracantabrica.com\/index.php?rest_route=\/wp\/v2\/posts\/3084\/revisions"}],"predecessor-version":[{"id":3089,"href":"http:\/\/www.floracantabrica.com\/index.php?rest_route=\/wp\/v2\/posts\/3084\/revisions\/3089"}],"wp:attachment":[{"href":"http:\/\/www.floracantabrica.com\/index.php?rest_route=%2Fwp%2Fv2%2Fmedia&parent=3084"}],"wp:term":[{"taxonomy":"category","embeddable":true,"href":"http:\/\/www.floracantabrica.com\/index.php?rest_route=%2Fwp%2Fv2%2Fcategories&post=3084"},{"taxonomy":"post_tag","embeddable":true,"href":"http:\/\/www.floracantabrica.com\/index.php?rest_route=%2Fwp%2Fv2%2Ftags&post=3084"}],"curies":[{"name":"wp","href":"https:\/\/api.w.org\/{rel}","templated":true}]}}