{"id":13922,"date":"2011-07-21T16:24:19","date_gmt":"2011-07-21T14:24:19","guid":{"rendered":"http:\/\/www.floracantabrica.com\/?p=13922"},"modified":"2011-07-21T16:24:19","modified_gmt":"2011-07-21T14:24:19","slug":"nacionalizacion-de-bankia-nationalization-of-bankia","status":"publish","type":"post","link":"http:\/\/www.floracantabrica.com\/?p=13922","title":{"rendered":"Nacionalizaci\u00f3n de Bankia.Nationalization of Bankia"},"content":{"rendered":"<p><a href=\"http:\/\/twitter.com\/share?url=http%3A%2F%2Fwww.floracantabrica.com%2F%3Fp%3D13922&amp;count=none&amp;lang=es&amp;via=lorencincoreses&amp;related=Mujerverdosa&amp;text=Nacionalizaci\u00f3n de Bankia.Nationalization of Bankia - Flora Cant\u00e1brica\" class=\"twitter-share-button\">Tweet<\/a><\/p><p>&#8230;&#8230;&#8230;&#8230;&#8230;&#8230;&#8230;&#8230;&#8230;&#8230;&#8230;&#8230;.<\/p>\n<p><span style=\"font-size: medium;\"><strong>Nacionalizaci\u00f3n de Bankia<\/strong><\/span><\/p>\n<p><span style=\"font-size: medium;\"><strong><br \/>\n<\/strong><\/span><\/p>\n<p><span style=\"font-size: medium;\"> <\/span><\/p>\n<p><span style=\"font-size: medium;\"><strong> <\/strong><\/span><\/p>\n<p><span style=\"font-size: medium;\"> <\/span><\/p>\n<p><span style=\"font-size: medium;\"><strong>ATTAC reclama la nacionalizaci\u00f3n de Bankia y el resto de Cajas<\/strong><\/span><\/p>\n<p><span style=\"font-size: medium;\"> <\/span><\/p>\n<p><span style=\"font-size: medium;\"><strong> <\/strong><\/span><\/p>\n<p><span style=\"font-size: medium;\"> <\/span><\/p>\n<p><span style=\"font-size: medium;\"><strong>Vamos al tertulia del University College<\/strong><\/span><\/p>\n<p><span style=\"font-size: medium;\"><strong><br \/>\n<\/strong><\/span><\/p>\n<p><span style=\"font-size: medium;\"> <\/span><\/p>\n<p><span style=\"font-size: medium;\"><strong><em>Interviene el moderador<\/em><\/strong><em>: vemos con profunda simpat\u00eda esta petici\u00f3n de nacionalizar las Cajas.<\/em><\/span><\/p>\n<p><span style=\"font-size: medium;\"> <\/span><\/p>\n<p><span style=\"font-size: medium;\"><em>Esto ser\u00eda la condici\u00f3n necesaria para un cambio de la pol\u00edtica capitalista. Se impone grandes reformas en los bancos y en los sistemas fiscales. Estos enriquecimientos repentinos son debidos a que no hay un control riguroso \u00a0por parte de hacienda de los ingresos ciudadanos. Con la ca\u00edda del comunismo todo vale, incluso el socialismo ha traicionado sus principios en la defensa de la clase obrera.<\/em><\/span><\/p>\n<p><span style=\"font-size: medium;\"> <\/span><\/p>\n<p><span style=\"font-size: medium;\"><em> <\/em><\/span><\/p>\n<p><span style=\"font-size: medium;\"> <\/span><\/p>\n<p><span style=\"font-size: medium;\"><em>Felipe Gonz\u00e1lez dec\u00eda que no quer\u00eda que los ricos empobrecieran, sino que los pobres se enriquecieran.<\/em><\/span><\/p>\n<p><span style=\"font-size: medium;\"> <\/span><\/p>\n<p><span style=\"font-size: medium;\"><em>Nosotros condenamos las concentraciones tan abusivas del capital en unos pocos, pues supone \u00a0la pobreza y miseria de muchos. Cuando tanto se dice&#8230;\u00a0 lo que se debe hacer por la defensa de los derechos humanos&#8230;. Una autentica defensa es la b\u00fasqueda equitativa en el reparto de los beneficios. <\/em><\/span><\/p>\n<p><span style=\"font-size: medium;\"><em><br \/>\n<\/em><\/span><\/p>\n<p><span style=\"font-size: medium;\"> <\/span><\/p>\n<p><span style=\"font-size: medium;\"><strong><em> <\/em><\/strong><\/span><\/p>\n<p><span style=\"font-size: medium;\"> <\/span><\/p>\n<p><span style=\"font-size: medium;\"><strong><em> <\/em><\/strong><\/span><\/p>\n<p><span style=\"font-size: medium;\"> <\/span><\/p>\n<p><span style=\"font-size: medium;\"><strong><em>The moderator<\/em><\/strong><strong><em> intervenes<\/em><\/strong><em>: see deep sympathy with the request to nationalize the banks.This would be the necessary condition for changing the capitalist policies. It requires major reforms in the banking and tax systems. These enrichments are due to no strict control on the part of finance income citizens. With the fall of communism anything goes, even socialism has betrayed its principles in defense of the working class.Felipe Gonzalez said he did not want to impoverish the rich but the poor to enrich themselves.<br \/>\nWe condemn the abuses of capitalism concentrations as in a few, it is poverty and misery of many. When it is said what to do for the defense of human rights. A true defense is to seek equitable sharing of benefits.<\/em><\/span><\/p>\n<p><span style=\"font-size: medium;\"><em><br \/>\n<\/em><\/span><\/p>\n<p><span style=\"font-size: medium;\"> <\/span><\/p>\n<p><span style=\"font-size: medium;\"><strong><em> <\/em><\/strong><\/span><\/p>\n<p><span style=\"font-size: medium;\"> <\/span><\/p>\n<p><span style=\"font-size: medium;\">A las 11 de la ma\u00f1ana del lunes 18 de julio, un grupo de miembros de la <strong>Plataforma por la Nacionalizaci\u00f3n de las Cajas,<\/strong> realizar\u00e1 ante la puerta principal del Banco de Espa\u00f1a, C\/ Alcal\u00e1, 48, en Madrid, un acto de acompa\u00f1amiento a la entrega de una carta al Gobernador de esta instituci\u00f3n, D. Miguel \u00c1ngel Fern\u00e1ndez Ord\u00f3\u00f1ez. En el texto de este escrito, muy similar al entregado a Do\u00f1a Elena Salgado el d\u00eda 7 de este mes, <strong>la Plataforma explica de forma pormenorizada las razones de su oposici\u00f3n a la privatizaci\u00f3n de las Cajas de Ahorros<\/strong>. La \u201cperformance\u201d y la propia carta cuentan con el apoyo de Acampada Sol y la Asamblea Popular del Barrio de Hortaleza.<\/span><\/p>\n<p><span style=\"font-size: medium;\"> <\/span><\/p>\n<p><span style=\"font-size: medium;\"> <\/span><\/p>\n<p><span style=\"font-size: medium;\"><br \/>\n<\/span><\/p>\n<p><span style=\"font-size: medium;\"> <\/span><\/p>\n<p><span style=\"font-size: medium;\"><strong>Carta dirigida a Miguel \u00c1ngel Fern\u00e1ndez Ord\u00f3\u00f1ez<\/strong><\/span><\/p>\n<p><span style=\"font-size: medium;\"> <\/span><\/p>\n<p><span style=\"font-size: medium;\">Nos dirigimos a Ud. para manifestarle nuestro <strong>total desacuerdo con la salida a Bolsa de parte de las Cajas de Ahorros y en particular de Bankia<\/strong>. En nuestra opini\u00f3n la funci\u00f3n del Banco de Espa\u00f1a, que tiene la responsabilidad de dirigir, es velar por que nuestro sistema financiero se ponga al servicio de la inmensa mayor\u00eda de los ciudadanos y creemos que la venta de Bankia a inversores privados no se ajusta a ese fin.<\/span><\/p>\n<p><span style=\"font-size: medium;\"><br \/>\n<\/span><\/p>\n<p><span style=\"font-size: medium;\"> <\/span><\/p>\n<p><span style=\"font-size: medium;\"> <\/span><\/p>\n<p><span style=\"font-size: medium;\"> <\/span><\/p>\n<p><span style=\"font-size: medium;\">Bankia re\u00fane dep\u00f3sitos por valor de 153.479 millones de euros de los ahorros y las n\u00f3minas de cientos de miles de personas. <strong>Todas estas personas eligieron Caja Madrid para guardar sus ahorros y por lo tanto, al transformarla en banco, se est\u00e1 usurpando la decisi\u00f3n de los due\u00f1os de los ahorros: los impositores.<\/strong> El uso que se d\u00e9 a esos dep\u00f3sitos va a depender de qui\u00e9nes sean los propietarios de la citada entidad. Su salida a Bolsa garantiza a los fondos de inversi\u00f3n privados ser propietarios de Bankia y, vista la experiencia de la crisis, tenemos motivos m\u00e1s que sobrados para temer por el futuro de los mismos. Una vez est\u00e9 privatizada Bankia, <strong>\u00bfpueden ustedes garantizar un buen uso social y responsable de dichos fondos? <\/strong>Pensamos que no y usted lo sabe. El estilo con que nace Bankia se puede ver en algunas de las condiciones que impondr\u00e1n a sus impositores a partir del pr\u00f3ximo 13 de agosto: una nueva comisi\u00f3n para saldos inferiores a 2.000\u20ac, y las humildes econom\u00edas que no llegan a fin de mes sufrir\u00e1n una \u201ccomisi\u00f3n de reclamaci\u00f3n de posiciones deudoras\u201d de 35 euros. Y mientras se endurecen las condiciones para los impositores de rentas m\u00e1s bajas, sus principales gestores corren a emular a los ejecutivos bancarios y se adjudican sueldos millonarios, tal y como hemos podido comprobar en el Folleto informativo de la Oferta P\u00fablica presentada por Bankia.<\/span><\/p>\n<p><span style=\"font-size: medium;\"> <\/span><\/p>\n<p><span style=\"font-size: medium;\"> <\/span><\/p>\n<p><span style=\"font-size: medium;\">&#8230;..<\/span><\/p>\n<p><span style=\"font-size: medium;\"><br \/>\n<\/span><\/p>\n<p><span style=\"font-size: medium;\"> <\/span><\/p>\n<p><span style=\"font-size: medium;\">Adem\u00e1s el Fondo de Reordenaci\u00f3n Bancaria (FROB) prest\u00f3 al Banco Financiero y de Ahorros, matriz de Bankia, 4.465 millones de euros en concepto de participaciones sin derechos pol\u00edticos, es decir, <strong>sin que el Estado tuviera ninguna posibilidad de decidir nada respecto a la gesti\u00f3n de la misma<\/strong>. Sin embargo, con la salida a Bolsa de dicha entidad, los inversores privados comprar\u00e1n acciones con voz y voto. Y no parece muy justo ni inteligente semejante forma de proceder puesto que est\u00e1n facilitando el empleo de los esfuerzos de los impositores en juegos financieros denostados y peligrosos que han sido la causa del enorme pozo negro en el que nos han metido.<\/span><\/p>\n<p><span style=\"font-size: medium;\"> <\/span><\/p>\n<p><span style=\"font-size: medium;\"> &#8230;<\/span><\/p>\n<p><span style=\"font-size: medium;\"><br \/>\n<\/span><\/p>\n<p><span style=\"font-size: medium;\"> <\/span><\/p>\n<p><span style=\"font-size: medium;\">Es m\u00e1s, <strong>Bankia va a salir a Bolsa con gran descuento<\/strong>, lo que supondr\u00e1 un valor aproximado a lo ya entregado por el estado. En otras palabras, Bankia deber\u00eda ser ya un banco p\u00fablico.<\/span><\/p>\n<p><span style=\"font-size: medium;\"> <\/span><\/p>\n<p><span style=\"font-size: medium;\"> &#8230;<\/span><\/p>\n<p><span style=\"font-size: medium;\"><br \/>\n<\/span><\/p>\n<p><span style=\"font-size: medium;\"> <\/span><\/p>\n<p><span style=\"font-size: medium;\"><strong>Por eso les exigimos que detengan la salida a Bolsa de Bankia<\/strong> y que la nacionalicen, convirti\u00e9ndola en \u201cel primer banco de una nueva banca p\u00fablica\u201d, ya que de todas formas se est\u00e1 poniendo dinero p\u00fablico, que se deja de invertir en otros menesteres. Con ello pedimos que existan responsabilidades claras para que la gesti\u00f3n de esta entidad sea profesional, austera, democr\u00e1tica, transparente y dirigida a beneficiar al conjunto de la sociedad, empleando los ahorros de la mayor\u00eda en promover el pleno empleo y desarrollo de los servicios p\u00fablicos, cosa que dif\u00edcilmente podemos esperar de la banca privada, al acecho por nuestros ahorros en estas suculentas rebajas de verano.<\/span><\/p>\n<p><span style=\"font-size: medium;\"> <\/span><\/p>\n<p><span style=\"font-size: medium;\">&#8230;&#8230;.<\/span><\/p>\n<p><span style=\"font-size: medium;\"><br \/>\n<\/span><\/p>\n<p><span style=\"font-size: medium;\"> <\/span><\/p>\n<p><span style=\"font-size: medium;\"><strong>Finalmente decimos que esta medida hay que hacerla extensiva al conjunto del sistema de Cajas de Ahorros para convertirlo en un Sistema P\u00fablico, una verdadera Banca P\u00fablica que garantice el buen uso social y econ\u00f3mico de los ahorros de toda la sociedad, y se transforme en una palanca decisiva para atajar el principal problema que sufre nuestra sociedad, el desempleo, contribuyendo a garantizar a toda la poblaci\u00f3n un puesto de trabajo digno<\/strong>. Si desea conocer con m\u00e1s detalle nuestra propuesta, que ya lleva recogidas m\u00e1s de 2.500 firmas, puede hacerlo aqu\u00ed<\/span><\/p>\n<p><span style=\"font-size: medium;\"> <\/span><\/p>\n<p><span style=\"font-size: medium;\"> <\/span><\/p>\n<p><span style=\"font-size: medium;\">&#8230;&#8230;.<\/span><\/p>\n<p><span style=\"font-size: medium;\"><br \/>\n<\/span><\/p>\n<p><span style=\"font-size: medium;\"> <\/span><\/p>\n<p><span style=\"font-size: medium;\">No dude que vamos a trabajar en todos los \u00e1mbitos con firmeza para superar este dislate. Sin otro particular, aunque con mucha preocupaci\u00f3n por la situaci\u00f3n, le saludamos atentamente.<\/span><\/p>\n<p><span style=\"font-size: medium;\"> <\/span><\/p>\n<p><span style=\"font-size: medium;\"> &#8230;<\/span><\/p>\n<p><span style=\"font-size: medium;\"><br \/>\n<\/span><\/p>\n<p><span style=\"font-size: medium;\"> <\/span><\/p>\n<p><span style=\"font-size: medium;\">Firmantes de la carta: Juan Sotres Men\u00e9ndez, Daniel Vila y Jordi Escuer en nombre de la Plataforma por la Nacionalizaci\u00f3n de las Cajas-Madrid<\/span><\/p>\n<p><span style=\"font-size: medium;\"> <\/span><\/p>\n<p><span style=\"font-size: medium;\"><strong> <\/strong><\/span><\/p>\n<p><span style=\"font-size: medium;\"> <\/span><\/p>\n<p><span style=\"font-size: medium;\"> &#8230;&#8230;&#8230;&#8230;&#8230;&#8230;&#8230;&#8230;&#8230;&#8230;&#8230;&#8230;&#8230;&#8230;&#8230;&#8230;<\/span><\/p>\n<p><span style=\"font-size: medium;\"><img loading=\"lazy\" decoding=\"async\" class=\"aligncenter size-full wp-image-13930\" title=\"image002\" src=\"http:\/\/www.floracantabrica.com\/wp-content\/uploads\/2011\/07\/image00213.jpg\" alt=\"image002\" width=\"764\" height=\"560\" srcset=\"http:\/\/www.floracantabrica.com\/wp-content\/uploads\/2011\/07\/image00213.jpg 764w, http:\/\/www.floracantabrica.com\/wp-content\/uploads\/2011\/07\/image00213-300x219.jpg 300w\" sizes=\"auto, (max-width: 764px) 100vw, 764px\" \/><br \/>\n<\/span><\/p>\n","protected":false},"excerpt":{"rendered":"<p>Tweet&#8230;&#8230;&#8230;&#8230;&#8230;&#8230;&#8230;&#8230;&#8230;&#8230;&#8230;&#8230;. Nacionalizaci\u00f3n de Bankia ATTAC reclama la nacionalizaci\u00f3n de Bankia y el resto de Cajas Vamos al tertulia del University College Interviene el moderador: vemos con profunda simpat\u00eda esta petici\u00f3n de nacionalizar las Cajas. Esto ser\u00eda la condici\u00f3n necesaria para un cambio de la pol\u00edtica capitalista. Se impone grandes reformas en los bancos y en [&hellip;]<\/p>\n","protected":false},"author":1,"featured_media":0,"comment_status":"open","ping_status":"open","sticky":false,"template":"","format":"standard","meta":{"footnotes":""},"categories":[1],"tags":[],"class_list":["post-13922","post","type-post","status-publish","format-standard","hentry","category-flora"],"_links":{"self":[{"href":"http:\/\/www.floracantabrica.com\/index.php?rest_route=\/wp\/v2\/posts\/13922","targetHints":{"allow":["GET"]}}],"collection":[{"href":"http:\/\/www.floracantabrica.com\/index.php?rest_route=\/wp\/v2\/posts"}],"about":[{"href":"http:\/\/www.floracantabrica.com\/index.php?rest_route=\/wp\/v2\/types\/post"}],"author":[{"embeddable":true,"href":"http:\/\/www.floracantabrica.com\/index.php?rest_route=\/wp\/v2\/users\/1"}],"replies":[{"embeddable":true,"href":"http:\/\/www.floracantabrica.com\/index.php?rest_route=%2Fwp%2Fv2%2Fcomments&post=13922"}],"version-history":[{"count":10,"href":"http:\/\/www.floracantabrica.com\/index.php?rest_route=\/wp\/v2\/posts\/13922\/revisions"}],"predecessor-version":[{"id":13933,"href":"http:\/\/www.floracantabrica.com\/index.php?rest_route=\/wp\/v2\/posts\/13922\/revisions\/13933"}],"wp:attachment":[{"href":"http:\/\/www.floracantabrica.com\/index.php?rest_route=%2Fwp%2Fv2%2Fmedia&parent=13922"}],"wp:term":[{"taxonomy":"category","embeddable":true,"href":"http:\/\/www.floracantabrica.com\/index.php?rest_route=%2Fwp%2Fv2%2Fcategories&post=13922"},{"taxonomy":"post_tag","embeddable":true,"href":"http:\/\/www.floracantabrica.com\/index.php?rest_route=%2Fwp%2Fv2%2Ftags&post=13922"}],"curies":[{"name":"wp","href":"https:\/\/api.w.org\/{rel}","templated":true}]}}