{"id":13904,"date":"2011-07-18T19:05:29","date_gmt":"2011-07-18T17:05:29","guid":{"rendered":"http:\/\/www.floracantabrica.com\/?p=13904"},"modified":"2011-07-18T19:05:29","modified_gmt":"2011-07-18T17:05:29","slug":"practicas-que-han-excedido-el-ambito-de-lo-mercantil-practices-that-exceeded-the-realm-of-commerce","status":"publish","type":"post","link":"http:\/\/www.floracantabrica.com\/?p=13904","title":{"rendered":"Pr\u00e1cticas que han excedido el \u00e1mbito de lo mercantil.Practices that exceeded the realm of commerce"},"content":{"rendered":"<p><a href=\"http:\/\/twitter.com\/share?url=http%3A%2F%2Fwww.floracantabrica.com%2F%3Fp%3D13904&amp;count=none&amp;lang=es&amp;via=lorencincoreses&amp;related=Mujerverdosa&amp;text=Pr\u00e1cticas que han excedido el \u00e1mbito de lo mercantil.Practices that exceeded the realm of commerce - Flora Cant\u00e1brica\" class=\"twitter-share-button\">Tweet<\/a><\/p><p>&#8230;&#8230;&#8230;&#8230;&#8230;&#8230;&#8230;.<\/p>\n<p><span style=\"font-size: medium;\">Pr\u00e1cticas que han excedido el \u00e1mbito de lo mercantil.<\/span><\/p>\n<p><span style=\"font-size: medium;\"> <\/span><\/p>\n<p><span style=\"font-size: medium;\">Practices that exceeded the realm of commerce.<strong> <\/strong><\/span><\/p>\n<p><span style=\"font-size: medium;\"> <\/span><\/p>\n<p><span style=\"font-size: medium;\"><strong> <\/strong><\/span><\/p>\n<p><span style=\"font-size: medium;\"> <\/span><\/p>\n<p><span style=\"font-size: medium;\"><strong>Calificaciones bajo sospecha<\/strong><\/span><\/p>\n<p><span style=\"font-size: medium;\"> <\/span><\/p>\n<p><span style=\"font-size: medium;\">15 Julio 2011 | Categor\u00edas: <a title=\"Ver todas las entradas en Crisis sist\u00e9mica\" href=\"http:\/\/www.attac.es\/category\/opinion\/crisis-sistemica-opinion\/\">Crisis sist\u00e9mica<\/a><\/span><\/p>\n<p><span style=\"font-size: medium;\"> <\/span><\/p>\n<p><span style=\"font-size: medium;\"><strong>Gonzalo Boye<\/strong><\/span><\/p>\n<p><span style=\"font-size: medium;\"> <\/span><\/p>\n<p><span style=\"font-size: medium;\"><strong> <\/strong><\/span><\/p>\n<p><span style=\"font-size: medium;\"> <\/span><\/p>\n<p><span style=\"font-size: medium;\"><strong><em>Interviene el moderador<\/em><\/strong><em>: Una nota peor para la deuda de un pa\u00eds permite a quienes compran esa deuda (sobre todo, fondos de inversi\u00f3n y de pensiones, fondos soberanos y bancos) exigir m\u00e1s intereses.<\/em><\/span><\/p>\n<p><span style=\"font-size: medium;\"> <\/span><\/p>\n<p><span style=\"font-size: medium;\"><em>\u2026\u2026\u2026<\/em><\/span><\/p>\n<p><span style=\"font-size: medium;\"> <\/span><\/p>\n<p><span style=\"font-size: medium;\"><em>Ante la cr\u00edtica situaci\u00f3n que vive la zona del euro, la opini\u00f3n m\u00e1s com\u00fan entre los expertos es que las actuaciones de las agencias est\u00e1n empeorando la crisis. Santiago Carb\u00f3, catedr\u00e1tico de la Universidad de Granada y asesor de la Fed, <strong>achaca la situaci\u00f3n a la inexistencia de una acci\u00f3n europea com\u00fan<\/strong> y a una \u00abfalta de reconocimiento de los problemas\u00bb por parte de los socios del euro (Carb\u00f3 es de los que cree que Grecia est\u00e1 abocada a la quiebra parcial). No obstante, opina que las agencias, a las que califica de \u00aboportunistas y opacas\u00bb, \u00abno est\u00e1n contribuyendo a la estabilidad\u00bb. <\/em><\/span><\/p>\n<p><span style=\"font-size: medium;\"> <\/span><\/p>\n<p><span style=\"font-size: medium;\"><strong><em>\u2026\u2026\u2026<\/em><\/strong><\/span><\/p>\n<p><span style=\"font-size: medium;\"> <\/span><\/p>\n<p><span style=\"font-size: medium;\"><strong>Involved<\/strong><strong> moderator<\/strong>: A note worse for the debt of a country allow that debt buyers (especially mutual funds and pension funds, sovereign funds and banks) to demand more interest.<br \/>\n&#8230; &#8230; &#8230;<br \/>\nBecause of the critical situation in the euro area, the most common view among experts is that the actions of agencies are worsening the crisis. Santiago Carb\u00f3, professor at the University of Granada and adviser to the Fed, blamed the situation on the lack of a common European action and a \u00ablack of recognition of the problems\u00bb by members of the euro (Carb\u00f3 is among those who believe Greece is doomed to bankruptcy in part). However, says the agencies, which qualifies as \u00abopportunistic and opaque,\u00bb \u00abnot contributing to stability.\u00bb<\/span><\/p>\n<p><span style=\"font-size: medium;\"> <\/span><\/p>\n<p><span style=\"font-size: medium;\"> <\/span><\/p>\n<p><span style=\"font-size: medium;\"> <\/span><\/p>\n<p><span style=\"font-size: medium;\">&#8230;&#8230;<\/span><\/p>\n<p><span style=\"font-size: medium;\"> <\/span><\/p>\n<p><span style=\"font-size: medium;\"><strong><em> <\/em><\/strong><\/span><\/p>\n<p><span style=\"font-size: medium;\"> <\/span><\/p>\n<p><span style=\"font-size: medium;\">Cuando ya llevamos a\u00f1os instalados en una crisis financiera cuyo primer contagiado ha sido la econom\u00eda real, <strong>cuando se han destruido millones de empleos en toda Europa,<\/strong> cuando se ha sometido al chantaje y a presiones inauditas a diversos gobiernos, y cuando se <strong>ha visto que los principales responsables de esta crisis siguen disfrutando de sus privilegios<\/strong>, algunos gobiernos, instituciones y partidos comienzan <strong>a cuestionar el papel que en este proceso han jugado las agencias de calificaci\u00f3n.<\/strong> Otros, ya hace tiempo que venimos denunciando que sus actos ni son inocuos ni carentes de responsabilidad en el \u00e1mbito del derecho penal. Pero hasta ahora no se nos ha querido escuchar.<\/span><\/p>\n<p><span style=\"font-size: medium;\"> <\/span><\/p>\n<p><span style=\"font-size: medium;\">\u2026\u2026<\/span><\/p>\n<p><span style=\"font-size: medium;\"> <\/span><\/p>\n<p><span style=\"font-size: medium;\">Para entender el papel de Moody\u2019s, Standard &amp; Poor\u2019s y Fitch a lo largo de la crisis habr\u00eda que distinguir dos momentos. <strong>El primero tiene lugar aproximadamente a partir de 2001, con la expansi\u00f3n del boom inmobiliario<\/strong>. Entonces, el negocio de las agencias consisti\u00f3 en calificar al alza \u2013previo pago por su asesoramiento\u2013 diferentes productos financieros de sus clientes. Muchos de esos productos eran hipotecas basura y activos t\u00f3xicos. Las agencias, en connivencia con la banca, les otorgaron la m\u00e1xima calificaci\u00f3n. Gracias a estas operaciones, los ejecutivos de las agencias multiplicaron sus ingresos. Al mismo tiempo, generaron una burbuja cuyo estallido aniquil\u00f3 de un plumazo el derecho a la vivienda de miles de familias y conden\u00f3 a muchas otras al desempleo.<\/span><\/p>\n<p><span style=\"font-size: medium;\"> <\/span><\/p>\n<p><span style=\"font-size: medium;\">\u2026\u2026.<\/span><\/p>\n<p><span style=\"font-size: medium;\"> <\/span><\/p>\n<p><span style=\"font-size: medium;\">En Estados Unidos, estas actuaciones est\u00e1n siendo investigadas por diferentes tribunales e indagadas por el Senado y por la Comisi\u00f3n estatal de Bolsa y Valores. <strong>En Ohio, Connecticut y California se ha acusado a las agencias de haber actuado sin rigor ni transparencia<\/strong>, de haber emitido informaci\u00f3n fraudulenta y de haber favorecido a clientes a los que previamente asesoraban, en un claro conflicto de intereses. Lo mismo sucede en Italia, donde la Fiscal\u00eda ha abierto ya una investigaci\u00f3n.<\/span><\/p>\n<p><span style=\"font-size: medium;\"> <\/span><\/p>\n<p><span style=\"font-size: medium;\">\u2026\u2026\u2026.<\/span><\/p>\n<p><span style=\"font-size: medium;\"> <\/span><\/p>\n<p><span style=\"font-size: medium;\"><strong>El segundo momento es aquel que viene caracterizado, durante la crisis, con continuos ataques a la credibilidad y estabilidad de las econom\u00edas m\u00e1s afectadas por la misma<\/strong>; todas y cada una de las acciones emprendidas por los gobiernos de Grecia, Portugal, Espa\u00f1a y otros han sido denostadas por esas agencias, generando una desconfianza a\u00fan m\u00e1s profunda en las econom\u00edas nacionales, siempre con el consiguiente beneficio para empresas que son tambi\u00e9n clientes de las agencias o, incluso, accionistas de ellas.<\/span><\/p>\n<p><span style=\"font-size: medium;\"> <\/span><\/p>\n<p><span style=\"font-size: medium;\">\u2026\u2026.<\/span><\/p>\n<p><span style=\"font-size: medium;\"> <\/span><\/p>\n<p><span style=\"font-size: medium;\"><strong>En el \u00e1mbito europeo, las sanciones a las agencias o a la banca por su responsabilidad no han llegado siquiera a eso<\/strong>. Es m\u00e1s, en casos como el <strong>espa\u00f1ol, diversas entidades financieras son protagonistas de operaciones hipotecarias que bien podr\u00edan encuadrarse en el delito de estafa. Sin embargo<\/strong>, han recibido ingentes cantidades de ayuda que les han permitido convertir su deuda privada en deuda p\u00fablica. Y todo ello pr\u00e1cticamente sin contraprestaciones que las obligue, al menos, a aliviar el grave problema habitacional que han contribuido a crear.<\/span><\/p>\n<p><span style=\"font-size: medium;\"> <\/span><\/p>\n<p><span style=\"font-size: medium;\">\u2026..<\/span><\/p>\n<p><span style=\"font-size: medium;\"> <\/span><\/p>\n<p><span style=\"font-size: medium;\">El problema real no se quiere abordar como corresponde. <strong>No solo es necesaria la creaci\u00f3n de una entidad de calificaci\u00f3n europea, independiente y transparente, sino que, junto con ello, deber\u00eda revisarse el comportamiento que las principales agencias han tenido antes<\/strong> y durante esta crisis para, sobre una investigaci\u00f3n seria, depurar las responsabilidades que les correspondan.<\/span><\/p>\n<p><span style=\"font-size: medium;\"> <\/span><\/p>\n<p><span style=\"font-size: medium;\"><strong>Ante las brutales p\u00e9rdidas generadas a las arcas p\u00fablicas de los pa\u00edses atacados<\/strong> por estas agencias, ante los millones de puestos de trabajo destruidos y los ingentes perjuicios generados a los ciudadanos, es evidente <strong>que los gobiernos<\/strong> que pretendan mantener su credibilidad en materia de prevenci\u00f3n y represi\u00f3n de este tipo de comportamientos deben <strong>afrontar este problema con firmeza y valor.<\/strong><\/span><\/p>\n<p><span style=\"font-size: medium;\"> <\/span><\/p>\n<p><span style=\"font-size: medium;\"><strong>\u2026\u2026.<\/strong><\/span><\/p>\n<p><span style=\"font-size: medium;\"> <\/span><\/p>\n<p><span style=\"font-size: medium;\"><strong>Algunas organizaciones \u2013como el Observatorio DESC, Izquierda Unida o Attac\u2013 han puesto estos graves hechos en conocimiento judicial, a trav\u00e9s de una querella que lleva casi cinco meses paralizada en manos de la Fiscal\u00eda Anticorrupci\u00f3n; se trata de un esfuerzo c\u00edvico importante, valiente y coherente que pretende servir de acicate para que el Gobierno, a trav\u00e9s de la Abogac\u00eda del Estado y de la Fiscal\u00eda, act\u00fae sobre estas empresas y les reclame la responsabilidad que tienen en esta crisis y en las dificultades que existen para salir de ella.<\/strong><\/span><\/p>\n<p><span style=\"font-size: medium;\"> <\/span><\/p>\n<p><span style=\"font-size: medium;\"><strong>\u2026\u2026.<\/strong><\/span><\/p>\n<p><span style=\"font-size: medium;\"> <\/span><\/p>\n<p><span style=\"font-size: medium;\">La par\u00e1lisis que atenaza al Gobierno para impulsar esta iniciativa judicial podr\u00eda, hipot\u00e9ticamente, tener su fundamento en alg\u00fan tipo de actuaci\u00f3n de las propias agencias. Siempre en el terreno especulativo, podr\u00eda ser que hubiesen avisado que, en caso de <strong>procederse en contra de estas empresas privadas, las mismas dejar\u00edan de calificar a Espa\u00f1a,<\/strong> con las consecuencias que ello tendr\u00eda en el mercado. Para poder recobrar la confianza en las instituciones y, especialmente en la diligencia del Gobierno, es preciso que se act\u00fae con firmeza, con valent\u00eda y enviando un claro mensaje: en esta guerra contra nuestra econom\u00eda ni nos vamos a rendir ni vamos a dejarnos avasallar por quienes no pretenden otra cosa que enriquecerse a costa de todos nosotros.<\/span><\/p>\n<p><span style=\"font-size: medium;\"> <\/span><\/p>\n<p><span style=\"font-size: medium;\">\u2026\u2026<\/span><\/p>\n<p><span style=\"font-size: medium;\"> <\/span><\/p>\n<p><span style=\"font-size: medium;\">Los l\u00edmites de la actividad empresarial son los que establece el C\u00f3digo Penal; y quien se los <strong>salte debe estar dispuesto a afrontar las consecuencias y quien dirige los destinos de este pa\u00eds debe asumir, con responsabilidad y valent\u00eda, la imperiosa necesidad de acotar pr\u00e1cticas que han excedido el \u00e1mbito de lo mercantil.<\/strong><\/span><\/p>\n<p><span style=\"font-size: medium;\"> <\/span><\/p>\n<p><span style=\"font-size: medium;\"><em>Gonzalo Boye es abogado, promotor de la querella contra las agencias de rating<\/em><\/span><\/p>\n<p><span style=\"font-size: medium;\"><em>&#8230;.<br \/>\n<\/em><\/span><\/p>\n<p><span style=\"font-size: medium;\"> <\/span><\/p>\n<p><em><span style=\"font-size: medium;\"><strong>Interviene uno de los contertulios<\/strong>:\u00a0 EL lio creado por las agencias de ratin sigue\u2026.se habla de buscar una \u201cquiebra selectiva para Grecia\u201d,que evite una Quebra total\u2026.pues <strong>Una quiebra pura y dura implicar\u00eda la salida de Grecia del euro y el colapso de Atenas, mientras que la quiebra selectiva, bajo la tutela de Bruselas y el Fondo Monetario Internacional (FMI), reducir\u00eda el efecto contagio<\/strong>, permitir\u00eda un mayor control sobre el impago y garantizar\u00eda a los acreedores, al menos, una parte de lo invertido..<\/span><\/em><\/p>\n<p><em><span style=\"font-size: medium;\">&#8230;&#8230;&#8230;&#8230;&#8230;&#8230;&#8230;&#8230;.<\/span><\/em><\/p>\n<p><em><span style=\"font-size: medium;\"><img loading=\"lazy\" decoding=\"async\" class=\"aligncenter size-full wp-image-13908\" title=\"image002\" src=\"http:\/\/www.floracantabrica.com\/wp-content\/uploads\/2011\/07\/image00212.jpg\" alt=\"image002\" width=\"567\" height=\"412\" srcset=\"http:\/\/www.floracantabrica.com\/wp-content\/uploads\/2011\/07\/image00212.jpg 567w, http:\/\/www.floracantabrica.com\/wp-content\/uploads\/2011\/07\/image00212-300x217.jpg 300w\" sizes=\"auto, (max-width: 567px) 100vw, 567px\" \/><br \/>\n<\/span><\/em><\/p>\n","protected":false},"excerpt":{"rendered":"<p>Tweet&#8230;&#8230;&#8230;&#8230;&#8230;&#8230;&#8230;. Pr\u00e1cticas que han excedido el \u00e1mbito de lo mercantil. Practices that exceeded the realm of commerce. Calificaciones bajo sospecha 15 Julio 2011 | Categor\u00edas: Crisis sist\u00e9mica Gonzalo Boye Interviene el moderador: Una nota peor para la deuda de un pa\u00eds permite a quienes compran esa deuda (sobre todo, fondos de inversi\u00f3n y de pensiones, [&hellip;]<\/p>\n","protected":false},"author":1,"featured_media":0,"comment_status":"open","ping_status":"open","sticky":false,"template":"","format":"standard","meta":{"footnotes":""},"categories":[1],"tags":[],"class_list":["post-13904","post","type-post","status-publish","format-standard","hentry","category-flora"],"_links":{"self":[{"href":"http:\/\/www.floracantabrica.com\/index.php?rest_route=\/wp\/v2\/posts\/13904","targetHints":{"allow":["GET"]}}],"collection":[{"href":"http:\/\/www.floracantabrica.com\/index.php?rest_route=\/wp\/v2\/posts"}],"about":[{"href":"http:\/\/www.floracantabrica.com\/index.php?rest_route=\/wp\/v2\/types\/post"}],"author":[{"embeddable":true,"href":"http:\/\/www.floracantabrica.com\/index.php?rest_route=\/wp\/v2\/users\/1"}],"replies":[{"embeddable":true,"href":"http:\/\/www.floracantabrica.com\/index.php?rest_route=%2Fwp%2Fv2%2Fcomments&post=13904"}],"version-history":[{"count":7,"href":"http:\/\/www.floracantabrica.com\/index.php?rest_route=\/wp\/v2\/posts\/13904\/revisions"}],"predecessor-version":[{"id":13912,"href":"http:\/\/www.floracantabrica.com\/index.php?rest_route=\/wp\/v2\/posts\/13904\/revisions\/13912"}],"wp:attachment":[{"href":"http:\/\/www.floracantabrica.com\/index.php?rest_route=%2Fwp%2Fv2%2Fmedia&parent=13904"}],"wp:term":[{"taxonomy":"category","embeddable":true,"href":"http:\/\/www.floracantabrica.com\/index.php?rest_route=%2Fwp%2Fv2%2Fcategories&post=13904"},{"taxonomy":"post_tag","embeddable":true,"href":"http:\/\/www.floracantabrica.com\/index.php?rest_route=%2Fwp%2Fv2%2Ftags&post=13904"}],"curies":[{"name":"wp","href":"https:\/\/api.w.org\/{rel}","templated":true}]}}