{"id":13887,"date":"2011-07-17T17:16:49","date_gmt":"2011-07-17T15:16:49","guid":{"rendered":"http:\/\/www.floracantabrica.com\/?p=13887"},"modified":"2011-07-17T17:16:49","modified_gmt":"2011-07-17T15:16:49","slug":"recapitulando-reflexiones-sobre-el-etnopaisaje","status":"publish","type":"post","link":"http:\/\/www.floracantabrica.com\/?p=13887","title":{"rendered":"RECAPITULANDO.  REFLEXIONES  SOBRE EL ETNOPAISAJE"},"content":{"rendered":"<p><a href=\"http:\/\/twitter.com\/share?url=http%3A%2F%2Fwww.floracantabrica.com%2F%3Fp%3D13887&amp;count=none&amp;lang=es&amp;via=lorencincoreses&amp;related=Mujerverdosa&amp;text=RECAPITULANDO.  REFLEXIONES  SOBRE EL ETNOPAISAJE - Flora Cant\u00e1brica\" class=\"twitter-share-button\">Tweet<\/a><\/p><p>&#8230;&#8230;&#8230;&#8230;&#8230;&#8230;&#8230;&#8230;&#8230;&#8230;..<\/p>\n<p><span style=\"font-size: medium;\">RECAPITULANDO.\u00a0 REFLEXIONES\u00a0 SOBRE EL ETNOPAISAJE<\/span><\/p>\n<p><span style=\"font-size: medium;\"> <\/span><\/p>\n<p><span style=\"font-size: medium;\"> <\/span><\/p>\n<p><span style=\"font-size: medium;\"> <\/span><\/p>\n<p><span style=\"font-size: medium;\"> <\/span><\/p>\n<p><span style=\"font-size: medium;\"> <\/span><\/p>\n<p><span style=\"font-size: medium;\"> <\/span><\/p>\n<p><span style=\"font-size: medium;\"> <\/span><\/p>\n<p><span style=\"font-size: medium;\">Por Margarita Fern\u00e1ndez.<\/span><\/p>\n<p><span style=\"font-size: medium;\"> <\/span><\/p>\n<p><span style=\"font-size: medium;\"> <\/span><\/p>\n<p><span style=\"font-size: medium;\"> <\/span><\/p>\n<p><span style=\"font-size: medium;\"> <\/span><\/p>\n<p><span style=\"font-size: medium;\"> <\/span><\/p>\n<p><span style=\"font-size: medium;\"> <\/span><\/p>\n<p><span style=\"font-size: medium;\"> <\/span><\/p>\n<p><span style=\"font-size: medium;\">Ayer s\u00e1bado\u00a0\u00a0 fue un d\u00eda\u00a0 gris, pero con la mar en calma.<\/span><\/p>\n<p><span style=\"font-size: medium;\"> <\/span><\/p>\n<p><span style=\"font-size: medium;\">Decidimos ir\u00a0 a las \u201ctres playas\u201d en realidad\u00a0 es una sola<\/span><\/p>\n<p><span style=\"font-size: medium;\"> <\/span><\/p>\n<p><span style=\"font-size: medium;\">pero\u00a0 con tres arcos separados por rocas\u00a0\u00a0 emblem\u00e1ticas,al<\/span><\/p>\n<p><span style=\"font-size: medium;\"> <\/span><\/p>\n<p><span style=\"font-size: medium;\">menos para m\u00ed.\u00a0 Se trata\u00a0 de un \u201cXogaral\u201d, muy protegido de las olas<\/span><\/p>\n<p><span style=\"font-size: medium;\"> <\/span><\/p>\n<p><span style=\"font-size: medium;\">y que viene a ser como una gran piscina.La marea estaba baja\u00a0 , la superficie<\/span><\/p>\n<p><span style=\"font-size: medium;\"> <\/span><\/p>\n<p><span style=\"font-size: medium;\">del agua im\u00f3vil, el cielo gris\u00a0 ;\u00a0 la bajamar dej\u00f3 a la vista el perfil de algas..:en el<\/span><\/p>\n<p><span style=\"font-size: medium;\"> <\/span><\/p>\n<p><span style=\"font-size: medium;\">nivel m\u00e1s alto\u00a0 color marr\u00f3n\u00a0 y verde oscuro, en el mas bajo, verde manzana, casi<\/span><\/p>\n<p><span style=\"font-size: medium;\"> <\/span><\/p>\n<p><span style=\"font-size: medium;\">verde fosforito<\/span><\/p>\n<p><span style=\"font-size: medium;\"> <\/span><\/p>\n<p><span style=\"font-size: medium;\">Entr\u00e9 en el agua por la playa del medio, en la que llamamos tercera playa cercana<\/span><\/p>\n<p><span style=\"font-size: medium;\"> <\/span><\/p>\n<p><span style=\"font-size: medium;\">al pozo de Mar\u00eda Garc\u00eda, un grupo de amigas m\u00edas\u00a0 se ba\u00f1aban con gran jolgorio.<\/span><\/p>\n<p><span style=\"font-size: medium;\"> <\/span><\/p>\n<p><span style=\"font-size: medium;\">Pero yo no ten\u00eda ganas de tertulias acu\u00e1ticas\u2026.cuando el mar est\u00e1 asi como ayer<\/span><\/p>\n<p><span style=\"font-size: medium;\"> <\/span><\/p>\n<p><span style=\"font-size: medium;\">prefiero la soledad<\/span><\/p>\n<p><span style=\"font-size: medium;\"> <\/span><\/p>\n<p><span style=\"font-size: medium;\">Y\u2026.pens\u00e9 la huella profunda que dejaron\u00a0\u00a0 en mi mente los paisajes\u00a0 castellanos visitados en los meses de Junio y Julio,\u00a0 esos paisajes que me llevaron<\/span><\/p>\n<p><span style=\"font-size: medium;\"> <\/span><\/p>\n<p><span style=\"font-size: medium;\">al estado de paz y felicidad m\u00e1s perfecto, los pueblos negros , los rojos,<\/span><\/p>\n<p><span style=\"font-size: medium;\"> <\/span><\/p>\n<p><span style=\"font-size: medium;\">el castillo de Jadraque y las laderas completamente cubiertas de jaras.<\/span><\/p>\n<p><span style=\"font-size: medium;\"> <\/span><\/p>\n<p><span style=\"font-size: medium;\"> <\/span><\/p>\n<p><span style=\"font-size: medium;\"> <\/span><\/p>\n<p><span style=\"font-size: medium;\">Un estado de felicidad perfecta como el que sent\u00ed ayer nadando\u00a0 en soledad.<\/span><\/p>\n<p><span style=\"font-size: medium;\"> <\/span><\/p>\n<p><span style=\"font-size: medium;\">Un matrimonio amigo nuestro\u00a0 muy partidario de la nataci\u00f3n como nosotros<\/span><\/p>\n<p><span style=\"font-size: medium;\"> <\/span><\/p>\n<p><span style=\"font-size: medium;\">y que comienza a ba\u00f1arse en Abril haga bueno \u00f3 malo y continua hasta octubre<\/span><\/p>\n<p><span style=\"font-size: medium;\"> <\/span><\/p>\n<p><span style=\"font-size: medium;\">\u2026.muchas veces\u00a0 nos comenta \u201cestamos solos\u201d, mejor, as\u00ed\u00a0 toda la playa para nosotros.<\/span><\/p>\n<p><span style=\"font-size: medium;\"> <\/span><\/p>\n<p><span style=\"font-size: medium;\"> <\/span><\/p>\n<p><span style=\"font-size: medium;\"> <\/span><\/p>\n<p><span style=\"font-size: medium;\">Hay definiciones muy eruditas de \u201cpaisaje\u201d\u2026\u201dpaisaje cultural\u201d, paisaje urbano,<\/span><\/p>\n<p><span style=\"font-size: medium;\"> <\/span><\/p>\n<p><span style=\"font-size: medium;\">paisaje rural, \u00a0\u201carquitectura vern\u00e1cula\u201d\u00a0 \u201cordenaci\u00f3n del territorio\u201d Geograf\u00eda\u00a0\u00a0 f\u00edsica\u201d<\/span><\/p>\n<p><span style=\"font-size: medium;\"> <\/span><\/p>\n<p><span style=\"font-size: medium;\">Geograf\u00eda\u00a0\u00a0 demogr\u00e1fica,\u00a0 fitosociolog\u00eda, fitogeograf\u00eda etc\u2026., yo me quedo<\/span><\/p>\n<p><span style=\"font-size: medium;\"> <\/span><\/p>\n<p><span style=\"font-size: medium;\">con la nuestra, la del etnopaisaje, aquella en la que\u00a0 la especie humana pone<\/span><\/p>\n<p><span style=\"font-size: medium;\"> <\/span><\/p>\n<p><span style=\"font-size: medium;\">sus sentimientos.<\/span><\/p>\n<p><span style=\"font-size: medium;\"> <\/span><\/p>\n<p><span style=\"font-size: medium;\"> <\/span><\/p>\n<p><span style=\"font-size: medium;\"> <\/span><\/p>\n<p><span style=\"font-size: medium;\">El p\u00e1rrafo que transcribo a\u00a0 continuaci\u00f3n\u00a0\u00a0 deja claro el tema, sustituyamos las guaguas<\/span><\/p>\n<p><span style=\"font-size: medium;\"> <\/span><\/p>\n<p><span style=\"font-size: medium;\">por\u00a0 playas,\u00a0 conciertos al aire libre, primer d\u00eda de rebajas en grandes almacenes,<\/span><\/p>\n<p><span style=\"font-size: medium;\"> <\/span><\/p>\n<p><span style=\"font-size: medium;\">la rutina de un hospital un d\u00eda cualquiera, el d\u00eda de mercado del pueblo \u00f3<\/span><\/p>\n<p><span style=\"font-size: medium;\"> <\/span><\/p>\n<p><span style=\"font-size: medium;\">ciudad en la que vivimos,\u00a0 la rutina de un d\u00eda cualquiera en una emisora de radio<\/span><\/p>\n<p><span style=\"font-size: medium;\"> <\/span><\/p>\n<p><span style=\"font-size: medium;\">etc..etc\u2026.la rutina de una familia en su diario subsistir\u2026.tendremos asi di\u00e1fano<\/span><\/p>\n<p><span style=\"font-size: medium;\"> <\/span><\/p>\n<p><span style=\"font-size: medium;\">el concepto de etnopaisaje.<\/span><\/p>\n<p><span style=\"font-size: medium;\"> <\/span><\/p>\n<p><span style=\"font-size: medium;\"> <\/span><\/p>\n<p><span style=\"font-size: medium;\"> <\/span><\/p>\n<p><span style=\"font-size: medium;\"> <\/span><\/p>\n<p><span style=\"font-size: medium;\"> <\/span><\/p>\n<p><span style=\"font-size: medium;\">\u201c LAS GUAGUAS,DESCARNADAMENTE GR\u00c1FICAS, EN SUS LEYES IMPLICITAS\u00a0 E INVIOLABLES, \u00d3 CONTINUAMENTE VIOLADAS Y CONTINUAMENTE PUESTAS EN EL TAPETE, ACOGEN UN\u00a0 HERVIDERO DE<\/span><\/p>\n<p><span style=\"font-size: medium;\"> <\/span><\/p>\n<p><span style=\"font-size: medium;\">ACONTECIMIENTOS, DE P\u00c9RFILES TORVOS\u00a0\u00a0 Y MIRADAS D\u00d3CILES.<\/span><\/p>\n<p><span style=\"font-size: medium;\"> <\/span><\/p>\n<p><span style=\"font-size: medium;\">QUIZ\u00c1S PORQUE LA HABANA, ENTRE OTRAS COSAS, SEMEJA UNA CIUDAD DE MUCHAS CARAS, DE DIS\u00cdMILES PULSACIONES,<\/span><\/p>\n<p><span style=\"font-size: medium;\"> <\/span><\/p>\n<p><span style=\"font-size: medium;\">PERO CON LA RARA VIRTUD DE QUE NADA EN ELLA PAREZCA FALSO,<\/span><\/p>\n<p><span style=\"font-size: medium;\"> <\/span><\/p>\n<p><span style=\"font-size: medium;\">NI CAYO HUESO, NI\u00a0 QUINTA AVENIDA, NI CENTRO HABANA, NI EL VEDADO\u00a0 , NI EL BARRIO DEL RIO ALMENDARES\u201d\u00a0 (AUTOR: Carlos Manuel Alvarez)<\/span><\/p>\n<p><span style=\"font-size: medium;\"> <\/span><\/p>\n<p><span style=\"font-size: medium;\"> <\/span><\/p>\n<p><span style=\"font-size: medium;\"> <\/span><\/p>\n<p><span style=\"font-size: medium;\">En esta p\u00e1gina Web, estos son los reportajes de esta excursi\u00f3n:<\/span><\/p>\n<p><span style=\"font-size: medium;\"> <\/span><\/p>\n<p><span style=\"font-size: medium;\">&#8212;&#8212;JADRAQUE<\/span><\/p>\n<p><span style=\"font-size: medium;\"> <\/span><\/p>\n<p><span style=\"font-size: medium;\">&#8212;&#8212;-ATIENZA<\/span><\/p>\n<p><span style=\"font-size: medium;\"> <\/span><\/p>\n<p><span style=\"font-size: medium;\">&#8212;&#8212;RIAZA<\/span><\/p>\n<p><span style=\"font-size: medium;\"> <\/span><\/p>\n<p><span style=\"font-size: medium;\">&#8212;&#8212;TAMAJON<\/span><\/p>\n<p><span style=\"font-size: medium;\"> <\/span><\/p>\n<p><span style=\"font-size: medium;\">&#8212;&#8212;DESDE RIAZA A MAJAELRAYO I\u00a0 ,II\u00a0\u00a0 ,III.<\/span><\/p>\n<p><span style=\"font-size: medium;\"> <\/span><\/p>\n<p><span style=\"font-size: medium;\">&#8212;&#8212;ALQUIT\u00c9 .PUEBLOS ROJOS<\/span><\/p>\n<p><span style=\"font-size: medium;\"> <\/span><\/p>\n<p><span style=\"font-size: medium;\">&#8212;&#8212;PUEBLOS NEGROS.MAJAELRAYO<\/span><\/p>\n<p><span style=\"font-size: medium;\"> <\/span><\/p>\n<p><span style=\"font-size: medium;\">&#8212;&#8211;SIERRA DE PELA.SOMOLINOS :I ,II, III,\u00a0 IV<\/span><\/p>\n<p><span style=\"font-size: medium;\">&#8230;&#8230;&#8230;&#8230;&#8230;&#8230;&#8230;&#8230;<\/span><\/p>\n<p><span style=\"font-size: medium;\"><img loading=\"lazy\" decoding=\"async\" class=\"aligncenter size-full wp-image-13893\" title=\"image002\" src=\"http:\/\/www.floracantabrica.com\/wp-content\/uploads\/2011\/07\/image00211.jpg\" alt=\"image002\" width=\"567\" height=\"411\" srcset=\"http:\/\/www.floracantabrica.com\/wp-content\/uploads\/2011\/07\/image00211.jpg 567w, http:\/\/www.floracantabrica.com\/wp-content\/uploads\/2011\/07\/image00211-300x217.jpg 300w\" sizes=\"auto, (max-width: 567px) 100vw, 567px\" \/>&#8230;&#8230;&#8230;&#8230;&#8230;&#8230;&#8230;&#8230;&#8230;&#8230;..<\/span><\/p>\n<p><span style=\"font-size: medium;\"><br \/>\n<\/span><\/p>\n<p><span style=\"font-size: medium;\"> <\/span><\/p>\n<p><span style=\"font-size: medium;\"> <\/span><\/p>\n","protected":false},"excerpt":{"rendered":"<p>Tweet&#8230;&#8230;&#8230;&#8230;&#8230;&#8230;&#8230;&#8230;&#8230;&#8230;.. RECAPITULANDO.\u00a0 REFLEXIONES\u00a0 SOBRE EL ETNOPAISAJE Por Margarita Fern\u00e1ndez. Ayer s\u00e1bado\u00a0\u00a0 fue un d\u00eda\u00a0 gris, pero con la mar en calma. Decidimos ir\u00a0 a las \u201ctres playas\u201d en realidad\u00a0 es una sola pero\u00a0 con tres arcos separados por rocas\u00a0\u00a0 emblem\u00e1ticas,al menos para m\u00ed.\u00a0 Se trata\u00a0 de un \u201cXogaral\u201d, muy protegido de las olas y que [&hellip;]<\/p>\n","protected":false},"author":1,"featured_media":0,"comment_status":"open","ping_status":"open","sticky":false,"template":"","format":"standard","meta":{"footnotes":""},"categories":[5],"tags":[],"class_list":["post-13887","post","type-post","status-publish","format-standard","hentry","category-etnopaisaje"],"_links":{"self":[{"href":"http:\/\/www.floracantabrica.com\/index.php?rest_route=\/wp\/v2\/posts\/13887","targetHints":{"allow":["GET"]}}],"collection":[{"href":"http:\/\/www.floracantabrica.com\/index.php?rest_route=\/wp\/v2\/posts"}],"about":[{"href":"http:\/\/www.floracantabrica.com\/index.php?rest_route=\/wp\/v2\/types\/post"}],"author":[{"embeddable":true,"href":"http:\/\/www.floracantabrica.com\/index.php?rest_route=\/wp\/v2\/users\/1"}],"replies":[{"embeddable":true,"href":"http:\/\/www.floracantabrica.com\/index.php?rest_route=%2Fwp%2Fv2%2Fcomments&post=13887"}],"version-history":[{"count":6,"href":"http:\/\/www.floracantabrica.com\/index.php?rest_route=\/wp\/v2\/posts\/13887\/revisions"}],"predecessor-version":[{"id":13897,"href":"http:\/\/www.floracantabrica.com\/index.php?rest_route=\/wp\/v2\/posts\/13887\/revisions\/13897"}],"wp:attachment":[{"href":"http:\/\/www.floracantabrica.com\/index.php?rest_route=%2Fwp%2Fv2%2Fmedia&parent=13887"}],"wp:term":[{"taxonomy":"category","embeddable":true,"href":"http:\/\/www.floracantabrica.com\/index.php?rest_route=%2Fwp%2Fv2%2Fcategories&post=13887"},{"taxonomy":"post_tag","embeddable":true,"href":"http:\/\/www.floracantabrica.com\/index.php?rest_route=%2Fwp%2Fv2%2Ftags&post=13887"}],"curies":[{"name":"wp","href":"https:\/\/api.w.org\/{rel}","templated":true}]}}