{"id":13879,"date":"2011-07-16T17:59:55","date_gmt":"2011-07-16T15:59:55","guid":{"rendered":"http:\/\/www.floracantabrica.com\/?p=13879"},"modified":"2011-07-16T17:59:55","modified_gmt":"2011-07-16T15:59:55","slug":"amartya-sen-peligra-la-democracia-en-la-ue-threatening-democracy-in-the-eu","status":"publish","type":"post","link":"http:\/\/www.floracantabrica.com\/?p=13879","title":{"rendered":"Amartya Sen. Peligra la democracia en la UE. Threatening democracy in the EU."},"content":{"rendered":"<p><a href=\"http:\/\/twitter.com\/share?url=http%3A%2F%2Fwww.floracantabrica.com%2F%3Fp%3D13879&amp;count=none&amp;lang=es&amp;via=lorencincoreses&amp;related=Mujerverdosa&amp;text=    Amartya Sen. Peligra la democracia en la UE. Threatening democracy in the EU.  - Flora Cant\u00e1brica\" class=\"twitter-share-button\">Tweet<\/a><\/p><p>&#8230;&#8230;&#8230;&#8230;&#8230;&#8230;&#8230;..<\/p>\n<p><span style=\"font-size: medium;\"><strong>No se trata s\u00f3lo del euro: es la propia democracia en Europa lo que est\u00e1 en juego<\/strong><strong> <\/strong><strong> <\/strong><\/span><\/p>\n<p><span style=\"font-size: medium;\">In <a title=\"Ver todas las entradas en Actualidad\" href=\"http:\/\/es.wordpress.com\/tag\/actualidad\/\">Actualidad<\/a>, <a title=\"Ver todas las entradas en Econom\u00eda\" href=\"http:\/\/es.wordpress.com\/tag\/economia\/\">Econom\u00eda<\/a> on <strong>7 julio, 2011<\/strong> at <strong>0:01<\/strong><\/span><\/p>\n<p><span style=\"font-size: medium;\"><strong><span style=\"text-decoration: underline;\">Amartya Sen<\/span><\/strong><\/span><\/p>\n<p><span style=\"font-size: medium;\"><strong><span style=\"text-decoration: underline;\">&#8230;<\/span><\/strong><\/span><\/p>\n<p><span style=\"font-size: medium;\"><strong><span style=\"text-decoration: underline;\"><br \/>\n<\/span><\/strong><\/span><\/p>\n<p><span style=\"font-size: medium;\"><em> Amartya Sen es profesor de la Universidad de Harvard y Premio Nobel de Econom\u00eda en 1998<\/em><\/span><\/p>\n<p><span style=\"font-size: medium;\"><br \/>\n<\/span><\/p>\n<p><span style=\"font-size: medium;\">Vamos a la tertulia del University College<\/span><\/p>\n<p><span style=\"font-size: medium;\">&#8230;.<\/span><\/p>\n<p><span style=\"font-size: medium;\"><br \/>\n<\/span><\/p>\n<p><span style=\"font-size: medium;\"><strong><em>Interviene el moderador: Todo un Premio Nobel,dice algunas cosas que nos deben hacer reflexionar acerca de la ineficacia del funcionamiento de la Uni\u00f3n Europea.Nos habla de los peligros para la gobernabilidad democr\u00e1tica de hoy.<\/em><\/strong><\/span><\/p>\n<p><span style=\"font-size: medium;\"><strong><em><br \/>\n<\/em><\/strong><\/span><\/p>\n<p><span style=\"font-size: medium;\"><strong><em>Es muy duro que los griegos miembros del UE, acepten tantos sacrificios como se les est\u00e1 imponiendo.<\/em><\/strong><strong><em> <\/em><\/strong><strong><em>Muchos de los j\u00f3venes tienen un alto grado de instrucci\u00f3n, y no perciben una esperanza de futuro para sus vidas. Expertos coinciden en que es necesario devolver a la pol\u00edtica el mando de la econom\u00eda, pues no se puede dejar s\u00f3lo a los t\u00e9cnicos las soluciones, ya que el factor humano es fundamental en la ecuaci\u00f3n.<\/em><\/strong><\/span><\/p>\n<p><span style=\"font-size: medium;\"><strong><em><br \/>\n<\/em><\/strong><\/span><\/p>\n<p><span style=\"font-size: medium;\"><strong>The moderator<\/strong><strong> intervenes<\/strong>: All a Nobel Prize, says some things that should make us reflect on the ineffective functioning of the Union Europea.Nos talks about the dangers to democratic governance today.<\/span><\/p>\n<p><span style=\"font-size: medium;\"><br \/>\nIt is very hard for the Greek EU members, to accept such sacrifices as are being imposed. Many young people have a high level of education, and do not see a future hope for their lives. Experts agree that it is necessary to return to the policy command of the economy, it can not be left only to technical solutions, and the human factor is fundamental in the equation.<\/span><\/p>\n<p><span style=\"font-size: medium;\"><br \/>\n<\/span><\/p>\n<p><span style=\"font-size: medium;\">Europa ha encabezado el mundo en lo referente a la pr\u00e1ctica de la democracia. Resulta, por tanto, preocupante <strong>que los peligros para la gobernabilidad democr\u00e1tica de hoy<\/strong>, que se cuelan por la puerta trasera de las prioridades financieras, no reciban la atenci\u00f3n que merecen. Hay cuestiones de calado que han de afrontarse respecto a c\u00f3mo el gobierno democr\u00e1tico de Europa podr\u00eda verse minado por el papel enormemente acrecentado de las instituciones financieras y las agencias de calificaci\u00f3n de riesgos, que hoy se ense\u00f1orean a su antojo de ciertas partes del terreno pol\u00edtico de Europa.\u2028\u2028Hay que separar dos cuestiones diferenciadas.<\/span><\/p>\n<p><span style=\"font-size: medium;\"><br \/>\n<\/span><\/p>\n<p><span style=\"font-size: medium;\">La primera se refiere al lugar de las prioridades democr\u00e1ticas, incluyendo lo que Walter Bagehot y John Stuart Mill consideraban la necesidad de la \u201cgobernaci\u00f3n por medio de la discusi\u00f3n\u201d. Supongamos que aceptamos que los poderosos jefazos de las finanzas poseen una comprensi\u00f3n realista de lo que hay que hacer. Con ello se fortalecer\u00eda el argumento favorable a prestar atenci\u00f3n a sus voces en un di\u00e1logo democr\u00e1tico. <strong>Pero eso no es lo mismo que dejar a las instituciones financieras internacionales y las agencias de calificaci\u00f3n de riesgo el poder unilateral de mandar sobre gobiernos elegidos democr\u00e1ticamente.<\/strong><\/span><\/p>\n<p><span style=\"font-size: medium;\">En segundo lugar, <strong>resulta dif\u00edcil ver que los sacrificios que los comandantes financieros han estado exigiendo de los pa\u00edses<\/strong> en precario <strong>vayan a lograr la viabilidad final de estos pa\u00edses y garanticen la continuidad del euro<\/strong> dentro de un modelo sin reformar de fusi\u00f3n financiera y un conjunto de miembros sin cambios del euro club. El diagn\u00f3stico de los problemas econ\u00f3micos por parte de las agencias de calificaci\u00f3n no es la voz de la verdad que ellos pretenden. Vale la pena recordar que el historial de las agencias de calificaci\u00f3n en las instituciones de certificaci\u00f3n financiera y de negocios con anterioridad anteriores a la crisis econ\u00f3mica de 2008 era tan abismal que el Congreso de los EEUU debati\u00f3 seriamente si deb\u00edan ser procesadas.<\/span><\/p>\n<p><span style=\"font-size: medium;\"><br \/>\n<\/span><\/p>\n<p><span style=\"font-size: medium;\">Dado que gran parte de Europa se encuentra ahora empe\u00f1ada en lograr una r\u00e1pida reducci\u00f3n del d\u00e9ficit p\u00fablico mediante la reducci\u00f3n dr\u00e1stica del gasto p\u00fablico, <strong>resulta fundamental examinar con realismo qu\u00e9 posibles repercusiones podr\u00edan tener las medidas pol\u00edticas escogidas, tanto en el caso de la poblaci\u00f3n como en el de la generaci\u00f3n de ingresos p\u00fablicos a trav\u00e9s del crecimiento econ\u00f3mico.<\/strong> La alta moral de \u201csacrificio\u201d tiene, por supuesto, un efecto embriagador. Esta es la filosof\u00eda del cors\u00e9 \u201ccorrecto\u201d: \u201cSi la se\u00f1ora se siente muy c\u00f3moda con \u00e9l, entonces la se\u00f1ora ciertamente necesita un tama\u00f1o m\u00e1s peque\u00f1o\u201d. Sin embargo, si las exigencias de adecuaci\u00f3n financiera se vinculan demasiado mec\u00e1nicamente a los recortes inmediatos, el resultado podr\u00eda consistir en matar a la gallina que pone los huevos de oro del crecimiento econ\u00f3mico.<\/span><\/p>\n<p><span style=\"font-size: medium;\"><br \/>\n<\/span><\/p>\n<p><span style=\"font-size: medium;\">Esta preocupaci\u00f3n se aplica a una serie de pa\u00edses, desde Gran Breta\u00f1a a Grecia. La comunidad de la estrategia de \u201csangre, sudor y l\u00e1grimas\u201d de reducci\u00f3n del d\u00e9ficit otorga una aparente plausibilidad a lo que se est\u00e1 imponiendo a los pa\u00edses m\u00e1s precarios, como Grecia o Portugal. Tambi\u00e9n hace que sea m\u00e1s dif\u00edcil tener una voz pol\u00edtica unida en Europa que pueda hacer frente al p\u00e1nico generado en los mercados financieros.<\/span><\/p>\n<p><span style=\"font-size: medium;\">Adem\u00e1s de una visi\u00f3n m\u00e1s pol\u00edtica, hay necesidad de un pensamiento econ\u00f3mico m\u00e1s claro. <strong>La tendencia a ignorar la importancia del crecimiento econ\u00f3mico en la generaci\u00f3n de ingresos p\u00fablicos deber\u00eda ser un asunto importante de an\u00e1lisis<\/strong>. La s\u00f3lida conexi\u00f3n entre crecimiento e ingresos p\u00fablicos es cosa observada en muchos pa\u00edses, desde China y la India a los EEUU y Brasil.\u2028\u2028Tambi\u00e9n de aqu\u00ed se sacan lecciones de historia. La gran deuda p\u00fablica de muchos pa\u00edses al t\u00e9rmino de la Segunda Guerra Mundial provoc\u00f3 una enorme ansiedad, pero el gravamen disminuy\u00f3 r\u00e1pidamente gracias a un r\u00e1pido crecimiento econ\u00f3mico. Del mismo modo, el enorme d\u00e9ficit al que se enfrent\u00f3 el presidente Clinton cuando asumi\u00f3 su cargo en 1992 se disip\u00f3 durante su presidencia, en gran medida gracias a la ayuda de un r\u00e1pido crecimiento econ\u00f3mico.<\/span><\/p>\n<p><span style=\"font-size: medium;\"><br \/>\n<\/span><\/p>\n<p><span style=\"font-size: medium;\">El temor de una amenaza a la democracia no se aplica, por supuesto, a Gran Breta\u00f1a, ya que estas medidas pol\u00edticas han sido las escogidas por un gobierno investido por el poder de las elecciones democr\u00e1ticas. A pesar de que el desarrollo de una estrategia no revelada en el momento de las elecciones puede ser raz\u00f3n para una cierta pausa, este es el tipo de libertad que un sistema democr\u00e1tico permite a los que salen vencedores en las elecciones. Pero con ello no se elimina la necesidad de una mayor discusi\u00f3n p\u00fablica, hasta en Gran Breta\u00f1a. Tambi\u00e9n existe la necesidad de reconocer de qu\u00e9 modo las pol\u00edticas restrictivas por propia elecci\u00f3n en Gran Breta\u00f1a parecen dar verosimilitud a las medidas pol\u00edticas a\u00fan m\u00e1s dr\u00e1sticas que se imponen a Grecia.<\/span><\/p>\n<p><span style=\"font-size: medium;\"><br \/>\n<\/span><\/p>\n<p><span style=\"font-size: medium;\"><strong>\u00bfC\u00f3mo se metieron los pa\u00edses del euro en este l\u00edo? La rara singularidad de ir a una moneda unida sin una mayor integraci\u00f3n pol\u00edtica y econ\u00f3mica sin duda ha tenido parte en ello<\/strong>, aun despu\u00e9s de tomar nota de las transgresiones financieras que sin duda cometieron en el pasado pa\u00edses como Grecia o Portugal (e incluso despu\u00e9s de tomar nota de la importante advertencia de Mario Monti de que una cultura de \u201cexcesiva deferencia\u201d en la UE ha permitido que estas transgresiones pasaran sin control). Se le ha de reconocer inmensamente al gobierno griego \u2013y a Yorgos Papandreu, el primer ministro, en particular- que est\u00e9 haciendo lo que puede a pesar de la resistencia pol\u00edtica, pero la afligida voluntad de Atenas de cumplir no elimina la necesidad de los europeos de estudiar lo sensato de los requisitos \u2013 y los tiempos- que se imponen a Grecia.<\/span><\/p>\n<p><span style=\"font-size: medium;\"><br \/>\n<\/span><\/p>\n<p><span style=\"font-size: medium;\">No <strong>me resulta ning\u00fan consuelo recordar que yo me opuse firmemente al euro<\/strong>, pese a estar fuertemente a favor de la unidad europea. <strong>Mi preocupaci\u00f3n por el euro guardaba en parte relaci\u00f3n con el hecho de que cada pa\u00eds renunciara a la libertad de su pol\u00edtica monetaria y de los ajustes en el tipo de cambio, que han ayudado enormemente a pa\u00edses en dificultades en el pasado,<\/strong> y evit\u00f3 la necesidad de una desestabilizaci\u00f3n masiva de vidas humanas en los fren\u00e9ticos esfuerzos por estabilizar los mercados financieros. Esa libertad monetaria podr\u00eda cederse cuando existiera tambi\u00e9n una integraci\u00f3n pol\u00edtica y fiscal (como tienen los estados de los EEUU), pero el tener la casa a medio hacer en la zona euro ha supuesto una receta desastrosa. Se ha obligado a incorporar a la maravillosa idea pol\u00edtica de una Europa democr\u00e1tica unida un precario programa de incoherente fusi\u00f3n financiera.<\/span><\/p>\n<p><span style=\"font-size: medium;\"><br \/>\n<\/span><\/p>\n<p><span style=\"font-size: medium;\">Reordenar la zona euro ahora supondr\u00eda muchos problemas, pero las cuestiones dif\u00edciles se han de discutir de manera inteligente, en lugar de permitir una Europa a la deriva en medio de los vientos financieros alimentada por un pensamiento de mentalidad estrecha con un terrible historial. El proceso tiene que comenzar con cierta restricci\u00f3n inmediata del poder sin oposici\u00f3n de las agencias calificadoras de emitir mandatos unilaterales. Estas agencias resultan dif\u00edciles de disciplinar pese a su p\u00e9simo historial, pero la voz bien meditada de los gobiernos leg\u00edtimos puede suponer una gran diferencia para la confianza financiera mientras se elaboran soluciones, sobre todo si las instituciones financieras internacionales prestan su apoyo. Detener la marginaci\u00f3n de la tradici\u00f3n democr\u00e1tica de Europa conlleva una urgencia que es dif\u00edcil de exagerar. <strong>La democracia europea es importante para Europa\u2026 y para el mundo.<\/strong><\/span><\/p>\n<p><span style=\"font-size: medium;\"><strong><br \/>\n<\/strong><\/span><\/p>\n<p><span style=\"font-size: medium;\"><strong> <\/strong><\/span><\/p>\n<p><span style=\"font-size: medium;\"><strong>Interviene uno de los contertulios<\/strong>:\u00a0 <strong><em>Amartya Sen habla de<\/em><\/strong><em><span style=\"text-decoration: underline;\"> <\/span><\/em><em>una integraci\u00f3n pol\u00edtica y fiscal en la UE (como tienen los estados de los EEUU) y continua diciendo\u2026\u00bfC\u00f3mo se metieron los pa\u00edses del euro en este l\u00edo? La rara singularidad de ir a una moneda unida sin una mayor integraci\u00f3n pol\u00edtica y econ\u00f3mica sin duda ha tenido parte en ello.<\/em><\/span><\/p>\n<p><span style=\"font-size: medium;\"><em><br \/>\n<\/em><\/span><\/p>\n<p><span style=\"font-size: medium;\"><strong><em>Interrumpe uno<\/em><\/strong><em>: a mi me ha sorprendido su frase ..\u201d<strong> La democracia europea es importante para Europa\u2026 y para el mundo.\u201dEst\u00e1 claro que ve amenazada nuestra democracia<\/strong><\/em><\/span><\/p>\n<p><span style=\"font-size: medium;\"><em><strong><br \/>\n<\/strong><\/em><\/span><\/p>\n<p><span style=\"font-size: medium;\"><strong><em>Involved<\/em><\/strong><strong><em> one of the meeting<\/em><\/strong><em>: Amartya Sen speaks of a fiscal and political integration in the EU (as have the U.S. states) and goes on to say &#8230; how they got the countries of the euro in this mess? Uniqueness of the rare coin go together without a major economic and political integration has undoubtedly had a hand in it.<\/em><\/span><\/p>\n<p><span style=\"font-size: medium;\"><em><br \/>\n<\/em><\/span><\/p>\n<p><span style=\"font-size: medium;\"><strong><em><br \/>\nInterrupted one:<\/em><\/strong><em> I was surprised his sentence .. \u00abEuropean democracy is important for Europe and the world &#8230;.\u00bb Clearly, our democracy is threatened<\/em><\/span><\/p>\n<p><span style=\"font-size: medium;\"><em>&#8230;&#8230;&#8230;&#8230;&#8230;&#8230;&#8230;&#8230;&#8230;&#8230;&#8230;&#8230;<\/em><\/span><\/p>\n<p><span style=\"font-size: medium;\"><em><img loading=\"lazy\" decoding=\"async\" class=\"aligncenter size-full wp-image-13881\" title=\"image002\" src=\"http:\/\/www.floracantabrica.com\/wp-content\/uploads\/2011\/07\/image00210.jpg\" alt=\"image002\" width=\"567\" height=\"781\" srcset=\"http:\/\/www.floracantabrica.com\/wp-content\/uploads\/2011\/07\/image00210.jpg 567w, http:\/\/www.floracantabrica.com\/wp-content\/uploads\/2011\/07\/image00210-217x300.jpg 217w\" sizes=\"auto, (max-width: 567px) 100vw, 567px\" \/>&#8230;&#8230;&#8230;&#8230;&#8230;&#8230;&#8230;&#8230;&#8230;&#8230;&#8230;<br \/>\n<\/em><\/span><\/p>\n<p><em> <\/em><\/p>\n","protected":false},"excerpt":{"rendered":"<p>Tweet&#8230;&#8230;&#8230;&#8230;&#8230;&#8230;&#8230;.. No se trata s\u00f3lo del euro: es la propia democracia en Europa lo que est\u00e1 en juego In Actualidad, Econom\u00eda on 7 julio, 2011 at 0:01 Amartya Sen &#8230; Amartya Sen es profesor de la Universidad de Harvard y Premio Nobel de Econom\u00eda en 1998 Vamos a la tertulia del University College &#8230;. Interviene [&hellip;]<\/p>\n","protected":false},"author":1,"featured_media":0,"comment_status":"open","ping_status":"open","sticky":false,"template":"","format":"standard","meta":{"footnotes":""},"categories":[1],"tags":[],"class_list":["post-13879","post","type-post","status-publish","format-standard","hentry","category-flora"],"_links":{"self":[{"href":"http:\/\/www.floracantabrica.com\/index.php?rest_route=\/wp\/v2\/posts\/13879","targetHints":{"allow":["GET"]}}],"collection":[{"href":"http:\/\/www.floracantabrica.com\/index.php?rest_route=\/wp\/v2\/posts"}],"about":[{"href":"http:\/\/www.floracantabrica.com\/index.php?rest_route=\/wp\/v2\/types\/post"}],"author":[{"embeddable":true,"href":"http:\/\/www.floracantabrica.com\/index.php?rest_route=\/wp\/v2\/users\/1"}],"replies":[{"embeddable":true,"href":"http:\/\/www.floracantabrica.com\/index.php?rest_route=%2Fwp%2Fv2%2Fcomments&post=13879"}],"version-history":[{"count":5,"href":"http:\/\/www.floracantabrica.com\/index.php?rest_route=\/wp\/v2\/posts\/13879\/revisions"}],"predecessor-version":[{"id":13885,"href":"http:\/\/www.floracantabrica.com\/index.php?rest_route=\/wp\/v2\/posts\/13879\/revisions\/13885"}],"wp:attachment":[{"href":"http:\/\/www.floracantabrica.com\/index.php?rest_route=%2Fwp%2Fv2%2Fmedia&parent=13879"}],"wp:term":[{"taxonomy":"category","embeddable":true,"href":"http:\/\/www.floracantabrica.com\/index.php?rest_route=%2Fwp%2Fv2%2Fcategories&post=13879"},{"taxonomy":"post_tag","embeddable":true,"href":"http:\/\/www.floracantabrica.com\/index.php?rest_route=%2Fwp%2Fv2%2Ftags&post=13879"}],"curies":[{"name":"wp","href":"https:\/\/api.w.org\/{rel}","templated":true}]}}