{"id":13323,"date":"2011-06-10T10:46:35","date_gmt":"2011-06-10T08:46:35","guid":{"rendered":"http:\/\/www.floracantabrica.com\/?p=13323"},"modified":"2011-06-10T10:46:35","modified_gmt":"2011-06-10T08:46:35","slug":"%c2%bfdonde-estan-los-fotografos","status":"publish","type":"post","link":"http:\/\/www.floracantabrica.com\/?p=13323","title":{"rendered":"\u00bfDONDE   ESTAN    LOS   FOTOGRAFOS?"},"content":{"rendered":"<p><a href=\"http:\/\/twitter.com\/share?url=http%3A%2F%2Fwww.floracantabrica.com%2F%3Fp%3D13323&amp;count=none&amp;lang=es&amp;via=lorencincoreses&amp;related=Mujerverdosa&amp;text=\u00bfDONDE   ESTAN    LOS   FOTOGRAFOS? - Flora Cant\u00e1brica\" class=\"twitter-share-button\">Tweet<\/a><\/p><p>&#8230;&#8230;&#8230;&#8230;&#8230;&#8230;&#8230;&#8230;&#8230;&#8230;.<\/p>\n<p><span style=\"font-size: medium;\">\u00bfDONDE\u00a0\u00a0 ESTAN\u00a0\u00a0\u00a0 LOS\u00a0\u00a0 FOTOGRAFOS?<\/span><\/p>\n<p><span style=\"font-size: medium;\"> <\/span><\/p>\n<p><span style=\"font-size: medium;\"> <\/span><\/p>\n<p><span style=\"font-size: medium;\"> <\/span><\/p>\n<p><span style=\"font-size: medium;\"> <\/span><\/p>\n<p><span style=\"font-size: medium;\"> <\/span><\/p>\n<p><span style=\"font-size: medium;\"> <\/span><\/p>\n<p><span style=\"font-size: medium;\"> <\/span><\/p>\n<p><span style=\"font-size: medium;\">Por Margarita Fern\u00e1ndez<\/span><\/p>\n<p><span style=\"font-size: medium;\"> <\/span><\/p>\n<p><span style=\"font-size: medium;\"> <\/span><\/p>\n<p><span style=\"font-size: medium;\"> <\/span><\/p>\n<p><span style=\"font-size: medium;\"> <\/span><\/p>\n<p><span style=\"font-size: medium;\"> <\/span><\/p>\n<p><span style=\"font-size: medium;\"> <\/span><\/p>\n<p><span style=\"font-size: medium;\"> <\/span><\/p>\n<p><span style=\"font-size: medium;\">\u00bfD\u00f3nde est\u00e1n\u00a0 los fot\u00f3grafos\u00a0 (sus nombres )\u00a0 en el organigrama<\/span><\/p>\n<p><span style=\"font-size: medium;\"> <\/span><\/p>\n<p><span style=\"font-size: medium;\">del indurot\u00a0 , esos que hacen las fotograf\u00edas oblicuas, ortofotos<\/span><\/p>\n<p><span style=\"font-size: medium;\"> <\/span><\/p>\n<p><span style=\"font-size: medium;\">y fotograf\u00edas a\u00e9reas?. Digo yo que tendr\u00e1n\u00a0 el mismo<\/span><\/p>\n<p><span style=\"font-size: medium;\"> <\/span><\/p>\n<p><span style=\"font-size: medium;\">derecho\u00a0 que otros trabajadores\u00a0 a que sus nombres figuren.<\/span><\/p>\n<p><span style=\"font-size: medium;\"> <\/span><\/p>\n<p><span style=\"font-size: medium;\">Puede que yo sea inexperta en la b\u00fasqueda por Internet que lea mal,<\/span><\/p>\n<p><span style=\"font-size: medium;\"> <\/span><\/p>\n<p><span style=\"font-size: medium;\">que sea despistada, incluso\u00a0 que\u00a0 apriete los p\u00e1rpados para no ver,<\/span><\/p>\n<p><span style=\"font-size: medium;\"> <\/span><\/p>\n<p><span style=\"font-size: medium;\">pero muy a la vista no est\u00e1n, no al menos con\u00a0 el mismo tama\u00f1o<\/span><\/p>\n<p><span style=\"font-size: medium;\"> <\/span><\/p>\n<p><span style=\"font-size: medium;\">de letra que los trabajadores de las dem\u00e1s especialidades.<\/span><\/p>\n<p><span style=\"font-size: medium;\"> <\/span><\/p>\n<p><span style=\"font-size: medium;\">M\u00e1s que nada\u00a0 me gustar\u00eda saber sus nombres para pedirles consejo<\/span><\/p>\n<p><span style=\"font-size: medium;\"> <\/span><\/p>\n<p><span style=\"font-size: medium;\">sobre el mejor sitio para hacer un cursillo fotogr\u00e1fico puesto que ni<\/span><\/p>\n<p><span style=\"font-size: medium;\"> <\/span><\/p>\n<p><span style=\"font-size: medium;\">Mat\u00edas ni yo , somos fot\u00f3grafos profesionales, y aunque no pretendemos<\/span><\/p>\n<p><span style=\"font-size: medium;\"> <\/span><\/p>\n<p><span style=\"font-size: medium;\">llegar a serlo, un cursillo nunca viene mal<\/span><\/p>\n<p><span style=\"font-size: medium;\"> <\/span><\/p>\n<p><span style=\"font-size: medium;\"> <\/span><\/p>\n<p><span style=\"font-size: medium;\"> <\/span><\/p>\n<p><span style=\"font-size: medium;\">SEGUIMOS SIN ENTENDER\u00a0 LA RAZON DE LA PRESENCIA DE<\/span><\/p>\n<p><span style=\"font-size: medium;\"> <\/span><\/p>\n<p><span style=\"font-size: medium;\">LA PORTADA DE LA REVISTA DEL INDUROT ENTRE NUESTRAS IM\u00c1GENES..A LAS DIEZ DE ESTA MA\u00d1ANA AUN SIGUE APARECIENDO.<\/span><\/p>\n<p><span style=\"font-size: medium;\"> <\/span><\/p>\n<p><span style=\"font-size: medium;\"> <\/span><\/p>\n","protected":false},"excerpt":{"rendered":"<p>Tweet&#8230;&#8230;&#8230;&#8230;&#8230;&#8230;&#8230;&#8230;&#8230;&#8230;. \u00bfDONDE\u00a0\u00a0 ESTAN\u00a0\u00a0\u00a0 LOS\u00a0\u00a0 FOTOGRAFOS? Por Margarita Fern\u00e1ndez \u00bfD\u00f3nde est\u00e1n\u00a0 los fot\u00f3grafos\u00a0 (sus nombres )\u00a0 en el organigrama del indurot\u00a0 , esos que hacen las fotograf\u00edas oblicuas, ortofotos y fotograf\u00edas a\u00e9reas?. Digo yo que tendr\u00e1n\u00a0 el mismo derecho\u00a0 que otros trabajadores\u00a0 a que sus nombres figuren. Puede que yo sea inexperta en la b\u00fasqueda por [&hellip;]<\/p>\n","protected":false},"author":1,"featured_media":0,"comment_status":"open","ping_status":"open","sticky":false,"template":"","format":"standard","meta":{"footnotes":""},"categories":[1],"tags":[],"class_list":["post-13323","post","type-post","status-publish","format-standard","hentry","category-flora"],"_links":{"self":[{"href":"http:\/\/www.floracantabrica.com\/index.php?rest_route=\/wp\/v2\/posts\/13323","targetHints":{"allow":["GET"]}}],"collection":[{"href":"http:\/\/www.floracantabrica.com\/index.php?rest_route=\/wp\/v2\/posts"}],"about":[{"href":"http:\/\/www.floracantabrica.com\/index.php?rest_route=\/wp\/v2\/types\/post"}],"author":[{"embeddable":true,"href":"http:\/\/www.floracantabrica.com\/index.php?rest_route=\/wp\/v2\/users\/1"}],"replies":[{"embeddable":true,"href":"http:\/\/www.floracantabrica.com\/index.php?rest_route=%2Fwp%2Fv2%2Fcomments&post=13323"}],"version-history":[{"count":6,"href":"http:\/\/www.floracantabrica.com\/index.php?rest_route=\/wp\/v2\/posts\/13323\/revisions"}],"predecessor-version":[{"id":13329,"href":"http:\/\/www.floracantabrica.com\/index.php?rest_route=\/wp\/v2\/posts\/13323\/revisions\/13329"}],"wp:attachment":[{"href":"http:\/\/www.floracantabrica.com\/index.php?rest_route=%2Fwp%2Fv2%2Fmedia&parent=13323"}],"wp:term":[{"taxonomy":"category","embeddable":true,"href":"http:\/\/www.floracantabrica.com\/index.php?rest_route=%2Fwp%2Fv2%2Fcategories&post=13323"},{"taxonomy":"post_tag","embeddable":true,"href":"http:\/\/www.floracantabrica.com\/index.php?rest_route=%2Fwp%2Fv2%2Ftags&post=13323"}],"curies":[{"name":"wp","href":"https:\/\/api.w.org\/{rel}","templated":true}]}}