{"id":13242,"date":"2011-06-05T22:42:00","date_gmt":"2011-06-05T20:42:00","guid":{"rendered":"http:\/\/www.floracantabrica.com\/?p=13242"},"modified":"2011-06-06T12:30:14","modified_gmt":"2011-06-06T10:30:14","slug":"neoliberalismo-segun-susan-george","status":"publish","type":"post","link":"http:\/\/www.floracantabrica.com\/?p=13242","title":{"rendered":"Neoliberalismo seg\u00fan Susan George"},"content":{"rendered":"<p><a href=\"http:\/\/twitter.com\/share?url=http%3A%2F%2Fwww.floracantabrica.com%2F%3Fp%3D13242&amp;count=none&amp;lang=es&amp;via=lorencincoreses&amp;related=Mujerverdosa&amp;text=Neoliberalismo seg\u00fan Susan George - Flora Cant\u00e1brica\" class=\"twitter-share-button\">Tweet<\/a><\/p><p>&#8230;&#8230;&#8230;&#8230;&#8230;..<\/p>\n<p><span style=\"font-size: medium;\"><strong>Neoliberalismo seg\u00fan <\/strong>Susan George<\/span><\/p>\n<p><span style=\"font-size: medium;\"> <\/span><\/p>\n<p><span style=\"font-size: medium;\"><strong> <\/strong><\/span><\/p>\n<p><span style=\"font-size: medium;\"> <\/span><\/p>\n<p><span style=\"font-size: medium;\"><strong>La fabricaci\u00f3n del sentido com\u00fan<\/strong><\/span><\/p>\n<p><span style=\"font-size: medium;\"> <\/span><\/p>\n<p><span style=\"font-size: medium;\"><strong>(o hegemon\u00eda cultural para principiantes)<\/strong><\/span><\/p>\n<p><span style=\"font-size: medium;\"> <\/span><\/p>\n<p><span style=\"font-size: medium;\">Susan George<\/span><\/p>\n<p><span style=\"font-size: medium;\"> <\/span><\/p>\n<p><span style=\"font-size: medium;\"> <\/span><\/p>\n<p><span style=\"font-size: medium;\"> <\/span><\/p>\n<p><span style=\"font-size: medium;\">CASUS BELLI: C\u00d3MO LOS ESTADOS UNIDOS VENDEN LA GUERRA<\/span><\/p>\n<p><span style=\"font-size: medium;\"> <\/span><\/p>\n<p><span style=\"font-size: medium;\">EDITADO POR ACHIN VANAIK<\/span><\/p>\n<p><span style=\"font-size: medium;\"> <\/span><\/p>\n<p><span style=\"font-size: medium;\">Vamos a la tertulia del University College<\/span><\/p>\n<p><span style=\"font-size: medium;\"> <\/span><\/p>\n<p><span style=\"font-size: medium;\"> <\/span><\/p>\n<p><span style=\"font-size: medium;\"> <\/span><\/p>\n<p><span style=\"font-size: medium;\"><strong><em>Interviene el moderador<\/em><\/strong><em>: me ha resultado interesante el articulo de Susan George, porque expone con una gran claridad el \u00e9xito del neoliberlismo y nos explica muy bien el thacherismo y de d\u00f3nde se inspir\u00f3 Margaret Thacher.<\/em><em> \u201cThatcher sac\u00f3 un libro de su malet\u00edn, lo dej\u00f3 caer estrepitosamente sobre la mesa y anunci\u00f3 a los diputados presentes: \u201cEsto es lo que creemos\u201d. El libro en cuesti\u00f3n era <\/em><em>La constituci\u00f3n de la libertad <\/em><em>de Friedrich von Hayek.Hayek era un economista, jurista y fil\u00f3sofo austr\u00edaco con una capacidad de producci\u00f3n asombrosa\u201d<\/em><em> <\/em><\/span><\/p>\n<p><span style=\"font-size: medium;\"> <\/span><\/p>\n<p><span style=\"font-size: medium;\"> <\/span><\/p>\n<p><span style=\"font-size: medium;\"> <\/span><\/p>\n<p><span style=\"font-size: medium;\">Dice  Susan George :Actualmente, la mayor\u00eda de ciudadanos estadounidenses estar\u00eda de acuerdo con todas o casi todas estas afirmaciones:<\/span><\/p>\n<p><span style=\"font-size: medium;\"> <\/span><\/p>\n<p><span style=\"font-size: medium;\"> <\/span><\/p>\n<p><span style=\"font-size: medium;\"> <\/span><\/p>\n<p><span style=\"font-size: medium;\"> <\/span><\/p>\n<p><span style=\"font-size: medium;\"> <\/span><\/p>\n<p><span style=\"font-size: medium;\">Las soluciones que brinda el mercado siempre son preferibles a la regulaci\u00f3n del Estado. La<\/span><\/p>\n<p><span style=\"font-size: medium;\"> <\/span><\/p>\n<p><span style=\"font-size: medium;\"><strong>empresa privada aventaja al sector p\u00fablico<\/strong> en cuestiones como eficiencia, calidad, oferta y precio.<\/span><\/p>\n<p><span style=\"font-size: medium;\"> <\/span><\/p>\n<p><span style=\"font-size: medium;\">El libre comercio servir\u00e1 a toda la poblaci\u00f3n de cualquier pa\u00eds mejor que el proteccionismo. Es<\/span><\/p>\n<p><span style=\"font-size: medium;\"> <\/span><\/p>\n<p><span style=\"font-size: medium;\">normal e incluso deseable que la sanidad y la educaci\u00f3n sean actividades lucrativas. <strong>Un mayor gasto<\/strong><\/span><\/p>\n<p><span style=\"font-size: medium;\"> <\/span><\/p>\n<p><span style=\"font-size: medium;\"><strong>en defensa y el recorte de los impuestos a los ricos garantizar\u00e1n seguridad y prosperidad.<\/strong> La<\/span><\/p>\n<p><span style=\"font-size: medium;\"> <\/span><\/p>\n<p><span style=\"font-size: medium;\">desigualdad es algo intr\u00ednseco a todas las sociedades; seguramente es algo gen\u00e9tico, por no decir<\/span><\/p>\n<p><span style=\"font-size: medium;\"> <\/span><\/p>\n<p><span style=\"font-size: medium;\">que depende de la raza. Si la gente es pobre, s\u00f3lo se pueden culpar a s\u00ed mismos. El trabajo duro<\/span><\/p>\n<p><span style=\"font-size: medium;\"> <\/span><\/p>\n<p><span style=\"font-size: medium;\">siempre ser\u00e1 recompensado.<\/span><\/p>\n<p><span style=\"font-size: medium;\"> <\/span><\/p>\n<p><span style=\"font-size: medium;\"><strong>Una sociedad libre no puede ser tal sin libertad de mercado;<\/strong> por consiguiente, el capitalismo y la<\/span><\/p>\n<p><span style=\"font-size: medium;\"> <\/span><\/p>\n<p><span style=\"font-size: medium;\">democracia se complementan entre s\u00ed. Los Estados Unidos, en virtud de su historia, sus ideales y su<\/span><\/p>\n<p><span style=\"font-size: medium;\"> <\/span><\/p>\n<p><span style=\"font-size: medium;\">sistema democr\u00e1tico superior, deber\u00edan utilizar su poder econ\u00f3mico y militar para intervenir en los<\/span><\/p>\n<p><span style=\"font-size: medium;\"> <\/span><\/p>\n<p><span style=\"font-size: medium;\">asuntos del resto del mundo. Estas intervenciones nos permitir\u00e1n deshacernos elementos<\/span><\/p>\n<p><span style=\"font-size: medium;\"> <\/span><\/p>\n<p><span style=\"font-size: medium;\">indeseables y problem\u00e1ticos en la comunidad internacional y, en \u00faltima instancia, resultar\u00e1 algo<\/span><\/p>\n<p><span style=\"font-size: medium;\"> <\/span><\/p>\n<p><span style=\"font-size: medium;\">positivo para el bien de todos.<\/span><\/p>\n<p><span style=\"font-size: medium;\"> <\/span><\/p>\n<p><span style=\"font-size: medium;\"> <\/span><\/p>\n<p><span style=\"font-size: medium;\"> <\/span><\/p>\n<p><span style=\"font-size: medium;\">Nunca se les ha animado a plantearse preguntas b\u00e1sicas como \u201c\u00bf<strong>para qu\u00e9 sirve la econom\u00eda?\u201d.<\/strong> El<\/span><\/p>\n<p><span style=\"font-size: medium;\"> <\/span><\/p>\n<p><span style=\"font-size: medium;\">hecho de que <strong>la econom\u00eda traspase cada vez mayor riqueza de los trabajadores a los grupos<\/strong><\/span><\/p>\n<p><span style=\"font-size: medium;\"> <\/span><\/p>\n<p><span style=\"font-size: medium;\"><strong>acomodados <\/strong>en lugar de satisfacer las necesidades de cada uno de los individuos de una poblaci\u00f3n<\/span><\/p>\n<p><span style=\"font-size: medium;\"> <\/span><\/p>\n<p><span style=\"font-size: medium;\">dada, independientemente de su condici\u00f3n vital, es algo que se acepta como el orden natural de las<\/span><\/p>\n<p><span style=\"font-size: medium;\"> <\/span><\/p>\n<p><span style=\"font-size: medium;\">cosas.<\/span><\/p>\n<p><span style=\"font-size: medium;\"> <\/span><\/p>\n<p><span style=\"font-size: medium;\"> <\/span><\/p>\n<p><span style=\"font-size: medium;\"> <\/span><\/p>\n<p><span style=\"font-size: medium;\"> <\/span><\/p>\n<p><span style=\"font-size: medium;\"> <\/span><\/p>\n<p><span style=\"font-size: medium;\">La elite neoliberal de los Estados Unidos \u2013y ahora tambi\u00e9n de<\/span><\/p>\n<p><span style=\"font-size: medium;\"> <\/span><\/p>\n<p><span style=\"font-size: medium;\">Europa y de la mayor parte del planeta\u2013 sin duda ha marchado por todas nuestras instituciones<\/span><\/p>\n<p><span style=\"font-size: medium;\"> <\/span><\/p>\n<p><span style=\"font-size: medium;\">p\u00fablicas y privadas, de modo que ahora <strong>disfrutan de un monopolio virtual sobre la mentalidad de la<\/strong><\/span><\/p>\n<p><span style=\"font-size: medium;\"> <\/span><\/p>\n<p><span style=\"font-size: medium;\"><strong>gente normal y corriente<\/strong><strong>.<\/strong><\/span><\/p>\n<p><span style=\"font-size: medium;\"> <\/span><\/p>\n<p><span style=\"font-size: medium;\"> <\/span><\/p>\n<p><span style=\"font-size: medium;\"> <\/span><\/p>\n<p><span style=\"font-size: medium;\"><strong><em>. <\/em><\/strong><strong>Las ra\u00edces ideol\u00f3gicas del neoliberalismo<\/strong><\/span><\/p>\n<p><span style=\"font-size: medium;\"> <\/span><\/p>\n<p><span style=\"font-size: medium;\">Peter Mandelson, amigo \u00edntimo y asesor de Tony Blair, es, junto con Anthony Giddens, el inventor<\/span><\/p>\n<p><span style=\"font-size: medium;\"> <\/span><\/p>\n<p><span style=\"font-size: medium;\">de la \u201ctercera v\u00eda\u201d. Actualmente es el comisario europeo de Comercio, y sigue siendo una figura<\/span><\/p>\n<p><span style=\"font-size: medium;\"> <\/span><\/p>\n<p><span style=\"font-size: medium;\">poderosa en el Partido Laborista. As\u00ed, puede que a m\u00e1s de uno le sorprenda que, en junio de 2002,<\/span><\/p>\n<p><span style=\"font-size: medium;\"> <\/span><\/p>\n<p><span style=\"font-size: medium;\">Mandelson proclamara ante un p\u00fablico que inclu\u00eda a la flor y nata del laborismo brit\u00e1nico y a varias<\/span><\/p>\n<p><span style=\"font-size: medium;\"> <\/span><\/p>\n<p><span style=\"font-size: medium;\">personalidades como Bill Clinton que \u201cahora todos somos thatcheristas\u201d.<\/span><\/p>\n<p><span style=\"font-size: medium;\"> <\/span><\/p>\n<p><span style=\"font-size: medium;\"> <\/span><\/p>\n<p><span style=\"font-size: medium;\"> <\/span><\/p>\n<p><span style=\"font-size: medium;\"><strong>Al parecer, a Mandelson no se le pas\u00f3 por la cabeza que esas derrotas podr\u00edan ser fruto de un voto<\/strong><\/span><\/p>\n<p><span style=\"font-size: medium;\"> <\/span><\/p>\n<p><span style=\"font-size: medium;\"><strong>de protesta contra el giro a la derecha de esos supuestos gobiernos progresistas<\/strong>. En lugar de eso,<\/span><\/p>\n<p><span style=\"font-size: medium;\"> <\/span><\/p>\n<p><span style=\"font-size: medium;\">lleg\u00f3 a la conclusi\u00f3n de que el electorado clamaba por una \u201creforma\u201d que estuviera en la l\u00ednea de la<\/span><\/p>\n<p><span style=\"font-size: medium;\"> <\/span><\/p>\n<p><span style=\"font-size: medium;\">que hab\u00eda impuesto anteriormente Margaret Thatcher sobre una reacia Gran Breta\u00f1a; una reforma<\/span><\/p>\n<p><span style=\"font-size: medium;\"> <\/span><\/p>\n<p><span style=\"font-size: medium;\">que inclu\u00eda cosas como la privatizaci\u00f3n a gran escala de servicios p\u00fablicos y \u201cflexibilidad\u201d para los<\/span><\/p>\n<p><span style=\"font-size: medium;\"> <\/span><\/p>\n<p><span style=\"font-size: medium;\">mercados con respecto a bienes, servicios, capital y, sobre todo, la mano de obra.<\/span><\/p>\n<p><span style=\"font-size: medium;\"> <\/span><\/p>\n<p><span style=\"font-size: medium;\"> <\/span><\/p>\n<p><span style=\"font-size: medium;\"> <\/span><\/p>\n<p><span style=\"font-size: medium;\">\u00bfQu\u00e9 es el thatcherismo, entonces? \u00bfY qui\u00e9nes son los \u201cthatcheristas\u201d \u2013incluidos los reaganistas, los<\/span><\/p>\n<p><span style=\"font-size: medium;\"> <\/span><\/p>\n<p><span style=\"font-size: medium;\">bushistas, etc.\u2013 si todos los amigos de Peter se han sumado ahora a sus filas? \u00bfEn qu\u00e9 consiste su<\/span><\/p>\n<p><span style=\"font-size: medium;\"> <\/span><\/p>\n<p><span style=\"font-size: medium;\">doctrina y qu\u00e9 mentiras se esconden tras su ideolog\u00eda? \u00bfPor qu\u00e9 est\u00e1 doctrina se ha convertido en la<\/span><\/p>\n<p><span style=\"font-size: medium;\"> <\/span><\/p>\n<p><span style=\"font-size: medium;\">corriente dominante en todo el mundo, no s\u00f3lo entre los partidarios de la derecha tradicional o<\/span><\/p>\n<p><span style=\"font-size: medium;\"> <\/span><\/p>\n<p><span style=\"font-size: medium;\">extrema, sino tambi\u00e9n dentro del Partido Dem\u00f3crata de los Estados Unidos y entre los<\/span><\/p>\n<p><span style=\"font-size: medium;\"> <\/span><\/p>\n<p><span style=\"font-size: medium;\">socialdem\u00f3cratas europeos? Se trata de cuestiones que claman por respuestas.<\/span><\/p>\n<p><span style=\"font-size: medium;\"> <\/span><\/p>\n<p><span style=\"font-size: medium;\"> <\/span><\/p>\n<p><span style=\"font-size: medium;\"> <\/span><\/p>\n<p><span style=\"font-size: medium;\"> <\/span><\/p>\n<p><span style=\"font-size: medium;\"> <\/span><\/p>\n<p><span style=\"font-size: medium;\">A estas alturas, casi todo el mundo conoce la respuesta de la primera pregunta. <strong>El thatcherismo es<\/strong><\/span><\/p>\n<p><span style=\"font-size: medium;\"> <\/span><\/p>\n<p><span style=\"font-size: medium;\"><strong>una doctrina que nos pide que depositemos nuestra confianza en la libertad de mercado, la<\/strong><\/span><\/p>\n<p><span style=\"font-size: medium;\"> <\/span><\/p>\n<p><span style=\"font-size: medium;\"><strong>econom\u00eda monetarista, elevados gastos en defensa, la privatizaci\u00f3n de los servicios p\u00fablicos, las<\/strong><\/span><\/p>\n<p><span style=\"font-size: medium;\"> <\/span><\/p>\n<p><span style=\"font-size: medium;\"><strong>rebajas fiscales para las mayores rentas, el control de los sindicatos, la oposici\u00f3n general al estado del bienestar, la simpat\u00eda por el sector empresarial<\/strong> y \u2013como se encargaba de repetir varias veces la ahora difunta Constituci\u00f3n Europea\u2013 una competencia \u201clibre y que no est\u00e9 falseada\u201d.<\/span><\/p>\n<p><span style=\"font-size: medium;\"> <\/span><\/p>\n<p><span style=\"font-size: medium;\"> <\/span><\/p>\n<p><span style=\"font-size: medium;\"> <\/span><\/p>\n<p><span style=\"font-size: medium;\">Sin embargo, el concepto de thatcherismo exige que excavemos un poco m\u00e1s en su yacimiento<\/span><\/p>\n<p><span style=\"font-size: medium;\"> <\/span><\/p>\n<p><span style=\"font-size: medium;\">arqueol\u00f3gico para descubrir sus cimientos. Margaret Thatcher no sali\u00f3 ya equipada y armada de la<\/span><\/p>\n<p><span style=\"font-size: medium;\"> <\/span><\/p>\n<p><span style=\"font-size: medium;\">cabeza de Zeus ni tampoco era, en el sentido estricto del t\u00e9rmino, una thatcherista, sino una<\/span><\/p>\n<p><span style=\"font-size: medium;\"> <\/span><\/p>\n<p><span style=\"font-size: medium;\">\u201chayekiana\u201d. Cuenta la historia que un d\u00eda, en la C\u00e1mara de los Comunes, <strong>Thatcher sac\u00f3 un libro de<\/strong><\/span><\/p>\n<p><span style=\"font-size: medium;\"> <\/span><\/p>\n<p><span style=\"font-size: medium;\"><strong>su malet\u00edn, lo dej\u00f3 caer estrepitosamente sobre la mesa y anunci\u00f3 a los diputados presentes: \u201cEsto es lo que creemos\u201d. El libro en cuesti\u00f3n era <\/strong><strong><em>La constituci\u00f3n de la libertad <\/em><\/strong><strong>de Friedrich von Hayek<\/strong>.<\/span><\/p>\n<p><span style=\"font-size: medium;\"> <\/span><\/p>\n<p><span style=\"font-size: medium;\"> <\/span><\/p>\n<p><span style=\"font-size: medium;\"> <\/span><\/p>\n<p><span style=\"font-size: medium;\">Hayek era un economista, jurista y fil\u00f3sofo austr\u00edaco con una capacidad de producci\u00f3n asombrosa.<\/span><\/p>\n<p><span style=\"font-size: medium;\"> <\/span><\/p>\n<p><span style=\"font-size: medium;\">Hab\u00eda observado los primeros pasos del nacionalsocialismo en Austria y se autoexili\u00f3 a Inglaterra<\/span><\/p>\n<p><span style=\"font-size: medium;\"> <\/span><\/p>\n<p><span style=\"font-size: medium;\">ya en 1932, donde imparti\u00f3 clases en la London School of Economics hasta que se traslad\u00f3 a la<\/span><\/p>\n<p><span style=\"font-size: medium;\"> <\/span><\/p>\n<p><span style=\"font-size: medium;\">Universidad de Chicago, donde disfrutar\u00eda de una larga y tremendamente influyente carrera.<\/span><\/p>\n<p><span style=\"font-size: medium;\"> <\/span><\/p>\n<p><span style=\"font-size: medium;\"> <\/span><\/p>\n<p><span style=\"font-size: medium;\"> <\/span><\/p>\n<p><span style=\"font-size: medium;\"> <\/span><\/p>\n<p><span style=\"font-size: medium;\"> <\/span><\/p>\n<p><span style=\"font-size: medium;\">Teniendo en cuenta que escribi\u00f3 m\u00e1s de veinte libros, un sinf\u00edn de art\u00edculos y que dej\u00f3 su huella en<\/span><\/p>\n<p><span style=\"font-size: medium;\"> <\/span><\/p>\n<p><span style=\"font-size: medium;\">varias generaciones de estudiantes, lo \u00fanico que puedo hacer en estas l\u00edneas es intentar presentar un<\/span><\/p>\n<p><span style=\"font-size: medium;\"> <\/span><\/p>\n<p><span style=\"font-size: medium;\">breve e insuficiente resumen de su pensamiento.<\/span><\/p>\n<p><span style=\"font-size: medium;\"> <\/span><\/p>\n<p><span style=\"font-size: medium;\">Seg\u00fan la visi\u00f3n preponderante entre los historiadores econ\u00f3micos, Hayek perdi\u00f3 la gran batalla<\/span><\/p>\n<p><span style=\"font-size: medium;\"> <\/span><\/p>\n<p><span style=\"font-size: medium;\">te\u00f3rica contra John Maynard Keynes en la d\u00e9cada de 1930<\/span><\/p>\n<p><span style=\"font-size: medium;\"> <\/span><\/p>\n<p><span style=\"font-size: medium;\">En lugar de informes econ\u00f3micos, empez\u00f3 a elaborar un gran n\u00famero de art\u00edculos pol\u00edticos y cobr\u00f3<\/span><\/p>\n<p><span style=\"font-size: medium;\"> <\/span><\/p>\n<p><span style=\"font-size: medium;\">fama en 1944 con <em>Camino de servidumbre<\/em>, una obra que sigue siendo un cl\u00e1sico entre los<\/span><\/p>\n<p><span style=\"font-size: medium;\"> <\/span><\/p>\n<p><span style=\"font-size: medium;\">neoliberales.<\/span><\/p>\n<p><span style=\"font-size: medium;\"> <\/span><\/p>\n<p><span style=\"font-size: medium;\"> <\/span><\/p>\n<p><span style=\"font-size: medium;\"> <\/span><\/p>\n<p><span style=\"font-size: medium;\">Seg\u00fan Hayek, la justicia social es un espejismo pernicioso. Habr\u00eda que oponerse a las medidas<\/span><\/p>\n<p><span style=\"font-size: medium;\"> <\/span><\/p>\n<p><span style=\"font-size: medium;\">redistributivas \u2013la caracter\u00edstica distintiva del estado del bienestar\u2013 porque est\u00e1n destinadas a ser<\/span><\/p>\n<p><span style=\"font-size: medium;\"> <\/span><\/p>\n<p><span style=\"font-size: medium;\">meramente arbitrarias, y todo lo que es arbitrario acaba conduciendo, inevitablemente, hacia la<\/span><\/p>\n<p><span style=\"font-size: medium;\"> <\/span><\/p>\n<p><span style=\"font-size: medium;\">tiran\u00eda, la \u201cservidumbre\u201d de su t\u00edtulo m\u00e1s famoso.<\/span><\/p>\n<p><span style=\"font-size: medium;\"> <\/span><\/p>\n<p><span style=\"font-size: medium;\">La l\u00f3gica de Hayek ha influido en varias generaciones de neoliberales, pero puede que nunca tanto<\/span><\/p>\n<p><span style=\"font-size: medium;\"> <\/span><\/p>\n<p><span style=\"font-size: medium;\">como en la presente.<\/span><\/p>\n<p><span style=\"font-size: medium;\"> <\/span><\/p>\n<p><span style=\"font-size: medium;\"> <\/span><\/p>\n<p><span style=\"font-size: medium;\"> <\/span><\/p>\n<p><span style=\"font-size: medium;\">Hoy, pocos negar\u00edan que vivimos bajo el dominio casi incontestable de una sociedad dominada por<\/span><\/p>\n<p><span style=\"font-size: medium;\"> <\/span><\/p>\n<p><span style=\"font-size: medium;\">el mercado, ultracompetitiva y globalizada, con su cortejo de desigualdades y violencia cotidiana.<\/span><\/p>\n<p><span style=\"font-size: medium;\"> <\/span><\/p>\n<p><span style=\"font-size: medium;\">\u00bfTenemos la hegemon\u00eda que nos merecemos? Creo que s\u00ed, y por \u201ctenemos\u201d me refiero al movimiento<\/span><\/p>\n<p><span style=\"font-size: medium;\"> <\/span><\/p>\n<p><span style=\"font-size: medium;\">progresista, o a lo que queda de \u00e9l (&#8230;) la \u201cguerra de las ideas\u201d se ha visto tr\u00e1gicamente descuidada,<\/span><\/p>\n<p><span style=\"font-size: medium;\"> <\/span><\/p>\n<p><span style=\"font-size: medium;\">como si todo se redujera a estar \u201cen el bando de los buenos\u201d. <strong>Muchas instituciones p\u00fablicas y<\/strong><\/span><\/p>\n<p><span style=\"font-size: medium;\"> <\/span><\/p>\n<p><span style=\"font-size: medium;\"><strong>privadas que creen sinceramente estar trabajando por un mundo m\u00e1s justo han contribuido<\/strong><\/span><\/p>\n<p><span style=\"font-size: medium;\"> <\/span><\/p>\n<p><span style=\"font-size: medium;\"><strong>activamente al triunfo del neoliberalismo o han permitido pasivamente que se produjera dicho triunfo<\/strong><\/span><\/p>\n<p><span style=\"font-size: medium;\"> <\/span><\/p>\n<p><span style=\"font-size: medium;\">(&#8230;) [<strong>Pero] si reconocemos que un mundo injusto y dominado por el mercado no es algo natural ni<\/strong><\/span><\/p>\n<p><span style=\"font-size: medium;\"> <\/span><\/p>\n<p><span style=\"font-size: medium;\"><strong>inevitable, entonces deber\u00eda ser posible construir un contraproyecto por un mundo distinto<\/strong> (&#8230;) La<\/span><\/p>\n<p><span style=\"font-size: medium;\"> <\/span><\/p>\n<p><span style=\"font-size: medium;\">doctrina econ\u00f3mica que prepondera actualmente no baj\u00f3 del cielo. Es un producto que se ha ido<\/span><\/p>\n<p><span style=\"font-size: medium;\"> <\/span><\/p>\n<p><span style=\"font-size: medium;\">alimentando cuidadosamente durante d\u00e9cadas, a trav\u00e9s del pensamiento, la acci\u00f3n y la propaganda,<\/span><\/p>\n<p><span style=\"font-size: medium;\"> <\/span><\/p>\n<p><span style=\"font-size: medium;\">algo que ha sido comprado y subvencionado por una hermandad estrechamente unida.<\/span><\/p>\n<p><span style=\"font-size: medium;\"> <\/span><\/p>\n<p><span style=\"font-size: medium;\"> <\/span><\/p>\n<p><span style=\"font-size: medium;\"><br \/>\n<\/span><\/p>\n<p><span style=\"font-size: medium;\"> <\/span><\/p>\n<p><span style=\"font-size: medium;\"><strong>Interviene uno de los contertulios<\/strong>: <em>Susan Geoges,es una persona my activa, est\u00e1 muy preocupada  y de como se lleva la econom\u00eda mundial. Me gusta porque se preocupa de los m\u00e1s pobres, y la injusta explotaci\u00f3n del capitalismo<\/em><\/span><\/p>\n<p><span style=\"font-size: medium;\"> <\/span><\/p>\n<p><span style=\"font-size: medium;\"><em><strong>Le contesta el moderador<\/strong>:Te adjunto su curriculum : <\/em><em>Investigadora asociada y presidenta de la Junta del TNI (Transnational Institute)  y presidenta honoraria de Attac-Francia [Asociaci\u00f3n por una Tasa sobre las Transacciones especulativas para Ayuda a los Ciudadano].<\/em><\/span><\/p>\n<p><span style=\"font-size: medium;\"> <\/span><\/p>\n<p><span style=\"font-size: medium;\"><em>Susan George es una de las investigadoras m\u00e1s renombradas del TNI por sus innovadores an\u00e1lisis sobre problemas mundiales. Autora de 14 libros traducidos a numerosos idiomas, habla de su trabajo con convicci\u00f3n; una convicci\u00f3n que comparte con todo el TNI: \u201c<strong>La tarea del cient\u00edfico social responsable es, en primer lugar, desvelar esas fuerzas [de la riqueza, el poder y el control]; en segundo<\/strong> lugar, escribir con claridad sobre ellas (\u2026) con <strong>el fin de que las personas corrientes tengan instrumentos adecuados para la acci\u00f3n;<\/strong> y, por \u00faltimo (\u2026) <strong>adoptar una posici\u00f3n de defensa de los desfavorecidos, los desamparados, las v\u00edctimas de la injusticia<\/strong>\u201d.<\/em><\/span><\/p>\n<p><span style=\"font-size: medium;\"><em>&#8230;&#8230;&#8230;&#8230;&#8230;&#8230;<\/em><\/span><\/p>\n<p><span style=\"font-size: medium;\"><em><strong><span style=\"font-size: large;\">Ver etnopaisaje.com<\/span><\/strong><\/em><\/span><\/p>\n<p><span style=\"font-size: medium;\"><em><strong><span style=\"font-size: large;\">&#8230;&#8230;&#8230;&#8230;&#8230;..<\/span><\/strong><\/em><\/span><\/p>\n<p><span style=\"font-size: medium;\"><em><strong><span style=\"font-size: large;\"><img loading=\"lazy\" decoding=\"async\" class=\"aligncenter size-full wp-image-13282\" title=\"image002\" src=\"http:\/\/www.floracantabrica.com\/wp-content\/uploads\/2011\/06\/image00282.jpg\" alt=\"image002\" width=\"796\" height=\"1031\" srcset=\"http:\/\/www.floracantabrica.com\/wp-content\/uploads\/2011\/06\/image00282.jpg 796w, http:\/\/www.floracantabrica.com\/wp-content\/uploads\/2011\/06\/image00282-231x300.jpg 231w, http:\/\/www.floracantabrica.com\/wp-content\/uploads\/2011\/06\/image00282-790x1024.jpg 790w\" sizes=\"auto, (max-width: 796px) 100vw, 796px\" \/>&#8230;&#8230;&#8230;&#8230;&#8230;&#8230;&#8230;..<\/span><\/strong><\/em><\/span><\/p>\n<p><span style=\"font-size: medium;\"><em><strong><span style=\"font-size: large;\">Oleo de Matias Mayor, 1999<\/span><\/strong><\/em><\/span><\/p>\n<p><span style=\"font-size: medium;\"><em><strong><span style=\"font-size: large;\">&#8230;&#8230;&#8230;&#8230;&#8230;&#8230;&#8230;&#8230;&#8230;&#8230;<br \/>\n<\/span><\/strong><\/em><\/span><\/p>\n<p><span style=\"font-size: medium;\"> <\/span><\/p>\n<p><span style=\"font-size: medium;\"> <\/span><\/p>\n","protected":false},"excerpt":{"rendered":"<p>Tweet&#8230;&#8230;&#8230;&#8230;&#8230;.. Neoliberalismo seg\u00fan Susan George La fabricaci\u00f3n del sentido com\u00fan (o hegemon\u00eda cultural para principiantes) Susan George CASUS BELLI: C\u00d3MO LOS ESTADOS UNIDOS VENDEN LA GUERRA EDITADO POR ACHIN VANAIK Vamos a la tertulia del University College Interviene el moderador: me ha resultado interesante el articulo de Susan George, porque expone con una gran claridad [&hellip;]<\/p>\n","protected":false},"author":1,"featured_media":0,"comment_status":"open","ping_status":"open","sticky":false,"template":"","format":"standard","meta":{"footnotes":""},"categories":[5],"tags":[],"class_list":["post-13242","post","type-post","status-publish","format-standard","hentry","category-etnopaisaje"],"_links":{"self":[{"href":"http:\/\/www.floracantabrica.com\/index.php?rest_route=\/wp\/v2\/posts\/13242","targetHints":{"allow":["GET"]}}],"collection":[{"href":"http:\/\/www.floracantabrica.com\/index.php?rest_route=\/wp\/v2\/posts"}],"about":[{"href":"http:\/\/www.floracantabrica.com\/index.php?rest_route=\/wp\/v2\/types\/post"}],"author":[{"embeddable":true,"href":"http:\/\/www.floracantabrica.com\/index.php?rest_route=\/wp\/v2\/users\/1"}],"replies":[{"embeddable":true,"href":"http:\/\/www.floracantabrica.com\/index.php?rest_route=%2Fwp%2Fv2%2Fcomments&post=13242"}],"version-history":[{"count":19,"href":"http:\/\/www.floracantabrica.com\/index.php?rest_route=\/wp\/v2\/posts\/13242\/revisions"}],"predecessor-version":[{"id":13280,"href":"http:\/\/www.floracantabrica.com\/index.php?rest_route=\/wp\/v2\/posts\/13242\/revisions\/13280"}],"wp:attachment":[{"href":"http:\/\/www.floracantabrica.com\/index.php?rest_route=%2Fwp%2Fv2%2Fmedia&parent=13242"}],"wp:term":[{"taxonomy":"category","embeddable":true,"href":"http:\/\/www.floracantabrica.com\/index.php?rest_route=%2Fwp%2Fv2%2Fcategories&post=13242"},{"taxonomy":"post_tag","embeddable":true,"href":"http:\/\/www.floracantabrica.com\/index.php?rest_route=%2Fwp%2Fv2%2Ftags&post=13242"}],"curies":[{"name":"wp","href":"https:\/\/api.w.org\/{rel}","templated":true}]}}