{"id":12587,"date":"2011-06-14T11:04:55","date_gmt":"2011-06-14T09:04:55","guid":{"rendered":"http:\/\/www.floracantabrica.com\/?p=12587"},"modified":"2011-06-14T11:04:55","modified_gmt":"2011-06-14T09:04:55","slug":"terrorismo-en-la-economia","status":"publish","type":"post","link":"http:\/\/www.floracantabrica.com\/?p=12587","title":{"rendered":"TERRORISMO EN LA ECONOM\u00cdA"},"content":{"rendered":"<p><a href=\"http:\/\/twitter.com\/share?url=http%3A%2F%2Fwww.floracantabrica.com%2F%3Fp%3D12587&amp;count=none&amp;lang=es&amp;via=lorencincoreses&amp;related=Mujerverdosa&amp;text=TERRORISMO EN LA ECONOM\u00cdA - Flora Cant\u00e1brica\" class=\"twitter-share-button\">Tweet<\/a><\/p><p>&#8230;&#8230;&#8230;&#8230;&#8230;&#8230;&#8230;&#8230;&#8230;&#8230;&#8230;.<\/p>\n<p><strong><span style=\"font-size: medium;\">TERRORISMO EN LA ECONOM\u00cdA<\/span><\/strong><\/p>\n<p><strong><span style=\"font-size: medium;\"> <\/span><\/strong><\/p>\n<p><span style=\"font-size: medium;\"><strong>L<\/strong><strong>A COMPLEJA MUERTE DEL NEOLIBERALISMO<\/strong><\/span><\/p>\n<p><strong><span style=\"font-size: medium;\"> <\/span><\/strong><\/p>\n<p><span style=\"font-size: medium;\">OSVALDO MART\u00cdNEZ MART\u00cdNEZ<\/span><\/p>\n<p><span style=\"font-size: medium;\"> <\/span><\/p>\n<p><span style=\"font-size: medium;\">EDITORIAL DE CIENCIAS SOCIALES, LA HABANA, 2007<strong> <\/strong><\/span><\/p>\n<p><strong><span style=\"font-size: medium;\"> <\/span><\/strong><\/p>\n<p><strong><span style=\"font-size: medium;\">Vamos a la tertulia del University College<\/span><\/strong><\/p>\n<p><strong><span style=\"font-size: medium;\"><br \/>\n<\/span><\/strong><\/p>\n<p><strong><span style=\"font-size: medium;\"> <\/span><\/strong><\/p>\n<p><strong><span style=\"font-size: medium;\">El moderador interviene: hoy vamos a comentar el cap\u00edtulo de el libro de Osvaldo Mart\u00ednez, titulado \u201cTERRORISMO EN LA ECONOM\u00cdA\u201d.El autor\u00a0 denuncia las terribles desigualdades sociales que crea el capitalismo y como consecuencia de ello son muchas las personas que sufren un terrorismo psicol\u00f3gico.<\/span><\/strong><\/p>\n<p><strong><span style=\"font-size: medium;\"><br \/>\n<\/span><\/strong><\/p>\n<p><span style=\"font-size: medium;\"><em> <\/em><\/span><\/p>\n<p><span style=\"font-size: medium;\"><em>Por lo general, no establecemos relaci\u00f3n entre el terrorismo y la econom\u00eda, como si esta fuera \u00e1mbito t\u00e9cnico, neutral, imposible de que en \u00e9l algunos ejerzan el terror contra otros. Y no es as\u00ed, porque el sistema econ\u00f3mico mundial dominante, esto es, el capitalismo imperialista, con su traje de lentejuelas de la globalizaci\u00f3n neoliberal, incorpora el terrorismo econ\u00f3mico como parte org\u00e1nica de su modo peculiar de funcionamiento. <\/em><\/span><\/p>\n<p><span style=\"font-size: medium;\"><em><br \/>\n<\/em><\/span><\/p>\n<p><span style=\"font-size: medium;\">Al escuchar la palabra terrorismo pensamos de modo autom\u00e1tico en ataques con bombas, asesinatos, torturas y todo el repertorio de horrores que exhibe la carnicer\u00eda terrorista.<\/span><\/p>\n<p><span style=\"font-size: medium;\"> <\/span><\/p>\n<p><span style=\"font-size: medium;\"><strong>Esta forma de terrorismo no hace estallar bombas, pero funciona 24 horas al d\u00eda con implacable constancia y una alta eficiencia terrorista<\/strong>. Tanto que provoca m\u00e1s muertes por hambre, pobreza, desempleo y enfermedades curables que guerras enteras. No mata por metralla o bala, pero asesina cada d\u00eda por explotaci\u00f3n, por exclusi\u00f3n o por desesperanza a una cifra pavorosa. Solo un ejemplo entre muchos: cada a\u00f1o mueren 13 millones de ni\u00f1os por enfermedades prevenibles y f\u00e1cilmente curables con medicamentos que cuesta centavos de d\u00f3lar producir.<\/span><\/p>\n<p><span style=\"font-size: medium;\"><br \/>\n<\/span><\/p>\n<p><span style=\"font-size: medium;\"> <\/span><\/p>\n<p><span style=\"font-size: medium;\"><strong>El triunfo del neoliberalismo fue la derrota del Estado intervencionista y regulador para abrir paso al mercado desregulado<\/strong>, al mercado ultraliberal acunado por el pensamiento \u00fanico y decidido a hacer una salvaje acumulaci\u00f3n de s\u00faper ganancias despu\u00e9s de tirar por la borda los \u201csuavizadores\u201d sociales tan gratos a la socialdemocracia, y a lanzarse sobre los recursos laborales y naturales del planeta, ahora m\u00e1s a su alcance que nunca gracias a la globalizaci\u00f3n.<\/span><\/p>\n<p><span style=\"font-size: medium;\"><br \/>\n<\/span><\/p>\n<p><span style=\"font-size: medium;\"> <\/span><\/p>\n<p><span style=\"font-size: medium;\"><strong>El mercado desregulado, el Estado reducido a mero guardi\u00e1n del orden<\/strong>, el pensamiento que aseguraba ser absolutamente \u00fanico y los monopolios medi\u00e1ticos que proclamaban que lo sensato consist\u00eda exclusivamente en ser rico y fr\u00edvolo, fueron ingredientes estelares de la oleada neoliberal que en las \u00faltimas tres d\u00e9cadas le sum\u00f3 a la vieja explotaci\u00f3n un factor adicional: el terror econ\u00f3mico en todos los eslabones del sistema y, con especial intensidad, en la relaci\u00f3n con la periferia pobre y subdesarrollada.<\/span><\/p>\n<p><span style=\"font-size: medium;\"><br \/>\n<\/span><\/p>\n<p><span style=\"font-size: medium;\"> <\/span><\/p>\n<p><span style=\"font-size: medium;\"><strong>Este terror econ\u00f3mico potencia la explotaci\u00f3n<\/strong>. Provocan terror ciertamente el hambre, la pobreza, el desempleo, la muerte prematura por desatenci\u00f3n de salud, el analfabetismo, la vida mutilada por la enfermedad, la desinformaci\u00f3n, la incultura y otras desgracias sociales. Pero estas siempre han provocado terror en cualquier etapa de la larga historia del capitalismo.<\/span><\/p>\n<p><span style=\"font-size: medium;\"><br \/>\n<\/span><\/p>\n<p><span style=\"font-size: medium;\"> <\/span><\/p>\n<p><span style=\"font-size: medium;\"><strong>Lo nuevo y distintivo<\/strong> en este capitalismo de la globalizaci\u00f3n neoliberal es que esas desgracias sociales o motivos de terror no solo crecen al lado del avance asombroso de la ciencia y la tecnolog\u00eda, que tienen ya el potencial para desaparecerlas, sino que, a diferencia <\/span><span style=\"font-size: medium;\">de la historia anterior del capitalismo, <strong>el pensamiento dominante no las entiende como defectos o anomal\u00edas del sistema que deben ser enmendados o al menos reducidos.<\/strong><\/span><\/p>\n<p><span style=\"font-size: medium;\"><strong><br \/>\n<\/strong><\/span><\/p>\n<p><span style=\"font-size: medium;\"><strong> <\/strong><\/span><\/p>\n<p><span style=\"font-size: medium;\">Ahora, son consideradas como datos integrantes de una realidad ineludible, de la que no es culpable el sistema, sino la inhabilidad de las personas o de los pa\u00edses para aprovechar las oportunidades que el mercado liberalizado ofrece. <strong>Los inh\u00e1biles e incapaces tienen lo que se merecen y a nadie pueden culpar de su suerte.<\/strong> <strong>El subdesarrollo y la pobreza son \u201cda\u00f1os colaterales\u201d inevitables y nada importantes, <\/strong>que van quedando al paso del espl\u00e9ndido mercado generador de fabulosas fortunas. El subdesarrollo y la pobreza no son m\u00e1s incapacidades del sistema en que existen. Son incapacidades individuales y nacionales para cumplir con las reglas del buen gobierno y la buena econom\u00eda, que llevan al fracaso merecido. No hay responsabilidad con el subdesarrollo y la pobreza. Por tanto, <strong>el \u00fanico enfoque aplicable es el de la caridad.<\/strong><\/span><\/p>\n<p><span style=\"font-size: medium;\"><strong><br \/>\n<\/strong><\/span><\/p>\n<p><span style=\"font-size: medium;\"><strong> <\/strong><\/span><\/p>\n<p><span style=\"font-size: medium;\">Colocados en la posici\u00f3n de mendigos que deben implorar asistencia de caridad, <strong>los pa\u00edses pobres sufren el terrorismo econ\u00f3mico de un sistema que los explota, los excluye y tambi\u00e9n los culpa por ser pobres.<\/strong> \u00c9l ha racionalizado el terror econ\u00f3mico y ha convertido a las v\u00edctimas en culpables.<\/span><\/p>\n<p><span style=\"font-size: medium;\">Otro rasgo nuevo y distintivo es que el sistema no solo ha racionalizado el terror eco<\/span><span style=\"font-size: medium;\">n\u00f3mico. <strong>ha creado agentes terroristas que son los operadores del terror<\/strong> y act\u00faan desde la sombra y el anonimato con armas de alto poder destructivo.<\/span><\/p>\n<p><span style=\"font-size: medium;\"><br \/>\n<\/span><\/p>\n<p><span style=\"font-size: medium;\"><strong>Son los espe<\/strong><\/span><span style=\"font-size: medium;\"><strong>culadores que encuentran en el mercado liberalizado<\/strong> el escenario ideal para atacar con sorpresa y rapidez a v\u00edctimas que son exterminadas.<\/span><\/p>\n<p><span style=\"font-size: medium;\"> <\/span><\/p>\n<p><span style=\"font-size: medium;\">Son las instituciones emblem\u00e1ticas del sistema, (FMI, BM, OMC) las que sintetizan el pensamiento y aportan la metodolog\u00eda para aplicar las decisiones de los reales centros de poder econ\u00f3mico: los niveles ejecutivos de las grandes transnacionales.<\/span><\/p>\n<p><span style=\"font-size: medium;\"><br \/>\n<\/span><\/p>\n<p><span style=\"font-size: medium;\"> <\/span><\/p>\n<p><span style=\"font-size: medium;\"><strong>El capitalismo de nuestros d\u00edas ha convertido la econom\u00eda real, aquella que produce bienes y servicios que satisfacen necesidades humanas, en un pigmeo al lado de la especulaci\u00f3n financiera.<\/strong> En solo 24 horas el mercado financiero globalizado mueve unos tres millones de millones de d\u00f3lares en transacciones que en el 95% nada tienen que ver con movimientos reales de bienes y servicios.<\/span><\/p>\n<p><span style=\"font-size: medium;\"><br \/>\n<\/span><\/p>\n<p><span style=\"font-size: medium;\"> <\/span><\/p>\n<p><span style=\"font-size: medium;\"><strong>En doce pa\u00edses de Am\u00e9rica Latina el servicio anual de la deuda externa es superior al gasto en educaci\u00f3n<\/strong>, en trece pa\u00edses es mayor que el gasto en salud, y en seis es mayor que el gasto en educaci\u00f3n y en salud.<\/span><\/p>\n<p><span style=\"font-size: medium;\"><br \/>\n<\/span><\/p>\n<p><span style=\"font-size: medium;\"> <\/span><\/p>\n<p><span style=\"font-size: medium;\">En Lesotho, donde uno de cada tres adultos est\u00e1 infectado de SIDA, se gasta m\u00e1s en pagar la deuda que en salud.<\/span><\/p>\n<p><span style=\"font-size: medium;\">Eso es terrorismo econ\u00f3mico.<\/span><\/p>\n<p><span style=\"font-size: medium;\"><br \/>\n<\/span><\/p>\n<p><span style=\"font-size: medium;\"> <\/span><\/p>\n<p><span style=\"font-size: medium;\"><strong>Ya no es necesario enviar barcos de guerra<\/strong> y ocupar las aduanas del pa\u00eds deudor para cobrar, como sucedi\u00f3 en varios pa\u00edses latinoamericanos. Ahora basta con enviar una misi\u00f3n del FMI y\/o <strong>amenazar con una mala calificaci\u00f3n de una agencia privada calificadora de riesgo<\/strong>, que son expertas en hacer aparecer como decisiones objetivas del mercado las manipulaciones de las transnacionales y las decisiones de pol\u00edtica que gobiernan el mercado.<\/span><\/p>\n<p><span style=\"font-size: medium;\"><br \/>\n<\/span><\/p>\n<p><span style=\"font-size: medium;\"> <\/span><\/p>\n<p><span style=\"font-size: medium;\">Estas agencias calificadoras de riesgo consagran o condenan de modo inapelable a los pa\u00edses.<\/span><\/p>\n<p><span style=\"font-size: medium;\">No solo se hace terrorismo amenazando con bombas. La <strong>amenaza de una mala calificaci\u00f3n<\/strong> por parte de Moody\u00b4s, Standard and Poor u <strong>otra agencia calificadora de riesgo, provoca tanto terror y puede matar m\u00e1s que muchas bombas,<\/strong> en t\u00e9rminos de pobreza, hambre y desempleo.<\/span><\/p>\n<p><span style=\"font-size: medium;\">Eso es terrorismo econ\u00f3mico<\/span><\/p>\n<p><span style=\"font-size: medium;\"><br \/>\n<\/span><\/p>\n<p><span style=\"font-size: medium;\">El resultado es que el Tercer Mundo produce el <strong>90% del cacao del mundo<\/strong>, pero hace menos del 5% de la producci\u00f3n mundial de chocolate.<\/span><\/p>\n<p><span style=\"font-size: medium;\"><br \/>\n<\/span><\/p>\n<p><span style=\"font-size: medium;\">Esto es terrorismo econ\u00f3mico.<\/span><\/p>\n<p><span style=\"font-size: medium;\">&#8230;&#8230;&#8230;&#8230;&#8230;&#8230;&#8230;&#8230;&#8230;..<\/span><\/p>\n<p><span style=\"font-size: medium;\"><img loading=\"lazy\" decoding=\"async\" class=\"aligncenter size-full wp-image-13358\" title=\"image002\" src=\"http:\/\/www.floracantabrica.com\/wp-content\/uploads\/2011\/06\/image00295.jpg\" alt=\"image002\" width=\"759\" height=\"1060\" srcset=\"http:\/\/www.floracantabrica.com\/wp-content\/uploads\/2011\/06\/image00295.jpg 759w, http:\/\/www.floracantabrica.com\/wp-content\/uploads\/2011\/06\/image00295-214x300.jpg 214w, http:\/\/www.floracantabrica.com\/wp-content\/uploads\/2011\/06\/image00295-733x1024.jpg 733w\" sizes=\"auto, (max-width: 759px) 100vw, 759px\" \/><br \/>\n<\/span><\/p>\n<p><span style=\"font-size: medium;\"> <\/span><\/p>\n","protected":false},"excerpt":{"rendered":"<p>Tweet&#8230;&#8230;&#8230;&#8230;&#8230;&#8230;&#8230;&#8230;&#8230;&#8230;&#8230;. TERRORISMO EN LA ECONOM\u00cdA LA COMPLEJA MUERTE DEL NEOLIBERALISMO OSVALDO MART\u00cdNEZ MART\u00cdNEZ EDITORIAL DE CIENCIAS SOCIALES, LA HABANA, 2007 Vamos a la tertulia del University College El moderador interviene: hoy vamos a comentar el cap\u00edtulo de el libro de Osvaldo Mart\u00ednez, titulado \u201cTERRORISMO EN LA ECONOM\u00cdA\u201d.El autor\u00a0 denuncia las terribles desigualdades sociales que crea [&hellip;]<\/p>\n","protected":false},"author":1,"featured_media":0,"comment_status":"open","ping_status":"open","sticky":false,"template":"","format":"standard","meta":{"footnotes":""},"categories":[5],"tags":[],"class_list":["post-12587","post","type-post","status-publish","format-standard","hentry","category-etnopaisaje"],"_links":{"self":[{"href":"http:\/\/www.floracantabrica.com\/index.php?rest_route=\/wp\/v2\/posts\/12587","targetHints":{"allow":["GET"]}}],"collection":[{"href":"http:\/\/www.floracantabrica.com\/index.php?rest_route=\/wp\/v2\/posts"}],"about":[{"href":"http:\/\/www.floracantabrica.com\/index.php?rest_route=\/wp\/v2\/types\/post"}],"author":[{"embeddable":true,"href":"http:\/\/www.floracantabrica.com\/index.php?rest_route=\/wp\/v2\/users\/1"}],"replies":[{"embeddable":true,"href":"http:\/\/www.floracantabrica.com\/index.php?rest_route=%2Fwp%2Fv2%2Fcomments&post=12587"}],"version-history":[{"count":11,"href":"http:\/\/www.floracantabrica.com\/index.php?rest_route=\/wp\/v2\/posts\/12587\/revisions"}],"predecessor-version":[{"id":13365,"href":"http:\/\/www.floracantabrica.com\/index.php?rest_route=\/wp\/v2\/posts\/12587\/revisions\/13365"}],"wp:attachment":[{"href":"http:\/\/www.floracantabrica.com\/index.php?rest_route=%2Fwp%2Fv2%2Fmedia&parent=12587"}],"wp:term":[{"taxonomy":"category","embeddable":true,"href":"http:\/\/www.floracantabrica.com\/index.php?rest_route=%2Fwp%2Fv2%2Fcategories&post=12587"},{"taxonomy":"post_tag","embeddable":true,"href":"http:\/\/www.floracantabrica.com\/index.php?rest_route=%2Fwp%2Fv2%2Ftags&post=12587"}],"curies":[{"name":"wp","href":"https:\/\/api.w.org\/{rel}","templated":true}]}}